{"id":104,"date":"2019-03-04T15:05:00","date_gmt":"2019-03-04T18:05:00","guid":{"rendered":"https:\/\/osmiss.org.ar\/news2\/?p=104"},"modified":"2022-07-20T16:34:04","modified_gmt":"2022-07-20T19:34:04","slug":"fobias-a-que-le-temes","status":"publish","type":"post","link":"https:\/\/osmiss.org.ar\/news2\/2019\/03\/04\/fobias-a-que-le-temes\/","title":{"rendered":"FOBIAS \u2013 A qu\u00e9 le temes?"},"content":{"rendered":"\n<p class=\"wp-block-paragraph\"><em>Los miedos son una parte normal de la vida. Todos los tenemos en alguna medida. El problema se presenta cuando se vuelven temores compulsivos que afectan tu vida cotidiana y tu tranquilidad. A estos miedos irracionales se les denomina fobias. Sigue leyendo sobre este interesante tema que afecta a millones de personas en el mundo.<\/em><\/p>\n\n\n\n<div style=\"height:100px\" aria-hidden=\"true\" class=\"wp-block-spacer\"><\/div>\n\n\n\n<h3 class=\"wp-block-heading\"><strong><span class=\"has-inline-color has-vivid-cyan-blue-color\">\u00bfQu\u00e9 son las fobias?<\/span><\/strong><\/h3>\n\n\n\n<p class=\"wp-block-paragraph\"><a href=\"http:\/\/www.vidaysalud.com\/su-salud-de-a-a-z\/fobia\/\" target=\"_blank\" rel=\"noreferrer noopener\">Las fobias<\/a>&nbsp;son miedos intensos e irracionales que se sienten al enfrentarse a ciertos objetos, actividades o situaciones que realmente no son tan peligrosos o aterradores ante los ojos de los dem\u00e1s, como volar, hablar en p\u00fablico, entrar en t\u00fanel, o subirte a un elevador. Estos temores pueden ser tan fuertes que no son historias inventadas aquellas de personas que han desistido de conocer alguna maravilla de la vida por miedo a subir a un elevador, o aquellas que han decidido no viajar a otros continentes porque no soportan la idea de volar en avi\u00f3n.<\/p>\n\n\n\n<p class=\"wp-block-paragraph\"><a href=\"http:\/\/www.vidaysalud.com\/diario\/estres-y-salud-mental\/fobias-que-son\/\" target=\"_blank\" rel=\"noreferrer noopener\">Las fobias<\/a>&nbsp;son el&nbsp;<a href=\"http:\/\/www.vidaysalud.com\/su-salud-de-a-a-z\/trastorno-de-ansiedad-generalizada\/\" target=\"_blank\" rel=\"noreferrer noopener\">trastorno de ansiedad<\/a>&nbsp;m\u00e1s com\u00fan en el mundo. \u00bfQu\u00e9 pasa en la cabeza de quien siente una fobia? El miedo intenso genera que se quiera evitar &nbsp;la situaci\u00f3n o el objeto que causa p\u00e1nico. A pesar de que le digas a una persona con fobia que su miedo es irracional, ellos no pueden controlarlo y se obsesionan por evitarlo .<\/p>\n\n\n\n<p class=\"wp-block-paragraph\">Es com\u00fan que esa necesidad de evasi\u00f3n sea tan fuerte que afecte de manera considerable la vida cotidiana&nbsp; y el comportamiento social de quien sufre la fobia. Lo adecuado es que busques ayuda profesional para identificar tu tipo de fobia y en esa medida, tratarla para controlarla o reducirla (reducir el p\u00e1nico que te produce).<\/p>\n\n\n\n<div style=\"height:100px\" aria-hidden=\"true\" class=\"wp-block-spacer\"><\/div>\n\n\n\n<h3 class=\"wp-block-heading\"><strong><span class=\"has-inline-color has-vivid-cyan-blue-color\">Los diferentes tipos de fobias<\/span><\/strong><\/h3>\n\n\n\n<p class=\"wp-block-paragraph\">Para entender bien el tema de las fobias, es importante dividirlas en tres grandes grupos:<\/p>\n\n\n\n<p class=\"wp-block-paragraph\"><strong>1. &nbsp;Agorafobia:&nbsp;<\/strong>es el miedo a encontrarse en lugares o situaciones donde la persona no est\u00e1 acompa\u00f1ada por alguien cercano y teme no encontrar ayuda o escapatoria en caso de que le de un&nbsp;<a href=\"http:\/\/www.vidaysalud.com\/diario\/estres-y-salud-mental\/el-ataque-de-panico-le-tienes-miedo-al-miedo\/\" target=\"_blank\" rel=\"noreferrer noopener\">ataque de p\u00e1nico<\/a>. Suele suceder en lugares aislados, en medio de multitudes o en lugares grandes como un estadio de f\u00fatbol o un centro comercial. Las personas que sufren de este tipo de fobia por lo general no quieren salir de sus casas.<\/p>\n\n\n\n<p class=\"wp-block-paragraph\"><strong>2. &nbsp;<\/strong><a href=\"http:\/\/www.vidaysalud.com\/daily\/estres-y-salud-mental\/adolescentes-y-fobia-social-de-que-se-trata\/\" target=\"_blank\" rel=\"noreferrer noopener\"><strong>Fobia Social<\/strong><\/a><strong>:&nbsp;<\/strong>es el miedo de vivir situaciones que puedan exponer a la persona a cr\u00edticas y humillaciones p\u00fablicas como una fiesta, una reuni\u00f3n de trabajo, un congreso o simplemente caminar en medio de mucha gente. Quienes sufren de este tipo de fobia se sienten muy inc\u00f3modos y act\u00faan con gran timidez en eventos sociales, y por ende prefieren simplemente evitarlos. Generalmente&nbsp;<a href=\"http:\/\/www.vidaysalud.com\/diario\/estres-y-salud-mental\/le-tienes-miedo-a-la-gente-tal-vez-se-trate-de-una-fobia-social\/\" target=\"_blank\" rel=\"noreferrer noopener\">la Fobia Social<\/a>&nbsp;sucede en todo tipo de situaciones sociales, pero son comunes cuando se trata de hablar en p\u00fablico o presentarse ante mucha gente.<\/p>\n\n\n\n<p class=\"wp-block-paragraph\"><strong>3. &nbsp;Fobias Espec\u00edficas:<\/strong>&nbsp;son las m\u00e1s comunes. Como su nombre lo indica, se trata del miedo a cosas o situaciones espec\u00edficas como:<\/p>\n\n\n\n<ul class=\"wp-block-list\"><li><strong>Claustrofobia:<\/strong> miedo a estar en lugares encerrados como un t\u00fanel, un avi\u00f3n, un elevador o al transporte p\u00fablico como buses o trenes.<\/li><li><strong>Acrofobia:<\/strong> miedo a las alturas y a lugares altos<\/li><li><strong>Fobia a animales:<\/strong> ratones, serpientes o ara\u00f1as (aracnofobia)<\/li><li><strong>Hidrofobia:<\/strong> miedo al agua<\/li><li><strong>Fobia a la sangre, a las inyecciones y a las heridas<\/strong><\/li><\/ul>\n\n\n\n<div style=\"height:100px\" aria-hidden=\"true\" class=\"wp-block-spacer\"><\/div>\n\n\n\n<h3 class=\"wp-block-heading\"><strong><span class=\"has-inline-color has-vivid-cyan-blue-color\">\u00bfCu\u00e1les son los s\u00edntomas de las fobias?<\/span><\/strong><\/h3>\n\n\n\n<p class=\"wp-block-paragraph\">Como ya he mencionado, tener un temor m\u00e1s all\u00e1 de lo normal a ciertas situaciones, a actividades o a objetos porque temen que la situaci\u00f3n, la actividad o el objeto les haga da\u00f1o. Este miedo se manifiesta f\u00edsicamente as\u00ed:<\/p>\n\n\n\n<ul class=\"wp-block-list\"><li>P\u00e9rdida de control<\/li><li>P\u00e1nico<\/li><li>Estr\u00e9s que se manifiesta con latidos o pulsaciones r\u00e1pidas del coraz\u00f3n (<a href=\"http:\/\/www.vidaysalud.com\/salud-de-a-a-z\/sintomas\/taquicardia\/\" target=\"_blank\" rel=\"noreferrer noopener\">taquicardia<\/a>) y dificultad para respirar<\/li><li>Desmayo<\/li><\/ul>\n\n\n\n<p class=\"wp-block-paragraph\">Las causas de las fobias no se conocen a ciencia cierta y como sucede en la mayor\u00eda de los Trastornos de Ansiedad, las fobias pueden deberse a la influencia de muchos factores a la vez. Puede haber un factor gen\u00e9tico y ambiental (comportamientos aprendidos, situaciones traum\u00e1ticas).<\/p>\n\n\n\n<p class=\"wp-block-paragraph\">La mejor forma de&nbsp;<a rel=\"noreferrer noopener\" href=\"http:\/\/www.vidaysalud.com\/diario\/estres-y-salud-mental\/tratamiento-para-el-trastorno-de-ansiedad-generalizado\/\" target=\"_blank\">tratar las fobias<\/a>&nbsp;cuando no se pueden controlar es acudiendo a un profesional calificado que puede recomendarte psicoterapia o medicamentos para ayudarte a reducir los s\u00edntomas y el miedo que te causa cierta situaci\u00f3n, actividad u objeto. Si tienes alguna fobia, consulta a tu m\u00e9dico para que el miedo no te paralice y no te impida disfrutar plenamente de tu vida.<\/p>\n\n\n\n<div style=\"height:100px\" aria-hidden=\"true\" class=\"wp-block-spacer\"><\/div>\n\n\n\n<pre class=\"wp-block-preformatted\">Nota de referencia: <a href=\"https:\/\/www.vidaysalud.com\/fobias-que-son\/\" data-type=\"URL\" data-id=\"https:\/\/www.vidaysalud.com\/fobias-que-son\/\">www.vidaysalud.com<\/a><\/pre>\n\n\n\n<pre class=\"wp-block-preformatted\">Ver tambi\u00e9n: AATA (Asociaci\u00f3n Argentina de Trastornos de Ansiedad) <a href=\"https:\/\/www.aata.org.ar\/\">www.aata.org.ar<\/a><\/pre>\n","protected":false},"excerpt":{"rendered":"<p>Los miedos son una parte normal de la vida. Todos los tenemos en alguna medida. El problema se presenta cuando se vuelven temores compulsivos que afectan tu vida cotidiana y tu tranquilidad.<\/p>\n","protected":false},"author":1,"featured_media":105,"comment_status":"closed","ping_status":"closed","sticky":false,"template":"","format":"standard","meta":{"om_disable_all_campaigns":false,"_monsterinsights_skip_tracking":false,"_uf_show_specific_survey":0,"_uf_disable_surveys":false,"footnotes":""},"categories":[23,26],"tags":[],"class_list":["post-104","post","type-post","status-publish","format-standard","has-post-thumbnail","hentry","category-campanadeprevencion","category-promociondelasalud","grid-sizer"],"aioseo_notices":[],"_links":{"self":[{"href":"https:\/\/osmiss.org.ar\/news2\/wp-json\/wp\/v2\/posts\/104","targetHints":{"allow":["GET"]}}],"collection":[{"href":"https:\/\/osmiss.org.ar\/news2\/wp-json\/wp\/v2\/posts"}],"about":[{"href":"https:\/\/osmiss.org.ar\/news2\/wp-json\/wp\/v2\/types\/post"}],"author":[{"embeddable":true,"href":"https:\/\/osmiss.org.ar\/news2\/wp-json\/wp\/v2\/users\/1"}],"replies":[{"embeddable":true,"href":"https:\/\/osmiss.org.ar\/news2\/wp-json\/wp\/v2\/comments?post=104"}],"version-history":[{"count":2,"href":"https:\/\/osmiss.org.ar\/news2\/wp-json\/wp\/v2\/posts\/104\/revisions"}],"predecessor-version":[{"id":1058,"href":"https:\/\/osmiss.org.ar\/news2\/wp-json\/wp\/v2\/posts\/104\/revisions\/1058"}],"wp:featuredmedia":[{"embeddable":true,"href":"https:\/\/osmiss.org.ar\/news2\/wp-json\/wp\/v2\/media\/105"}],"wp:attachment":[{"href":"https:\/\/osmiss.org.ar\/news2\/wp-json\/wp\/v2\/media?parent=104"}],"wp:term":[{"taxonomy":"category","embeddable":true,"href":"https:\/\/osmiss.org.ar\/news2\/wp-json\/wp\/v2\/categories?post=104"},{"taxonomy":"post_tag","embeddable":true,"href":"https:\/\/osmiss.org.ar\/news2\/wp-json\/wp\/v2\/tags?post=104"}],"curies":[{"name":"wp","href":"https:\/\/api.w.org\/{rel}","templated":true}]}}