{"id":1045,"date":"2022-02-09T15:57:00","date_gmt":"2022-02-09T18:57:00","guid":{"rendered":"https:\/\/osmiss.org.ar\/news2\/?p=1045"},"modified":"2022-07-20T16:00:34","modified_gmt":"2022-07-20T19:00:34","slug":"covid-19-sintomas-y-cuidados","status":"publish","type":"post","link":"https:\/\/osmiss.org.ar\/news2\/2022\/02\/09\/covid-19-sintomas-y-cuidados\/","title":{"rendered":"COVID-19 &#8211; S\u00edntomas y cuidados"},"content":{"rendered":"\n<p class=\"wp-block-paragraph\">Informaci\u00f3n actualizada sobre el Coronavirus. <br>Informaci\u00f3n provista por la <strong>Superintendencia de Servicios de Salud (<a href=\"https:\/\/www.argentina.gob.ar\/sssalud\">SSSalud<\/a>), Organo de Control<\/strong> de nuestra Obra Social. <\/p>\n\n\n\n<div style=\"height:100px\" aria-hidden=\"true\" class=\"wp-block-spacer\"><\/div>\n\n\n\n<h2 class=\"wp-block-heading\"> S\u00edntomas y cuidados <\/h2>\n\n\n\n<p class=\"wp-block-paragraph\">El Ministerio de Salud sugiere seguir teniendo el cuenta los siguientes cuidados:<\/p>\n\n\n\n<figure class=\"wp-block-image size-large\"><img loading=\"lazy\" decoding=\"async\" width=\"724\" height=\"1024\" src=\"https:\/\/osmiss.org.ar\/news2\/wp-content\/uploads\/2022\/07\/news-20220719-sintomas-y-cuidados-724x1024.jpg\" alt=\"Covid-19-sintomas-y-cuidados\" class=\"wp-image-1003\" srcset=\"https:\/\/osmiss.org.ar\/news2\/wp-content\/uploads\/2022\/07\/news-20220719-sintomas-y-cuidados-724x1024.jpg 724w, https:\/\/osmiss.org.ar\/news2\/wp-content\/uploads\/2022\/07\/news-20220719-sintomas-y-cuidados-212x300.jpg 212w, https:\/\/osmiss.org.ar\/news2\/wp-content\/uploads\/2022\/07\/news-20220719-sintomas-y-cuidados-768x1086.jpg 768w, https:\/\/osmiss.org.ar\/news2\/wp-content\/uploads\/2022\/07\/news-20220719-sintomas-y-cuidados-1086x1536.jpg 1086w, https:\/\/osmiss.org.ar\/news2\/wp-content\/uploads\/2022\/07\/news-20220719-sintomas-y-cuidados-1448x2048.jpg 1448w, https:\/\/osmiss.org.ar\/news2\/wp-content\/uploads\/2022\/07\/news-20220719-sintomas-y-cuidados-42x60.jpg 42w, https:\/\/osmiss.org.ar\/news2\/wp-content\/uploads\/2022\/07\/news-20220719-sintomas-y-cuidados.jpg 1754w\" sizes=\"auto, (max-width: 724px) 100vw, 724px\" \/><figcaption>S\u00edntomas y cuidados<\/figcaption><\/figure>\n","protected":false},"excerpt":{"rendered":"<p>Informaci\u00f3n actualizada sobre el Coronavirus. Informaci\u00f3n provista por la Superintendencia de Servicios de Salud (SSSalud), Organo de Control de nuestra Obra Social. S\u00edntomas y cuidados El Ministerio de Salud sugiere seguir teniendo el cuenta los &hellip; <\/p>\n","protected":false},"author":1,"featured_media":1035,"comment_status":"closed","ping_status":"closed","sticky":false,"template":"","format":"standard","meta":{"om_disable_all_campaigns":false,"_monsterinsights_skip_tracking":false,"_uf_show_specific_survey":0,"_uf_disable_surveys":false,"footnotes":""},"categories":[23,26],"tags":[15,6,61,111,113,114],"class_list":["post-1045","post","type-post","status-publish","format-standard","has-post-thumbnail","hentry","category-campanadeprevencion","category-promociondelasalud","tag-coronavirus","tag-covid-19","tag-cuidado-de-la-salud","tag-prevencion","tag-promocion","tag-promocion-y-prevencion","grid-sizer"],"aioseo_notices":[],"_links":{"self":[{"href":"https:\/\/osmiss.org.ar\/news2\/wp-json\/wp\/v2\/posts\/1045","targetHints":{"allow":["GET"]}}],"collection":[{"href":"https:\/\/osmiss.org.ar\/news2\/wp-json\/wp\/v2\/posts"}],"about":[{"href":"https:\/\/osmiss.org.ar\/news2\/wp-json\/wp\/v2\/types\/post"}],"author":[{"embeddable":true,"href":"https:\/\/osmiss.org.ar\/news2\/wp-json\/wp\/v2\/users\/1"}],"replies":[{"embeddable":true,"href":"https:\/\/osmiss.org.ar\/news2\/wp-json\/wp\/v2\/comments?post=1045"}],"version-history":[{"count":1,"href":"https:\/\/osmiss.org.ar\/news2\/wp-json\/wp\/v2\/posts\/1045\/revisions"}],"predecessor-version":[{"id":1046,"href":"https:\/\/osmiss.org.ar\/news2\/wp-json\/wp\/v2\/posts\/1045\/revisions\/1046"}],"wp:featuredmedia":[{"embeddable":true,"href":"https:\/\/osmiss.org.ar\/news2\/wp-json\/wp\/v2\/media\/1035"}],"wp:attachment":[{"href":"https:\/\/osmiss.org.ar\/news2\/wp-json\/wp\/v2\/media?parent=1045"}],"wp:term":[{"taxonomy":"category","embeddable":true,"href":"https:\/\/osmiss.org.ar\/news2\/wp-json\/wp\/v2\/categories?post=1045"},{"taxonomy":"post_tag","embeddable":true,"href":"https:\/\/osmiss.org.ar\/news2\/wp-json\/wp\/v2\/tags?post=1045"}],"curies":[{"name":"wp","href":"https:\/\/api.w.org\/{rel}","templated":true}]}}