{"id":1077,"date":"2022-11-14T13:40:30","date_gmt":"2022-11-14T16:40:30","guid":{"rendered":"https:\/\/osmiss.org.ar\/news2\/?p=1077"},"modified":"2024-09-13T13:06:11","modified_gmt":"2024-09-13T16:06:11","slug":"1411-diabetes-dia-mundial-de-la-diabetes","status":"publish","type":"post","link":"https:\/\/osmiss.org.ar\/news2\/2022\/11\/14\/1411-diabetes-dia-mundial-de-la-diabetes\/","title":{"rendered":"14|11 DIABETES &#8211; D\u00eda Mundial de la Diabetes"},"content":{"rendered":"\n<p class=\"wp-block-paragraph\">El d\u00eda mundial de la diabetes se celebra cada a\u00f1o el 14 de noviembre y fue introducido por la Federaci\u00f3n Internacional de la Diabetes (FID) y la Organizaci\u00f3n Mundial de la Salud (OMS) en 1991 debido al preocupante aumento en la incidencia de Diabetes alrededor del mundo.<\/p>\n\n\n\n<p class=\"wp-block-paragraph\">El d\u00eda mundial re\u00fane a millones de personas en m\u00e1s de 160 pa\u00edses para aumentar la concienciaci\u00f3n sobre la Diabetes incluyendo ni\u00f1os y adultos afectados por la enfermedad, profesionales sanitarios, individuos con poder de decisi\u00f3n en materia sanitaria y los medios de comunicaci\u00f3n.<\/p>\n\n\n\n<p class=\"wp-block-paragraph\">Entre las actividades que se desarrollan cada a\u00f1o son:<\/p>\n\n\n\n<ul class=\"wp-block-list\">\n<li>Actividades deportivas<\/li>\n\n\n\n<li>Proyecciones gratuitas sobre la diabetes y sus complicaciones<\/li>\n\n\n\n<li>Encuentros informativos p\u00fablicos<\/li>\n\n\n\n<li>Campa\u00f1as de carteles y folletos<\/li>\n\n\n\n<li>Exposiciones y talleres sobre la diabetes<\/li>\n\n\n\n<li>Ruedas de prensa<\/li>\n\n\n\n<li>Art\u00edculos en peri\u00f3dicos y revistas<\/li>\n\n\n\n<li>Actividades para ni\u00f1os y adolescentes<\/li>\n\n\n\n<li>Iluminaci\u00f3n de monumentos<\/li>\n\n\n\n<li>C\u00edrculos azules humanos<\/li>\n\n\n\n<li>Marchas<\/li>\n\n\n\n<li>Carreras<\/li>\n\n\n\n<li>Carreras de bicicleta<\/li>\n\n\n\n<li>Programas de radio y televisi\u00f3n<\/li>\n<\/ul>\n\n\n\n<div style=\"height:100px\" aria-hidden=\"true\" class=\"wp-block-spacer\"><\/div>\n\n\n\n<h2 class=\"has-text-align-center has-vivid-cyan-blue-color has-text-color wp-block-heading\">El logotipo del D\u00eda Mundial de la Diabetes<\/h2>\n\n\n<div class=\"wp-block-image\">\n<figure class=\"aligncenter size-full is-resized\"><img loading=\"lazy\" decoding=\"async\" src=\"https:\/\/osmiss.org.ar\/news2\/wp-content\/uploads\/2022\/11\/diamundialdiabetes.jpg\" alt=\"\" class=\"wp-image-1079\" width=\"502\" height=\"283\" srcset=\"https:\/\/osmiss.org.ar\/news2\/wp-content\/uploads\/2022\/11\/diamundialdiabetes.jpg 1004w, https:\/\/osmiss.org.ar\/news2\/wp-content\/uploads\/2022\/11\/diamundialdiabetes-300x169.jpg 300w, https:\/\/osmiss.org.ar\/news2\/wp-content\/uploads\/2022\/11\/diamundialdiabetes-768x432.jpg 768w, https:\/\/osmiss.org.ar\/news2\/wp-content\/uploads\/2022\/11\/diamundialdiabetes-107x60.jpg 107w\" sizes=\"auto, (max-width: 502px) 100vw, 502px\" \/><\/figure>\n<\/div>\n\n\n<p class=\"has-text-align-center has-medium-font-size wp-block-paragraph\"><em>El logotipo del D\u00eda Mundial de la Diabetes es un c\u00edrculo azul &#8211; el s\u00edmbolo mundial de la diabetes que fue creado como parte de la campa\u00f1a de concienciaci\u00f3n &#8220;Unidos por la Diabetes&#8221;. El logotipo fue adoptado en 2007 para conmemorar la aprobaci\u00f3n de la Resoluci\u00f3n de Naciones Unidas sobre el D\u00eda Mundial de la Diabetes. El significado del s\u00edmbolo del c\u00edrculo azul es incre\u00edblemente positivo. En muchas culturas, el c\u00edrculo simboliza la vida y la salud. El color azul representa el cielo que une a todas las naciones, y es el color de la bandera de Naciones Unidas. El c\u00edrculo azul simboliza la unidad de la comunidad internacional de la diabetes en respuesta a la pandemia de la diabetes.<\/em><\/p>\n\n\n\n<div style=\"height:100px\" aria-hidden=\"true\" class=\"wp-block-spacer\"><\/div>\n\n\n\n<hr class=\"wp-block-separator has-alpha-channel-opacity\"\/>\n\n\n\n<div class=\"wp-block-media-text alignwide has-media-on-the-right is-stacked-on-mobile is-vertically-aligned-center has-background\" style=\"background-color:#f1f5c7;grid-template-columns:auto 40%\"><div class=\"wp-block-media-text__content\">\n<div class=\"wp-block-group\" style=\"padding-top:2em;padding-right:2em;padding-bottom:2em;padding-left:2em\"><div class=\"wp-block-group__inner-container is-layout-flow wp-block-group-is-layout-flow\">\n<p class=\"wp-block-paragraph\" style=\"font-size:36px;line-height:1.2\">Diabetes<\/p>\n\n\n\n<p class=\"has-text-align-left has-vivid-cyan-blue-color has-text-color has-large-font-size wp-block-paragraph\"><a href=\"https:\/\/osmiss.org.ar\/news2\/2022\/11\/14\/1411-diabetes-causas\/\" data-type=\"URL\" data-id=\"https:\/\/osmiss.org.ar\/news2\/2022\/11\/14\/1411-diabetes-causas\/\">\u00bfQu\u00e9 es?<\/a><\/p>\n\n\n\n<p class=\"has-text-align-left has-vivid-cyan-blue-color has-text-color has-large-font-size wp-block-paragraph\"><a href=\"https:\/\/osmiss.org.ar\/news2\/2022\/11\/14\/1411-diabetes-causas\/\" data-type=\"URL\" data-id=\"https:\/\/osmiss.org.ar\/news2\/2022\/11\/14\/1411-diabetes-causas\/\">Causas<\/a><\/p>\n<\/div><\/div>\n<\/div><figure class=\"wp-block-media-text__media\"><img loading=\"lazy\" decoding=\"async\" width=\"512\" height=\"512\" src=\"https:\/\/osmiss.org.ar\/news2\/wp-content\/uploads\/2022\/11\/1754330.png\" alt=\"\" class=\"wp-image-1129 size-full\" srcset=\"https:\/\/osmiss.org.ar\/news2\/wp-content\/uploads\/2022\/11\/1754330.png 512w, https:\/\/osmiss.org.ar\/news2\/wp-content\/uploads\/2022\/11\/1754330-300x300.png 300w, https:\/\/osmiss.org.ar\/news2\/wp-content\/uploads\/2022\/11\/1754330-150x150.png 150w, https:\/\/osmiss.org.ar\/news2\/wp-content\/uploads\/2022\/11\/1754330-60x60.png 60w\" sizes=\"auto, (max-width: 512px) 100vw, 512px\" \/><\/figure><\/div>\n\n\n\n<div class=\"wp-block-media-text alignwide is-stacked-on-mobile is-vertically-aligned-center has-background\" style=\"background-color:#fffdea;grid-template-columns:40% auto\"><figure class=\"wp-block-media-text__media\"><img loading=\"lazy\" decoding=\"async\" width=\"512\" height=\"512\" src=\"https:\/\/osmiss.org.ar\/news2\/wp-content\/uploads\/2022\/11\/insulina.png\" alt=\"\" class=\"wp-image-1090 size-full\" srcset=\"https:\/\/osmiss.org.ar\/news2\/wp-content\/uploads\/2022\/11\/insulina.png 512w, https:\/\/osmiss.org.ar\/news2\/wp-content\/uploads\/2022\/11\/insulina-300x300.png 300w, https:\/\/osmiss.org.ar\/news2\/wp-content\/uploads\/2022\/11\/insulina-150x150.png 150w, https:\/\/osmiss.org.ar\/news2\/wp-content\/uploads\/2022\/11\/insulina-60x60.png 60w\" sizes=\"auto, (max-width: 512px) 100vw, 512px\" \/><\/figure><div class=\"wp-block-media-text__content\">\n<div class=\"wp-block-group\" style=\"padding-top:2em;padding-right:2em;padding-bottom:2em;padding-left:2em\"><div class=\"wp-block-group__inner-container is-layout-flow wp-block-group-is-layout-flow\">\n<p class=\"has-vivid-cyan-blue-color has-text-color wp-block-paragraph\" style=\"font-size:36px;line-height:1.2\"><a href=\"https:\/\/osmiss.org.ar\/news2\/2022\/11\/14\/1411-diabetes-complicaciones\/\" data-type=\"URL\" data-id=\"https:\/\/osmiss.org.ar\/news2\/2022\/11\/14\/1411-diabetes-complicaciones\/\">Complicaciones<\/a> y <\/p>\n\n\n\n<p class=\"has-vivid-cyan-blue-color has-text-color has-large-font-size wp-block-paragraph\" style=\"font-size:36px;line-height:1.2\"><a href=\"https:\/\/osmiss.org.ar\/news2\/2022\/11\/14\/1411-diabetes-prevencion\/\">Prevenci\u00f3n<\/a><\/p>\n<\/div><\/div>\n<\/div><\/div>\n\n\n\n<h4 class=\"has-vivid-cyan-blue-color has-text-color wp-block-heading\">Diabetes nota completa:<\/h4>\n\n\n\n<div class=\"wp-block-buttons is-content-justification-space-between is-layout-flex wp-container-core-buttons-is-layout-cfe5ce44 wp-block-buttons-is-layout-flex\">\n<div class=\"wp-block-button has-custom-font-size is-style-outline is-style-outline--1\" style=\"font-size:24px;font-style:normal;font-weight:200\"><a class=\"wp-block-button__link has-vivid-cyan-blue-color has-text-color wp-element-button\" href=\"https:\/\/osmiss.org.ar\/news2\/2022\/11\/14\/1411-diabetes-causas\/\" style=\"border-radius:0px\">\u00bfQu\u00e9 es?<\/a><\/div>\n\n\n\n<div class=\"wp-block-button has-custom-font-size is-style-outline is-style-outline--2\" style=\"font-size:24px;font-style:normal;font-weight:200\"><a class=\"wp-block-button__link has-vivid-cyan-blue-color has-text-color wp-element-button\" href=\"https:\/\/osmiss.org.ar\/news2\/2022\/11\/14\/1411-diabetes-causas\/\" style=\"border-radius:0px\">Causas<\/a><\/div>\n\n\n\n<div class=\"wp-block-button has-custom-font-size is-style-outline is-style-outline--3\" style=\"font-size:24px;font-style:normal;font-weight:200\"><a class=\"wp-block-button__link has-vivid-cyan-blue-color has-text-color wp-element-button\" href=\"https:\/\/osmiss.org.ar\/news2\/2022\/11\/14\/1411-diabetes-complicaciones\/\" style=\"border-radius:0px\">Complicaciones<\/a><\/div>\n\n\n\n<div class=\"wp-block-button has-custom-font-size is-style-outline is-style-outline--4\" style=\"font-size:24px;font-style:normal;font-weight:200\"><a class=\"wp-block-button__link has-vivid-cyan-blue-color has-text-color wp-element-button\" href=\"https:\/\/osmiss.org.ar\/news2\/2022\/11\/14\/1411-diabetes-prevencion\/\" style=\"border-radius:0px\">Prevenci\u00f3n<\/a><\/div>\n<\/div>\n\n\n\n<div style=\"height:100px\" aria-hidden=\"true\" class=\"wp-block-spacer\"><\/div>\n\n\n\n<h5 class=\"wp-block-heading\">&#8212; Autores &#8212;&#8212;&#8212;<\/h5>\n\n\n\n<div class=\"wp-block-columns is-layout-flex wp-container-core-columns-is-layout-8f761849 wp-block-columns-is-layout-flex\">\n<div class=\"wp-block-column is-layout-flow wp-block-column-is-layout-flow\">\n<figure class=\"wp-block-image size-full\"><img loading=\"lazy\" decoding=\"async\" width=\"400\" height=\"130\" src=\"https:\/\/osmiss.org.ar\/news2\/wp-content\/uploads\/2022\/06\/autor-ing-fernandez.jpg\" alt=\"Ing. N\u00e9stor Fern\u00e1ndez\" class=\"wp-image-949\" srcset=\"https:\/\/osmiss.org.ar\/news2\/wp-content\/uploads\/2022\/06\/autor-ing-fernandez.jpg 400w, https:\/\/osmiss.org.ar\/news2\/wp-content\/uploads\/2022\/06\/autor-ing-fernandez-300x98.jpg 300w, https:\/\/osmiss.org.ar\/news2\/wp-content\/uploads\/2022\/06\/autor-ing-fernandez-185x60.jpg 185w\" sizes=\"auto, (max-width: 400px) 100vw, 400px\" \/><\/figure>\n<\/div>\n\n\n\n<div class=\"wp-block-column is-layout-flow wp-block-column-is-layout-flow\">\n<figure class=\"wp-block-image size-full\"><a href=\"https:\/\/www.funsalud.org.ar\/\"><img loading=\"lazy\" decoding=\"async\" width=\"400\" height=\"130\" src=\"https:\/\/osmiss.org.ar\/news2\/wp-content\/uploads\/2022\/06\/autor-dr-nuri-1.jpg\" alt=\"Dr. Marcelo Nuri\" class=\"wp-image-950\" srcset=\"https:\/\/osmiss.org.ar\/news2\/wp-content\/uploads\/2022\/06\/autor-dr-nuri-1.jpg 400w, https:\/\/osmiss.org.ar\/news2\/wp-content\/uploads\/2022\/06\/autor-dr-nuri-1-300x98.jpg 300w, https:\/\/osmiss.org.ar\/news2\/wp-content\/uploads\/2022\/06\/autor-dr-nuri-1-185x60.jpg 185w\" sizes=\"auto, (max-width: 400px) 100vw, 400px\" \/><\/a><\/figure>\n<\/div>\n<\/div>\n","protected":false},"excerpt":{"rendered":"<p>El d\u00eda mundial de la diabetes se celebra cada a\u00f1o el 14 de noviembre y fue introducido por la Federaci\u00f3n Internacional de la Diabetes (FID) y la Organizaci\u00f3n Mundial de la Salud (OMS) en 1991 &hellip; <\/p>\n","protected":false},"author":4,"featured_media":1099,"comment_status":"closed","ping_status":"closed","sticky":false,"template":"","format":"standard","meta":{"om_disable_all_campaigns":false,"_monsterinsights_skip_tracking":false,"_uf_show_specific_survey":0,"_uf_disable_surveys":false,"footnotes":""},"categories":[23,202,26],"tags":[67,111,113],"class_list":["post-1077","post","type-post","status-publish","format-standard","has-post-thumbnail","hentry","category-campanadeprevencion","category-funsalud","category-promociondelasalud","tag-diabetes","tag-prevencion","tag-promocion","grid-sizer"],"aioseo_notices":[],"_links":{"self":[{"href":"https:\/\/osmiss.org.ar\/news2\/wp-json\/wp\/v2\/posts\/1077","targetHints":{"allow":["GET"]}}],"collection":[{"href":"https:\/\/osmiss.org.ar\/news2\/wp-json\/wp\/v2\/posts"}],"about":[{"href":"https:\/\/osmiss.org.ar\/news2\/wp-json\/wp\/v2\/types\/post"}],"author":[{"embeddable":true,"href":"https:\/\/osmiss.org.ar\/news2\/wp-json\/wp\/v2\/users\/4"}],"replies":[{"embeddable":true,"href":"https:\/\/osmiss.org.ar\/news2\/wp-json\/wp\/v2\/comments?post=1077"}],"version-history":[{"count":11,"href":"https:\/\/osmiss.org.ar\/news2\/wp-json\/wp\/v2\/posts\/1077\/revisions"}],"predecessor-version":[{"id":1134,"href":"https:\/\/osmiss.org.ar\/news2\/wp-json\/wp\/v2\/posts\/1077\/revisions\/1134"}],"wp:featuredmedia":[{"embeddable":true,"href":"https:\/\/osmiss.org.ar\/news2\/wp-json\/wp\/v2\/media\/1099"}],"wp:attachment":[{"href":"https:\/\/osmiss.org.ar\/news2\/wp-json\/wp\/v2\/media?parent=1077"}],"wp:term":[{"taxonomy":"category","embeddable":true,"href":"https:\/\/osmiss.org.ar\/news2\/wp-json\/wp\/v2\/categories?post=1077"},{"taxonomy":"post_tag","embeddable":true,"href":"https:\/\/osmiss.org.ar\/news2\/wp-json\/wp\/v2\/tags?post=1077"}],"curies":[{"name":"wp","href":"https:\/\/api.w.org\/{rel}","templated":true}]}}