{"id":1085,"date":"2022-11-14T14:04:27","date_gmt":"2022-11-14T17:04:27","guid":{"rendered":"https:\/\/osmiss.org.ar\/news2\/?p=1085"},"modified":"2024-09-13T13:02:30","modified_gmt":"2024-09-13T16:02:30","slug":"1411-diabetes-complicaciones","status":"publish","type":"post","link":"https:\/\/osmiss.org.ar\/news2\/2022\/11\/14\/1411-diabetes-complicaciones\/","title":{"rendered":"14|11 DIABETES &#8211; Complicaciones"},"content":{"rendered":"\n<h4 class=\"has-vivid-cyan-blue-color has-text-color wp-block-heading\">Diabetes nota completa:<\/h4>\n\n\n\n<div class=\"wp-block-buttons is-content-justification-space-between is-layout-flex wp-container-core-buttons-is-layout-cfe5ce44 wp-block-buttons-is-layout-flex\">\n<div class=\"wp-block-button has-custom-font-size is-style-outline is-style-outline--1\" style=\"font-size:16px;font-style:normal;font-weight:200\"><a class=\"wp-block-button__link has-vivid-cyan-blue-color has-text-color wp-element-button\" href=\"https:\/\/osmiss.org.ar\/news2\/2022\/11\/14\/1411-diabetes-dia-mundial-de-la-diabetes\/\" style=\"border-radius:0px\">14|11 D\u00eda mundial de la Diabetes<\/a><\/div>\n\n\n\n<div class=\"wp-block-button has-custom-font-size is-style-outline is-style-outline--2\" style=\"font-size:16px;font-style:normal;font-weight:200\"><a class=\"wp-block-button__link has-vivid-cyan-blue-color has-text-color wp-element-button\" href=\"https:\/\/osmiss.org.ar\/news2\/2022\/11\/14\/1411-diabetes-causas\/\" style=\"border-radius:0px\">\u00bfQu\u00e9 es?<\/a><\/div>\n\n\n\n<div class=\"wp-block-button has-custom-font-size is-style-outline is-style-outline--3\" style=\"font-size:16px;font-style:normal;font-weight:200\"><a class=\"wp-block-button__link has-vivid-cyan-blue-color has-text-color wp-element-button\" href=\"https:\/\/osmiss.org.ar\/news2\/2022\/11\/14\/1411-diabetes-causas\/\" style=\"border-radius:0px\">Causas<\/a><\/div>\n\n\n\n<div class=\"wp-block-button has-custom-font-size is-style-outline is-style-outline--4\" style=\"font-size:16px;font-style:normal;font-weight:200\"><a class=\"wp-block-button__link has-vivid-cyan-blue-color has-text-color wp-element-button\" href=\"https:\/\/osmiss.org.ar\/news2\/2022\/11\/14\/1411-diabetes-prevencion\/\" style=\"border-radius:0px\">Prevenci\u00f3n<\/a><\/div>\n<\/div>\n\n\n\n<hr class=\"wp-block-separator has-alpha-channel-opacity\"\/>\n\n\n\n<div style=\"height:60px\" aria-hidden=\"true\" class=\"wp-block-spacer\"><\/div>\n\n\n\n<h1 class=\"has-vivid-cyan-blue-color has-text-color wp-block-heading\">Complicaciones:<\/h1>\n\n\n\n<p class=\"wp-block-paragraph\">Las complicaciones de la diabetes a largo plazo se desarrollan de manera gradual. Cuanto m\u00e1s tiempo hace que tienes diabetes (y cuanto menos controlado est\u00e9 tu nivel de az\u00facar en sangre), mayor riesgo de complicaciones existe. A la larga, las complicaciones de la diabetes pueden provocar una discapacidad o incluso ser mortales. Las posibles complicaciones incluyen las siguientes:<\/p>\n\n\n\n<ul class=\"wp-block-list\">\n<li><strong>Enfermedad cardiovascular. <\/strong><br>La diabetes aumenta dr\u00e1sticamente el riesgo de sufrir diversos problemas cardiovasculares, como arteriopat\u00eda coronaria con dolor de pecho (angina), ataque card\u00edaco, accidente cerebrovascular y estrechamiento de las arterias (aterosclerosis). Si tienes diabetes, eres m\u00e1s propenso a tener una enfermedad card\u00edaca o un accidente cerebrovascular.<br><\/li>\n\n\n\n<li><strong>Da\u00f1o a los nervios (neuropat\u00eda).<\/strong> <br>El exceso de az\u00facar puede da\u00f1ar las paredes de los vasos sangu\u00edneos diminutos (capilares) que alimentan los nervios, especialmente en las piernas. Esto puede provocar hormigueo, entumecimiento, ardor o dolor, que generalmente comienza en las puntas de los dedos de los pies o las manos y se extiende gradualmente hacia arriba.<br>Si no recibes tratamiento, podr\u00edas perder toda la sensibilidad de los miembros afectados. El da\u00f1o en los nervios en relaci\u00f3n con la digesti\u00f3n puede causar problemas con n\u00e1useas, v\u00f3mitos, diarrea o estre\u00f1imiento. En el caso de los hombres, puede dar lugar a la disfunci\u00f3n er\u00e9ctil.<br><\/li>\n\n\n\n<li><strong>Da\u00f1o renal (nefropat\u00eda). <\/strong><br>Los ri\u00f1ones contienen millones de racimos de vasos sangu\u00edneos diminutos (glom\u00e9rulos) que filtran los residuos de la sangre. La diabetes puede da\u00f1ar este delicado sistema de filtrado. El da\u00f1o grave puede conducir a la insuficiencia renal o a la enfermedad renal terminal irreversible, que pueden requerir di\u00e1lisis o un trasplante de ri\u00f1\u00f3n.<br><\/li>\n\n\n\n<li><strong>Da\u00f1o ocular (retinopat\u00eda). <\/strong><br>La diabetes puede da\u00f1ar los vasos sangu\u00edneos de la retina (retinopat\u00eda diab\u00e9tica), que puede conducir a la ceguera. La diabetes tambi\u00e9n aumenta el riesgo de otras afecciones graves de la visi\u00f3n, como cataratas y glaucoma.<br><\/li>\n\n\n\n<li><strong>Da\u00f1os en los pies. <\/strong><br>Los da\u00f1os en los nervios del pie o un flujo sangu\u00edneo insuficiente en los pies aumenta el riesgo de diversas complicaciones en los pies. Si no se tratan, los cortes y las ampollas pueden dar lugar a graves infecciones, que suelen tener una cicatrizaci\u00f3n deficiente. Estas infecciones pueden, en \u00faltima instancia, requerir la amputaci\u00f3n del dedo del pie, del pie o de la pierna.<br><\/li>\n\n\n\n<li><strong>Enfermedades de la piel. <\/strong><br>La diabetes puede volverte m\u00e1s susceptible a tener problemas en la piel, como infecciones bacterianas y mic\u00f3ticas.<br><\/li>\n\n\n\n<li><strong>Deterioro auditivo. <\/strong><br>Los problemas de la audici\u00f3n son comunes en las personas diab\u00e9ticas.<br><\/li>\n\n\n\n<li><strong>Enfermedad de Alzheimer. <\/strong><br>La diabetes tipo 2 puede aumentar el riesgo de tener demencia, como la enfermedad de Alzheimer. Cuanto m\u00e1s deficiente sea el control del nivel de az\u00facar en sangre, mayor ser\u00e1 el riesgo. Aunque existen teor\u00edas de c\u00f3mo pueden estar relacionados estos trastornos, ninguna de ellas se ha demostrado todav\u00eda.<br><\/li>\n\n\n\n<li><strong>Depresi\u00f3n. <\/strong><br>Los s\u00edntomas de depresi\u00f3n son comunes en personas con diabetes tipo 1 y tipo 2. La depresi\u00f3n puede afectar el manejo de la diabetes.<\/li>\n<\/ul>\n\n\n\n<div style=\"height:100px\" aria-hidden=\"true\" class=\"wp-block-spacer\"><\/div>\n\n\n\n<hr class=\"wp-block-separator has-alpha-channel-opacity\"\/>\n\n\n\n<h4 class=\"has-vivid-cyan-blue-color has-text-color wp-block-heading\">Diabetes nota completa:<\/h4>\n\n\n\n<div class=\"wp-block-buttons is-content-justification-space-between is-layout-flex wp-container-core-buttons-is-layout-cfe5ce44 wp-block-buttons-is-layout-flex\">\n<div class=\"wp-block-button has-custom-font-size is-style-outline is-style-outline--5\" style=\"font-size:16px;font-style:normal;font-weight:200\"><a class=\"wp-block-button__link has-vivid-cyan-blue-color has-text-color wp-element-button\" href=\"https:\/\/osmiss.org.ar\/news2\/2022\/11\/14\/1411-diabetes-dia-mundial-de-la-diabetes\/\" style=\"border-radius:0px\">14|11 D\u00eda mundial de la Diabetes<\/a><\/div>\n\n\n\n<div class=\"wp-block-button has-custom-font-size is-style-outline is-style-outline--6\" style=\"font-size:16px;font-style:normal;font-weight:200\"><a class=\"wp-block-button__link has-vivid-cyan-blue-color has-text-color wp-element-button\" href=\"https:\/\/osmiss.org.ar\/news2\/2022\/11\/14\/1411-diabetes-causas\/\" style=\"border-radius:0px\">\u00bfQu\u00e9 es?<\/a><\/div>\n\n\n\n<div class=\"wp-block-button has-custom-font-size is-style-outline is-style-outline--7\" style=\"font-size:16px;font-style:normal;font-weight:200\"><a class=\"wp-block-button__link has-vivid-cyan-blue-color has-text-color wp-element-button\" href=\"https:\/\/osmiss.org.ar\/news2\/2022\/11\/14\/1411-diabetes-causas\/\" style=\"border-radius:0px\">Causas<\/a><\/div>\n\n\n\n<div class=\"wp-block-button has-custom-font-size is-style-outline is-style-outline--8\" style=\"font-size:16px;font-style:normal;font-weight:200\"><a class=\"wp-block-button__link has-vivid-cyan-blue-color has-text-color wp-element-button\" href=\"https:\/\/osmiss.org.ar\/news2\/2022\/11\/14\/1411-diabetes-prevencion\/\" style=\"border-radius:0px\">Prevenci\u00f3n<\/a><\/div>\n<\/div>\n\n\n\n<div style=\"height:100px\" aria-hidden=\"true\" class=\"wp-block-spacer\"><\/div>\n\n\n\n<h5 class=\"wp-block-heading\">&#8212; Autores &#8212;&#8212;&#8212;<\/h5>\n\n\n\n<div class=\"wp-block-columns is-layout-flex wp-container-core-columns-is-layout-8f761849 wp-block-columns-is-layout-flex\">\n<div class=\"wp-block-column is-layout-flow wp-block-column-is-layout-flow\">\n<figure class=\"wp-block-image size-full\"><img loading=\"lazy\" decoding=\"async\" width=\"400\" height=\"130\" src=\"https:\/\/osmiss.org.ar\/news2\/wp-content\/uploads\/2022\/06\/autor-ing-fernandez.jpg\" alt=\"Ing. N\u00e9stor Fern\u00e1ndez\" class=\"wp-image-949\" srcset=\"https:\/\/osmiss.org.ar\/news2\/wp-content\/uploads\/2022\/06\/autor-ing-fernandez.jpg 400w, https:\/\/osmiss.org.ar\/news2\/wp-content\/uploads\/2022\/06\/autor-ing-fernandez-300x98.jpg 300w, https:\/\/osmiss.org.ar\/news2\/wp-content\/uploads\/2022\/06\/autor-ing-fernandez-185x60.jpg 185w\" sizes=\"auto, (max-width: 400px) 100vw, 400px\" \/><\/figure>\n<\/div>\n\n\n\n<div class=\"wp-block-column is-layout-flow wp-block-column-is-layout-flow\">\n<figure class=\"wp-block-image size-full\"><a href=\"https:\/\/www.funsalud.org.ar\/\"><img loading=\"lazy\" decoding=\"async\" width=\"400\" height=\"130\" src=\"https:\/\/osmiss.org.ar\/news2\/wp-content\/uploads\/2022\/06\/autor-dr-nuri-1.jpg\" alt=\"Dr. Marcelo Nuri\" class=\"wp-image-950\" srcset=\"https:\/\/osmiss.org.ar\/news2\/wp-content\/uploads\/2022\/06\/autor-dr-nuri-1.jpg 400w, https:\/\/osmiss.org.ar\/news2\/wp-content\/uploads\/2022\/06\/autor-dr-nuri-1-300x98.jpg 300w, https:\/\/osmiss.org.ar\/news2\/wp-content\/uploads\/2022\/06\/autor-dr-nuri-1-185x60.jpg 185w\" sizes=\"auto, (max-width: 400px) 100vw, 400px\" \/><\/a><\/figure>\n<\/div>\n<\/div>\n","protected":false},"excerpt":{"rendered":"<p>Diabetes nota completa: Complicaciones: Las complicaciones de la diabetes a largo plazo se desarrollan de manera gradual. Cuanto m\u00e1s tiempo hace que tienes diabetes (y cuanto menos controlado est\u00e9 tu nivel de az\u00facar en sangre), &hellip; <\/p>\n","protected":false},"author":4,"featured_media":1120,"comment_status":"closed","ping_status":"closed","sticky":false,"template":"","format":"standard","meta":{"om_disable_all_campaigns":false,"_monsterinsights_skip_tracking":false,"_uf_show_specific_survey":0,"_uf_disable_surveys":false,"footnotes":""},"categories":[23,202,26],"tags":[111,113],"class_list":["post-1085","post","type-post","status-publish","format-standard","has-post-thumbnail","hentry","category-campanadeprevencion","category-funsalud","category-promociondelasalud","tag-prevencion","tag-promocion","grid-sizer"],"aioseo_notices":[],"_links":{"self":[{"href":"https:\/\/osmiss.org.ar\/news2\/wp-json\/wp\/v2\/posts\/1085","targetHints":{"allow":["GET"]}}],"collection":[{"href":"https:\/\/osmiss.org.ar\/news2\/wp-json\/wp\/v2\/posts"}],"about":[{"href":"https:\/\/osmiss.org.ar\/news2\/wp-json\/wp\/v2\/types\/post"}],"author":[{"embeddable":true,"href":"https:\/\/osmiss.org.ar\/news2\/wp-json\/wp\/v2\/users\/4"}],"replies":[{"embeddable":true,"href":"https:\/\/osmiss.org.ar\/news2\/wp-json\/wp\/v2\/comments?post=1085"}],"version-history":[{"count":3,"href":"https:\/\/osmiss.org.ar\/news2\/wp-json\/wp\/v2\/posts\/1085\/revisions"}],"predecessor-version":[{"id":1116,"href":"https:\/\/osmiss.org.ar\/news2\/wp-json\/wp\/v2\/posts\/1085\/revisions\/1116"}],"wp:featuredmedia":[{"embeddable":true,"href":"https:\/\/osmiss.org.ar\/news2\/wp-json\/wp\/v2\/media\/1120"}],"wp:attachment":[{"href":"https:\/\/osmiss.org.ar\/news2\/wp-json\/wp\/v2\/media?parent=1085"}],"wp:term":[{"taxonomy":"category","embeddable":true,"href":"https:\/\/osmiss.org.ar\/news2\/wp-json\/wp\/v2\/categories?post=1085"},{"taxonomy":"post_tag","embeddable":true,"href":"https:\/\/osmiss.org.ar\/news2\/wp-json\/wp\/v2\/tags?post=1085"}],"curies":[{"name":"wp","href":"https:\/\/api.w.org\/{rel}","templated":true}]}}