{"id":1089,"date":"2022-11-14T14:26:17","date_gmt":"2022-11-14T17:26:17","guid":{"rendered":"https:\/\/osmiss.org.ar\/news2\/?p=1089"},"modified":"2024-09-13T13:02:21","modified_gmt":"2024-09-13T16:02:21","slug":"1411-diabetes-causas","status":"publish","type":"post","link":"https:\/\/osmiss.org.ar\/news2\/2022\/11\/14\/1411-diabetes-causas\/","title":{"rendered":"14|11 DIABETES &#8211; \u00bfQu\u00e9 es? Causas"},"content":{"rendered":"\n<h4 class=\"has-vivid-cyan-blue-color has-text-color wp-block-heading\">Diabetes nota completa:<\/h4>\n\n\n\n<div class=\"wp-block-buttons is-content-justification-space-between is-layout-flex wp-container-core-buttons-is-layout-cfe5ce44 wp-block-buttons-is-layout-flex\">\n<div class=\"wp-block-button has-custom-font-size is-style-outline is-style-outline--1\" style=\"font-size:16px;font-style:normal;font-weight:200\"><a class=\"wp-block-button__link has-vivid-cyan-blue-color has-text-color wp-element-button\" href=\"https:\/\/osmiss.org.ar\/news2\/2022\/11\/14\/1411-diabetes-dia-mundial-de-la-diabetes\/\" style=\"border-radius:0px\">14|11 D\u00eda mundial de la Diabetes<\/a><\/div>\n\n\n\n<div class=\"wp-block-button has-custom-font-size is-style-outline is-style-outline--2\" style=\"font-size:16px;font-style:normal;font-weight:200\"><a class=\"wp-block-button__link has-vivid-cyan-blue-color has-text-color wp-element-button\" href=\"https:\/\/osmiss.org.ar\/news2\/2022\/11\/14\/1411-diabetes-complicaciones\/\" style=\"border-radius:0px\">Complicaciones<\/a><\/div>\n\n\n\n<div class=\"wp-block-button has-custom-font-size is-style-outline is-style-outline--3\" style=\"font-size:16px;font-style:normal;font-weight:200\"><a class=\"wp-block-button__link has-vivid-cyan-blue-color has-text-color wp-element-button\" href=\"https:\/\/osmiss.org.ar\/news2\/2022\/11\/14\/1411-diabetes-prevencion\/\" style=\"border-radius:0px\">Prevenci\u00f3n<\/a><\/div>\n<\/div>\n\n\n\n<hr class=\"wp-block-separator has-alpha-channel-opacity\"\/>\n\n\n\n<div style=\"height:60px\" aria-hidden=\"true\" class=\"wp-block-spacer\"><\/div>\n\n\n\n<h1 class=\"has-vivid-cyan-blue-color has-text-color wp-block-heading\">\u00bfQu\u00e9 es la Diabetes?<\/h1>\n\n\n\n<p class=\"wp-block-paragraph\">La diabetes mellitus se refiere a un grupo de enfermedades cr\u00f3nicas que aparece cuando el p\u00e1ncreas no produce insulina suficiente o cuando el organismo no utiliza eficazmente la insulina producida.<\/p>\n\n\n\n<p class=\"wp-block-paragraph\">La causa subyacente de la diabetes var\u00eda seg\u00fan el tipo. Pero, independientemente del tipo de diabetes que tengas, puede provocar un exceso de glucosa en la sangre. Un nivel muy alto de glucosa en la sangre puede provocar problemas de salud graves.<\/p>\n\n\n\n<div style=\"height:49px\" aria-hidden=\"true\" class=\"wp-block-spacer\"><\/div>\n\n\n\n<h1 class=\"has-vivid-cyan-blue-color has-text-color wp-block-heading\">Causas:<\/h1>\n\n\n\n<p class=\"wp-block-paragraph\">Para comprender la diabetes, primero debes entender c\u00f3mo se procesa normalmente la glucosa en el cuerpo.<\/p>\n\n\n\n<h2 class=\"has-vivid-cyan-blue-color has-text-color wp-block-heading\">C\u00f3mo funciona la insulina<\/h2>\n\n\n\n<p class=\"wp-block-paragraph\">La insulina es una hormona que se forma en una gl\u00e1ndula llamada \u201cp\u00e1ncreas\u201d ubicada detr\u00e1s y debajo del est\u00f3mago (el p\u00e1ncreas).<\/p>\n\n\n\n<ul class=\"wp-block-list\">\n<li>El p\u00e1ncreas secreta insulina en el torrente sangu\u00edneo.<\/li>\n\n\n\n<li>La insulina circula, y as\u00ed permite que el az\u00facar ingrese en las c\u00e9lulas.<\/li>\n\n\n\n<li>La insulina disminuye la cantidad de az\u00facar que hay en el torrente sangu\u00edneo.<\/li>\n\n\n\n<li>A medida que tu nivel de az\u00facar en sangre baja, tambi\u00e9n lo hace la secreci\u00f3n de insulina del p\u00e1ncreas.<\/li>\n<\/ul>\n\n\n\n<h2 class=\"has-vivid-cyan-blue-color has-text-color wp-block-heading\">La funci\u00f3n de la glucosa<\/h2>\n\n\n\n<p class=\"wp-block-paragraph\">La glucosa, un az\u00facar, es vital para la salud dado que es una importante fuente de energ\u00eda para las c\u00e9lulas que forman los m\u00fasculos y tejidos. Tambi\u00e9n es la principal fuente de combustible del cerebro.<\/p>\n\n\n\n<ul class=\"wp-block-list\">\n<li>La glucosa proviene de dos fuentes principales: los alimentos y tu h\u00edgado.<\/li>\n\n\n\n<li>El az\u00facar se absorbe en el torrente sangu\u00edneo, donde ingresa en las c\u00e9lulas con la ayuda de la insulina.<\/li>\n\n\n\n<li>Tu h\u00edgado almacena y fabrica glucosa.<\/li>\n\n\n\n<li>Cuando tus niveles de glucosa son bajos, por ejemplo, cuando no has comido durante cierto tiempo, el h\u00edgado descompone el gluc\u00f3geno almacenado y lo convierte en glucosa para mantener tu nivel de glucosa dentro del rango normal.<\/li>\n<\/ul>\n\n\n\n<h2 class=\"has-vivid-cyan-blue-color has-text-color wp-block-heading\">Causas de la diabetes tipo&nbsp;1<\/h2>\n\n\n\n<p class=\"wp-block-paragraph\">Se desconoce la causa exacta de la diabetes tipo&nbsp;1. Lo que s\u00ed se sabe es que tu sistema inmunitario, que normalmente combate las bacterias o los virus da\u00f1inos, ataca y destruye las c\u00e9lulas que producen insulina en el p\u00e1ncreas. Esto te deja con muy poca insulina, o sin insulina. En lugar de ser transportada a tus c\u00e9lulas, el az\u00facar se acumula en tu torrente sangu\u00edneo.<\/p>\n\n\n\n<p class=\"wp-block-paragraph\">Se cree que el tipo&nbsp;1 es causado por una combinaci\u00f3n de antecedentes familiares y factores ambientales, aunque todav\u00eda no est\u00e1 claro cu\u00e1les son esos factores. No se cree que el peso sea un factor en la diabetes tipo&nbsp;1.<\/p>\n\n\n\n<h3 class=\"has-vivid-cyan-blue-color has-text-color wp-block-heading\">Causas de la prediabetes y de la diabetes tipo&nbsp;2<\/h3>\n\n\n\n<p class=\"wp-block-paragraph\">En la prediabetes \u2014que puede provocar diabetes tipo&nbsp;2\u2014 y en la diabetes tipo&nbsp;2, las c\u00e9lulas se vuelven resistentes a la acci\u00f3n de la insulina, y el p\u00e1ncreas no puede producir la cantidad suficiente de insulina para superar tal resistencia. En lugar de pasar a tus c\u00e9lulas donde se necesita como fuente de energ\u00eda, el az\u00facar se acumula en tu torrente sangu\u00edneo.<\/p>\n\n\n\n<p class=\"wp-block-paragraph\">No se sabe con certeza por qu\u00e9 sucede esto exactamente, aunque se cree que los factores gen\u00e9ticos y ambientales desempe\u00f1an un papel decisivo en el desarrollo de la diabetes tipo&nbsp;2.<\/p>\n\n\n\n<p class=\"wp-block-paragraph\">El sobrepeso est\u00e1 estrechamente relacionado con el desarrollo de la diabetes tipo&nbsp;2.<\/p>\n\n\n\n<p class=\"wp-block-paragraph\">Mientras menos actividad realices, mayor ser\u00e1 tu riesgo. La actividad f\u00edsica te ayuda a controlar el peso, utiliza la glucosa como energ\u00eda y hace que tus c\u00e9lulas sean m\u00e1s sensibles a la insulina.<\/p>\n\n\n\n<h3 class=\"has-vivid-cyan-blue-color has-text-color wp-block-heading\">Causas de la diabetes gestacional<\/h3>\n\n\n\n<p class=\"wp-block-paragraph\">Durante el embarazo, la placenta produce hormonas para apoyar el embarazo. Estas hormonas hacen que tus c\u00e9lulas se vuelvan m\u00e1s resistentes a la insulina.<\/p>\n\n\n\n<p class=\"wp-block-paragraph\">Normalmente, tu p\u00e1ncreas responde produciendo una cantidad suficiente de insulina adicional para superar esta resistencia. Pero algunas veces, el p\u00e1ncreas no puede seguir el ritmo. Cuando esto sucede, en tus c\u00e9lulas ingresa demasiado poca glucosa y en tu sangre permanece demasiada cantidad de glucosa, lo cual da lugar a la diabetes gestacional.<\/p>\n\n\n\n<div style=\"height:100px\" aria-hidden=\"true\" class=\"wp-block-spacer\"><\/div>\n\n\n\n<hr class=\"wp-block-separator has-alpha-channel-opacity\"\/>\n\n\n\n<h3 class=\"has-vivid-cyan-blue-color has-text-color wp-block-heading\">Diabetes nota completa:<\/h3>\n\n\n\n<div class=\"wp-block-buttons is-content-justification-space-between is-layout-flex wp-container-core-buttons-is-layout-cfe5ce44 wp-block-buttons-is-layout-flex\">\n<div class=\"wp-block-button has-custom-font-size is-style-outline is-style-outline--4\" style=\"font-size:16px;font-style:normal;font-weight:200\"><a class=\"wp-block-button__link has-vivid-cyan-blue-color has-text-color wp-element-button\" href=\"https:\/\/osmiss.org.ar\/news2\/2022\/11\/14\/1411-diabetes-dia-mundial-de-la-diabetes\/\" style=\"border-radius:0px\">14|11 D\u00eda mundial de la Diabetes<\/a><\/div>\n\n\n\n<div class=\"wp-block-button has-custom-font-size is-style-outline is-style-outline--5\" style=\"font-size:16px;font-style:normal;font-weight:200\"><a class=\"wp-block-button__link has-vivid-cyan-blue-color has-text-color wp-element-button\" href=\"https:\/\/osmiss.org.ar\/news2\/2022\/11\/14\/1411-diabetes-complicaciones\/\" style=\"border-radius:0px\">Complicaciones<\/a><\/div>\n\n\n\n<div class=\"wp-block-button has-custom-font-size is-style-outline is-style-outline--6\" style=\"font-size:16px;font-style:normal;font-weight:200\"><a class=\"wp-block-button__link has-vivid-cyan-blue-color has-text-color wp-element-button\" href=\"https:\/\/osmiss.org.ar\/news2\/2022\/11\/14\/1411-diabetes-prevencion\/\" style=\"border-radius:0px\">Prevenci\u00f3n<\/a><\/div>\n<\/div>\n\n\n\n<div style=\"height:100px\" aria-hidden=\"true\" class=\"wp-block-spacer\"><\/div>\n\n\n\n<h5 class=\"wp-block-heading\">&#8212; Autores &#8212;&#8212;&#8212;<\/h5>\n\n\n\n<div class=\"wp-block-columns is-layout-flex wp-container-core-columns-is-layout-8f761849 wp-block-columns-is-layout-flex\">\n<div class=\"wp-block-column is-layout-flow wp-block-column-is-layout-flow\">\n<figure class=\"wp-block-image size-full\"><img loading=\"lazy\" decoding=\"async\" width=\"400\" height=\"130\" src=\"https:\/\/osmiss.org.ar\/news2\/wp-content\/uploads\/2022\/06\/autor-ing-fernandez.jpg\" alt=\"Ing. N\u00e9stor Fern\u00e1ndez\" class=\"wp-image-949\" srcset=\"https:\/\/osmiss.org.ar\/news2\/wp-content\/uploads\/2022\/06\/autor-ing-fernandez.jpg 400w, https:\/\/osmiss.org.ar\/news2\/wp-content\/uploads\/2022\/06\/autor-ing-fernandez-300x98.jpg 300w, https:\/\/osmiss.org.ar\/news2\/wp-content\/uploads\/2022\/06\/autor-ing-fernandez-185x60.jpg 185w\" sizes=\"auto, (max-width: 400px) 100vw, 400px\" \/><\/figure>\n<\/div>\n\n\n\n<div class=\"wp-block-column is-layout-flow wp-block-column-is-layout-flow\">\n<figure class=\"wp-block-image size-full\"><a href=\"https:\/\/www.funsalud.org.ar\/\"><img loading=\"lazy\" decoding=\"async\" width=\"400\" height=\"130\" src=\"https:\/\/osmiss.org.ar\/news2\/wp-content\/uploads\/2022\/06\/autor-dr-nuri-1.jpg\" alt=\"Dr. Marcelo Nuri\" class=\"wp-image-950\" srcset=\"https:\/\/osmiss.org.ar\/news2\/wp-content\/uploads\/2022\/06\/autor-dr-nuri-1.jpg 400w, https:\/\/osmiss.org.ar\/news2\/wp-content\/uploads\/2022\/06\/autor-dr-nuri-1-300x98.jpg 300w, https:\/\/osmiss.org.ar\/news2\/wp-content\/uploads\/2022\/06\/autor-dr-nuri-1-185x60.jpg 185w\" sizes=\"auto, (max-width: 400px) 100vw, 400px\" \/><\/a><\/figure>\n<\/div>\n<\/div>\n","protected":false},"excerpt":{"rendered":"<p>Diabetes nota completa: \u00bfQu\u00e9 es la Diabetes? La diabetes mellitus se refiere a un grupo de enfermedades cr\u00f3nicas que aparece cuando el p\u00e1ncreas no produce insulina suficiente o cuando el organismo no utiliza eficazmente la &hellip; <\/p>\n","protected":false},"author":4,"featured_media":1121,"comment_status":"closed","ping_status":"closed","sticky":false,"template":"","format":"standard","meta":{"om_disable_all_campaigns":false,"_monsterinsights_skip_tracking":false,"_uf_show_specific_survey":0,"_uf_disable_surveys":false,"footnotes":""},"categories":[23,202,26],"tags":[111,113],"class_list":["post-1089","post","type-post","status-publish","format-standard","has-post-thumbnail","hentry","category-campanadeprevencion","category-funsalud","category-promociondelasalud","tag-prevencion","tag-promocion","grid-sizer"],"aioseo_notices":[],"_links":{"self":[{"href":"https:\/\/osmiss.org.ar\/news2\/wp-json\/wp\/v2\/posts\/1089","targetHints":{"allow":["GET"]}}],"collection":[{"href":"https:\/\/osmiss.org.ar\/news2\/wp-json\/wp\/v2\/posts"}],"about":[{"href":"https:\/\/osmiss.org.ar\/news2\/wp-json\/wp\/v2\/types\/post"}],"author":[{"embeddable":true,"href":"https:\/\/osmiss.org.ar\/news2\/wp-json\/wp\/v2\/users\/4"}],"replies":[{"embeddable":true,"href":"https:\/\/osmiss.org.ar\/news2\/wp-json\/wp\/v2\/comments?post=1089"}],"version-history":[{"count":7,"href":"https:\/\/osmiss.org.ar\/news2\/wp-json\/wp\/v2\/posts\/1089\/revisions"}],"predecessor-version":[{"id":1117,"href":"https:\/\/osmiss.org.ar\/news2\/wp-json\/wp\/v2\/posts\/1089\/revisions\/1117"}],"wp:featuredmedia":[{"embeddable":true,"href":"https:\/\/osmiss.org.ar\/news2\/wp-json\/wp\/v2\/media\/1121"}],"wp:attachment":[{"href":"https:\/\/osmiss.org.ar\/news2\/wp-json\/wp\/v2\/media?parent=1089"}],"wp:term":[{"taxonomy":"category","embeddable":true,"href":"https:\/\/osmiss.org.ar\/news2\/wp-json\/wp\/v2\/categories?post=1089"},{"taxonomy":"post_tag","embeddable":true,"href":"https:\/\/osmiss.org.ar\/news2\/wp-json\/wp\/v2\/tags?post=1089"}],"curies":[{"name":"wp","href":"https:\/\/api.w.org\/{rel}","templated":true}]}}