{"id":1162,"date":"2023-04-04T14:30:43","date_gmt":"2023-04-04T17:30:43","guid":{"rendered":"https:\/\/osmiss.org.ar\/news2\/?p=1162"},"modified":"2024-09-13T12:30:46","modified_gmt":"2024-09-13T15:30:46","slug":"dengue-crece-la-preocupacion-ante-el-brote-y-el-aumento-de-casos","status":"publish","type":"post","link":"https:\/\/osmiss.org.ar\/news2\/2023\/04\/04\/dengue-crece-la-preocupacion-ante-el-brote-y-el-aumento-de-casos\/","title":{"rendered":"Dengue: crece la preocupaci\u00f3n ante el brote y el aumento de casos\u00a0"},"content":{"rendered":"\n<p class=\"wp-block-paragraph\">Con presencia en 13 jurisdicciones, la propagaci\u00f3n se dispar\u00f3: con diferencia de siete d\u00edas, de 4.828 pasaron a registrarse 9.388 nuevos positivos. C\u00f3mo se trabaja en la prevenci\u00f3n de una enfermedad que, a la fecha, no puede ser combatida con medicamentos ni vacunas.\u00a0<\/p>\n\n\n\n<blockquote class=\"wp-block-quote is-layout-flow wp-block-quote-is-layout-flow\">\n<p class=\"wp-block-paragraph\">\u201cEl aumento de casos de dengue, por lo general, es\u00a0<strong>estacional<\/strong>. Durante febrero, marzo y abril la regi\u00f3n de las Am\u00e9ricas registra elevaciones que alcanzan picos a partir de la presencia del vector. Este incremento se correlaciona directamente con el mosquito y presencia de personas que tienen dengue\u201d,<\/p>\n<cite><strong>Juan Manuel Castelli<\/strong><\/cite><\/blockquote>\n\n\n\n<h2 class=\"wp-block-heading has-vivid-cyan-blue-color has-text-color\"><strong>Temporada alta<\/strong> <\/h2>\n\n\n\n<p class=\"wp-block-paragraph\">El virus emerge por ciclos: si bien en una temporada puede manifestarse con mucha intensidad, luego su propagaci\u00f3n disminuye hasta que vuelve a resurgir. \u201cEs interesante lo que pasa con el dengue. Despu\u00e9s de temporadas con much\u00edsimos casos, suele haber una o dos de menor circulaci\u00f3n viral.<strong>\u00a0Se calcula que gran parte de los infectados con dengue son asintom\u00e1ticos, por ende, se puede estimar que tal vez haya una inmunidad activa de aquellas personas que se contagiaron y que la protecci\u00f3n se prolongue por uno o dos a\u00f1os<\/strong>\u201d, describe\u00a0<strong>Carballeda<\/strong>. Luego contin\u00faa: \u201cEsto podr\u00eda explicar por qu\u00e9 hay temporadas fuertes y otras no tanto. La de 2020 fue una barbaridad y ahora tenemos una con bastante circulaci\u00f3n viral\u201d.<\/p>\n\n\n\n<h2 class=\"wp-block-heading has-vivid-cyan-blue-color has-text-color\"><strong>Que baje la temperatura<\/strong><\/h2>\n\n\n\n<p class=\"wp-block-paragraph\">Hasta que no haya temperaturas que desciendan por debajo de la l\u00ednea de los 18 grados, el combate del dengue ser\u00e1 dif\u00edcil. \u00bfPor qu\u00e9? Porque por encima de esa referencia, el mosquito cumple con su ciclo de vida, se desarrolla y conquista la adultez. Es por esta raz\u00f3n que las campa\u00f1as de prevenci\u00f3n y descacharreo deben efectuarse en invierno y comienzos de primavera, cuando solo hay huevos.<\/p>\n\n\n\n<p class=\"wp-block-paragraph\">Como todo problema de salud p\u00fablica,&nbsp;<strong>los grupos m\u00e1s afectados son los m\u00e1s desfavorecidos econ\u00f3mica y socialmente.<\/strong>&nbsp;Si bien se pueden instrumentar campa\u00f1as de comunicaci\u00f3n que inviten a tirar el agua de los tachos, para muchas familias se trata de un recurso que no puede desperdiciarse tan f\u00e1cilmente. De forma complementaria, es deseable la difusi\u00f3n de mensajes que indiquen c\u00f3mo cubrir recipientes (para hacerlos inaccesibles a los mosquitos), antes de descartarlos.<\/p>\n\n\n\n<h2 class=\"wp-block-heading has-vivid-cyan-blue-color has-text-color\"><strong>Ni vacunas, ni remedios, ni nada<\/strong><\/h2>\n\n\n\n<p class=\"wp-block-paragraph\">A pesar de intentos valiosos, la ciencia todav\u00eda no consigui\u00f3 desarrollar vacunas efectivas. Sin embargo, una pronta detecci\u00f3n puede contribuir a un tratamiento adecuado, basado en hidrataci\u00f3n y disminuci\u00f3n de la temperatura corporal. No en vano se la conoce como \u201cfiebre rompehuesos\u201d, por el dolor muscular, la cefalea y el malestar general que provoca.<\/p>\n\n\n\n<p class=\"wp-block-paragraph\"><strong>De esta manera, si una persona se enferma con uno, obtendr\u00e1 inmunidad para ese y no para el resto. Si, adem\u00e1s, se infectara con otro m\u00e1s de los restantes podr\u00eda aumentar el riesgo de afrontar cuadros cl\u00ednicos m\u00e1s riesgosos<\/strong>, con problemas respiratorios y la chance de \u00f3rganos comprometidos.<\/p>\n\n\n\n<blockquote class=\"wp-block-quote is-layout-flow wp-block-quote-is-layout-flow\">\n<p class=\"wp-block-paragraph\">\u201cComo hay cuatro serotipos distintos, la protecci\u00f3n debe ser para todos s\u00ed o s\u00ed. Una protecci\u00f3n parcial contra un serotipo y no contra otro puede traer problemas.\u00a0<strong>Se sabe que en aquellas zonas en las que circula m\u00e1s de uno a la vez, puede contribuir a desencadenar los casos m\u00e1s graves.<\/strong>\u00a0Una segunda picadura con un serotipo distinto determina una mayor probabilidad de desarrollar los casos m\u00e1s complejos\u201d<\/p>\n<cite><strong>Carballeda.<\/strong><\/cite><\/blockquote>\n\n\n\n<p class=\"wp-block-paragraph\"><\/p>\n\n\n\n<p class=\"wp-block-paragraph\"><\/p>\n","protected":false},"excerpt":{"rendered":"<p>Con presencia en 13 jurisdicciones, la propagaci\u00f3n se dispar\u00f3: con diferencia de siete d\u00edas, de 4.828 pasaron a registrarse 9.388 nuevos positivos. C\u00f3mo se trabaja en la prevenci\u00f3n de una enfermedad que, a la fecha, &hellip; <\/p>\n","protected":false},"author":1,"featured_media":1163,"comment_status":"closed","ping_status":"closed","sticky":false,"template":"","format":"standard","meta":{"om_disable_all_campaigns":false,"_monsterinsights_skip_tracking":false,"_uf_show_specific_survey":0,"_uf_disable_surveys":false,"footnotes":""},"categories":[23],"tags":[66,111],"class_list":["post-1162","post","type-post","status-publish","format-standard","has-post-thumbnail","hentry","category-campanadeprevencion","tag-dengue","tag-prevencion","grid-sizer"],"aioseo_notices":[],"_links":{"self":[{"href":"https:\/\/osmiss.org.ar\/news2\/wp-json\/wp\/v2\/posts\/1162","targetHints":{"allow":["GET"]}}],"collection":[{"href":"https:\/\/osmiss.org.ar\/news2\/wp-json\/wp\/v2\/posts"}],"about":[{"href":"https:\/\/osmiss.org.ar\/news2\/wp-json\/wp\/v2\/types\/post"}],"author":[{"embeddable":true,"href":"https:\/\/osmiss.org.ar\/news2\/wp-json\/wp\/v2\/users\/1"}],"replies":[{"embeddable":true,"href":"https:\/\/osmiss.org.ar\/news2\/wp-json\/wp\/v2\/comments?post=1162"}],"version-history":[{"count":1,"href":"https:\/\/osmiss.org.ar\/news2\/wp-json\/wp\/v2\/posts\/1162\/revisions"}],"predecessor-version":[{"id":1164,"href":"https:\/\/osmiss.org.ar\/news2\/wp-json\/wp\/v2\/posts\/1162\/revisions\/1164"}],"wp:featuredmedia":[{"embeddable":true,"href":"https:\/\/osmiss.org.ar\/news2\/wp-json\/wp\/v2\/media\/1163"}],"wp:attachment":[{"href":"https:\/\/osmiss.org.ar\/news2\/wp-json\/wp\/v2\/media?parent=1162"}],"wp:term":[{"taxonomy":"category","embeddable":true,"href":"https:\/\/osmiss.org.ar\/news2\/wp-json\/wp\/v2\/categories?post=1162"},{"taxonomy":"post_tag","embeddable":true,"href":"https:\/\/osmiss.org.ar\/news2\/wp-json\/wp\/v2\/tags?post=1162"}],"curies":[{"name":"wp","href":"https:\/\/api.w.org\/{rel}","templated":true}]}}