{"id":1180,"date":"2023-06-01T13:45:47","date_gmt":"2023-06-01T16:45:47","guid":{"rendered":"https:\/\/osmiss.org.ar\/news2\/?p=1180"},"modified":"2025-07-31T13:45:46","modified_gmt":"2025-07-31T16:45:46","slug":"sabias-ley-27610-acceso-a-la-interrupcion-voluntaria-del-embarazo","status":"publish","type":"post","link":"https:\/\/osmiss.org.ar\/news2\/2023\/06\/01\/sabias-ley-27610-acceso-a-la-interrupcion-voluntaria-del-embarazo\/","title":{"rendered":"Ley 27610\u00a0&#8211;\u00a0ACCESO A LA INTERRUPCI\u00d3N VOLUNTARIA DEL EMBARAZO"},"content":{"rendered":"\n<figure class=\"wp-block-image size-full\"><img loading=\"lazy\" decoding=\"async\" width=\"264\" height=\"120\" src=\"https:\/\/osmiss.org.ar\/news2\/wp-content\/uploads\/2023\/06\/news-sabias.png\" alt=\"\" class=\"wp-image-1197\" srcset=\"https:\/\/osmiss.org.ar\/news2\/wp-content\/uploads\/2023\/06\/news-sabias.png 264w, https:\/\/osmiss.org.ar\/news2\/wp-content\/uploads\/2023\/06\/news-sabias-132x60.png 132w\" sizes=\"auto, (max-width: 264px) 100vw, 264px\" \/><\/figure>\n\n\n\n<h2 class=\"wp-block-heading has-vivid-red-color has-text-color\">Ley 27610<strong>&nbsp;<\/strong><\/h2>\n\n\n\n<h2 class=\"wp-block-heading has-vivid-red-color has-text-color\">ACCESO A LA INTERRUPCI\u00d3N VOLUNTARIA DEL EMBARAZO<\/h2>\n\n\n\n<blockquote class=\"wp-block-quote is-layout-flow wp-block-quote-is-layout-flow\">\n<p class=\"wp-block-paragraph\">La Ley 27.610&nbsp;regula el acceso a la interrupci\u00f3n voluntaria y legal del embarazo y a la atenci\u00f3n postaborto de todas las personas con capacidad de gestar. Es de aplicaci\u00f3n obligatoria en todo el pa\u00eds. &#8211; Cuando el embarazo es resultado de una violaci\u00f3n o si est\u00e1 en peligro su vida o su salud.<\/p>\n<cite><a href=\"http:\/\/servicios.infoleg.gob.ar\/infolegInternet\/anexos\/345000-349999\/346231\/norma.htm?utm_source=email_marketing&amp;utm_admin=126642&amp;utm_medium=email&amp;utm_campaign=Newsletter_N_ENCONTACTOOSMISS\" target=\"_blank\" rel=\"noopener\" title=\"\">Ley completa&#8230;<\/a><br><a href=\"https:\/\/www.argentina.gob.ar\/salud\/sexual\/acceso-la-interrupcion-del-embarazo-ive-ile?utm_source=email_marketing&amp;utm_admin=126642&amp;utm_medium=email&amp;utm_campaign=Newsletter_N_ENCONTACTOOSMISS#:~:text=La%20Ley%2027.610%20regula%20el,obligatoria%20en%20todo%20el%20pa%C3%ADs.&amp;text=%2D%20Cuando%20el%20embarazo%20es%20resultado,su%20vida%20o%20su%20salud.\" target=\"_blank\" rel=\"noopener\" title=\"\">Mas info en Argentina.gob.ar<\/a><\/cite><\/blockquote>\n\n\n\n<hr class=\"wp-block-separator has-alpha-channel-opacity\"\/>\n\n\n\n<div class=\"wp-block-columns is-layout-flex wp-container-core-columns-is-layout-8f761849 wp-block-columns-is-layout-flex\">\n<div class=\"wp-block-column is-layout-flow wp-block-column-is-layout-flow\" style=\"flex-basis:33.33%\"><div class=\"wp-block-image\">\n<figure class=\"alignright size-full is-resized\"><img loading=\"lazy\" decoding=\"async\" width=\"224\" height=\"349\" src=\"https:\/\/osmiss.org.ar\/news2\/wp-content\/uploads\/2022\/02\/ive-1.jpg\" alt=\"\" class=\"wp-image-726\" style=\"width:132px;height:206px\" srcset=\"https:\/\/osmiss.org.ar\/news2\/wp-content\/uploads\/2022\/02\/ive-1.jpg 224w, https:\/\/osmiss.org.ar\/news2\/wp-content\/uploads\/2022\/02\/ive-1-193x300.jpg 193w, https:\/\/osmiss.org.ar\/news2\/wp-content\/uploads\/2022\/02\/ive-1-39x60.jpg 39w\" sizes=\"auto, (max-width: 224px) 100vw, 224px\" \/><\/figure>\n<\/div><\/div>\n\n\n\n<div class=\"wp-block-column is-vertically-aligned-center is-layout-flow wp-block-column-is-layout-flow\" style=\"flex-basis:66.66%\">\n<h2 class=\"wp-block-heading\">L\u00ednea salud sexual<\/h2>\n\n\n\n<h1 class=\"wp-block-heading\">0800 222 3444<\/h1>\n<\/div>\n<\/div>\n\n\n\n<hr class=\"wp-block-separator has-alpha-channel-opacity\"\/>\n\n\n\n<div class=\"wp-block-columns is-layout-flex wp-container-core-columns-is-layout-8f761849 wp-block-columns-is-layout-flex\">\n<div class=\"wp-block-column is-layout-flow wp-block-column-is-layout-flow\" style=\"flex-basis:33.33%\"><div class=\"wp-block-image\">\n<figure class=\"alignright size-full is-resized\"><img loading=\"lazy\" decoding=\"async\" width=\"158\" height=\"454\" src=\"https:\/\/osmiss.org.ar\/news2\/wp-content\/uploads\/2022\/02\/mujer002.jpg\" alt=\"\" class=\"wp-image-722\" style=\"width:86px;height:247px\" srcset=\"https:\/\/osmiss.org.ar\/news2\/wp-content\/uploads\/2022\/02\/mujer002.jpg 158w, https:\/\/osmiss.org.ar\/news2\/wp-content\/uploads\/2022\/02\/mujer002-104x300.jpg 104w, https:\/\/osmiss.org.ar\/news2\/wp-content\/uploads\/2022\/02\/mujer002-21x60.jpg 21w\" sizes=\"auto, (max-width: 158px) 100vw, 158px\" \/><\/figure>\n<\/div><\/div>\n\n\n\n<div class=\"wp-block-column is-layout-flow wp-block-column-is-layout-flow\" style=\"flex-basis:66.66%\">\n<h1 class=\"wp-block-heading\">Llamar al 144 <\/h1>\n\n\n\n<h2 class=\"wp-block-heading\">L\u00ednea de la mujer<\/h2>\n\n\n\n<p class=\"wp-block-paragraph\"><strong>Atenci\u00f3n las 24 hs. a mujeres v\u00edctimas de violencia de g\u00e9nero.<\/strong><\/p>\n\n\n\n<p class=\"wp-block-paragraph\">Los profesionales dan orientaci\u00f3n e informan sobre los recursos disponibles. Se deriva a la consultante a los servicios sociales, legales y terap\u00e9uticos que el Gobierno brinda.<\/p>\n<\/div>\n<\/div>\n\n\n\n<div style=\"height:100px\" aria-hidden=\"true\" class=\"wp-block-spacer\"><\/div>\n\n\n\n<div class=\"wp-block-group\"><div class=\"wp-block-group__inner-container is-layout-constrained wp-block-group-is-layout-constrained\">\n<hr class=\"wp-block-separator has-text-color has-vivid-cyan-blue-color has-alpha-channel-opacity has-vivid-cyan-blue-background-color has-background\"\/>\n\n\n\n<div class=\"wp-block-columns is-layout-flex wp-container-core-columns-is-layout-8f761849 wp-block-columns-is-layout-flex\">\n<div class=\"wp-block-column is-layout-flow wp-block-column-is-layout-flow\" style=\"flex-basis:33.33%\">\n<figure class=\"wp-block-image size-full is-resized\"><img loading=\"lazy\" decoding=\"async\" width=\"400\" height=\"300\" src=\"https:\/\/osmiss.org.ar\/news2\/wp-content\/uploads\/2021\/08\/logo-osmiss_logo2.jpg\" alt=\"\" class=\"wp-image-682\" style=\"width:226px;height:auto\" srcset=\"https:\/\/osmiss.org.ar\/news2\/wp-content\/uploads\/2021\/08\/logo-osmiss_logo2.jpg 400w, https:\/\/osmiss.org.ar\/news2\/wp-content\/uploads\/2021\/08\/logo-osmiss_logo2-300x225.jpg 300w, https:\/\/osmiss.org.ar\/news2\/wp-content\/uploads\/2021\/08\/logo-osmiss_logo2-80x60.jpg 80w\" sizes=\"auto, (max-width: 400px) 100vw, 400px\" \/><\/figure>\n<\/div>\n\n\n\n<div class=\"wp-block-column is-vertically-aligned-center is-layout-flow wp-block-column-is-layout-flow\" style=\"flex-basis:66.66%\">\n<p class=\"has-small-font-size wp-block-paragraph\"><strong>Ante cualquier duda, comunicarse con la Gerencia M\u00e9dica de OSMISS.<\/strong><br>Email: <a href=\"mailto:autorizaciones@osmiss.org.ar\">autorizaciones@osmiss.org.ar<\/a> o <a href=\"mailto:gerencia.medica@osmiss.org.ar\">gerencia.medica@osmiss.org.ar<\/a><br>Tel.: <strong><a href=\"tel:+5491143346611\">(011) 4334-6611<\/a><\/strong> Lunes a Viernes de 9 a 17 hs.<br>Si se comunica desde el interior del pa\u00eds, puede llamar en forma gratuita al: <br><strong><a href=\"tel:08003456764\">0800-345-OSMISS(6764)<\/a><\/strong> Lunes a Viernes de 9 a 17 hs.<\/p>\n<\/div>\n<\/div>\n\n\n\n<hr class=\"wp-block-separator has-text-color has-vivid-cyan-blue-color has-alpha-channel-opacity has-vivid-cyan-blue-background-color has-background\"\/>\n<\/div><\/div>\n","protected":false},"excerpt":{"rendered":"<p>Ley 27610&nbsp; ACCESO A LA INTERRUPCI\u00d3N VOLUNTARIA DEL EMBARAZO La Ley 27.610&nbsp;regula el acceso a la interrupci\u00f3n voluntaria y legal del embarazo y a la atenci\u00f3n postaborto de todas las personas con capacidad de gestar. &hellip; <\/p>\n","protected":false},"author":1,"featured_media":1194,"comment_status":"closed","ping_status":"closed","sticky":false,"template":"","format":"standard","meta":{"om_disable_all_campaigns":false,"_monsterinsights_skip_tracking":false,"_uf_show_specific_survey":0,"_uf_disable_surveys":false,"footnotes":""},"categories":[27,26],"tags":[155,194,193],"class_list":["post-1180","post","type-post","status-publish","format-standard","has-post-thumbnail","hentry","category-curiosidades","category-promociondelasalud","tag-interrupcion-voluntaria-del-embarazo","tag-ive","tag-ley-27610","grid-sizer"],"aioseo_notices":[],"_links":{"self":[{"href":"https:\/\/osmiss.org.ar\/news2\/wp-json\/wp\/v2\/posts\/1180","targetHints":{"allow":["GET"]}}],"collection":[{"href":"https:\/\/osmiss.org.ar\/news2\/wp-json\/wp\/v2\/posts"}],"about":[{"href":"https:\/\/osmiss.org.ar\/news2\/wp-json\/wp\/v2\/types\/post"}],"author":[{"embeddable":true,"href":"https:\/\/osmiss.org.ar\/news2\/wp-json\/wp\/v2\/users\/1"}],"replies":[{"embeddable":true,"href":"https:\/\/osmiss.org.ar\/news2\/wp-json\/wp\/v2\/comments?post=1180"}],"version-history":[{"count":9,"href":"https:\/\/osmiss.org.ar\/news2\/wp-json\/wp\/v2\/posts\/1180\/revisions"}],"predecessor-version":[{"id":1490,"href":"https:\/\/osmiss.org.ar\/news2\/wp-json\/wp\/v2\/posts\/1180\/revisions\/1490"}],"wp:featuredmedia":[{"embeddable":true,"href":"https:\/\/osmiss.org.ar\/news2\/wp-json\/wp\/v2\/media\/1194"}],"wp:attachment":[{"href":"https:\/\/osmiss.org.ar\/news2\/wp-json\/wp\/v2\/media?parent=1180"}],"wp:term":[{"taxonomy":"category","embeddable":true,"href":"https:\/\/osmiss.org.ar\/news2\/wp-json\/wp\/v2\/categories?post=1180"},{"taxonomy":"post_tag","embeddable":true,"href":"https:\/\/osmiss.org.ar\/news2\/wp-json\/wp\/v2\/tags?post=1180"}],"curies":[{"name":"wp","href":"https:\/\/api.w.org\/{rel}","templated":true}]}}