{"id":1209,"date":"2023-07-03T11:16:08","date_gmt":"2023-07-03T14:16:08","guid":{"rendered":"https:\/\/osmiss.org.ar\/news2\/?p=1209"},"modified":"2025-07-24T13:55:34","modified_gmt":"2025-07-24T16:55:34","slug":"ley-26485-ley-de-proteccion-integral-a-las-mujeres","status":"publish","type":"post","link":"https:\/\/osmiss.org.ar\/news2\/2023\/07\/03\/ley-26485-ley-de-proteccion-integral-a-las-mujeres\/","title":{"rendered":"Ley 26485\u00a0&#8211;\u00a0LEY DE PROTECCION INTEGRAL A LAS MUJERES"},"content":{"rendered":"\n<figure class=\"wp-block-image size-full\"><img loading=\"lazy\" decoding=\"async\" width=\"264\" height=\"120\" src=\"https:\/\/osmiss.org.ar\/news2\/wp-content\/uploads\/2023\/06\/news-sabias.png\" alt=\"\" class=\"wp-image-1197\" srcset=\"https:\/\/osmiss.org.ar\/news2\/wp-content\/uploads\/2023\/06\/news-sabias.png 264w, https:\/\/osmiss.org.ar\/news2\/wp-content\/uploads\/2023\/06\/news-sabias-132x60.png 132w\" sizes=\"auto, (max-width: 264px) 100vw, 264px\" \/><\/figure>\n\n\n\n<h2 class=\"wp-block-heading has-vivid-red-color has-text-color\">Ley 26485<strong>&nbsp;<\/strong><\/h2>\n\n\n\n<h2 class=\"wp-block-heading has-vivid-red-color has-text-color\">LEY DE PROTECCION INTEGRAL A LAS MUJERES<\/h2>\n\n\n\n<p class=\"wp-block-paragraph\">Ley de protecci\u00f3n integral para prevenir, sancionar y erradicar la violencia contra las mujeres en los \u00e1mbitos en que desarrollen sus relaciones interpersonales.<\/p>\n\n\n\n<p class=\"wp-block-paragraph\">Las disposiciones de la presente ley son de orden p\u00fablico y de aplicaci\u00f3n en todo el territorio de la Rep\u00fablica, con excepci\u00f3n de las disposiciones de car\u00e1cter procesal establecidas en el Cap\u00edtulo II del T\u00edtulo III de la presente ley.<\/p>\n\n\n\n<p class=\"wp-block-paragraph\"><a href=\"http:\/\/servicios.infoleg.gob.ar\/infolegInternet\/anexos\/150000-154999\/152155\/norma.htm\" title=\"\">Ley completa&#8230;<\/a><br><a href=\"https:\/\/www.argentina.gob.ar\/normativa\/nacional\/ley-26485-152155\" title=\"\">Mas info en Argentina.gob.ar<\/a><\/p>\n\n\n\n<hr class=\"wp-block-separator has-alpha-channel-opacity\"\/>\n\n\n\n<div class=\"wp-block-columns is-layout-flex wp-container-core-columns-is-layout-8f761849 wp-block-columns-is-layout-flex\">\n<div class=\"wp-block-column is-layout-flow wp-block-column-is-layout-flow\" style=\"flex-basis:33.33%\"><div class=\"wp-block-image\">\n<figure class=\"alignright size-full is-resized\"><img loading=\"lazy\" decoding=\"async\" width=\"158\" height=\"454\" src=\"https:\/\/osmiss.org.ar\/news2\/wp-content\/uploads\/2022\/02\/mujer002.jpg\" alt=\"\" class=\"wp-image-722\" style=\"width:86px;height:247px\" srcset=\"https:\/\/osmiss.org.ar\/news2\/wp-content\/uploads\/2022\/02\/mujer002.jpg 158w, https:\/\/osmiss.org.ar\/news2\/wp-content\/uploads\/2022\/02\/mujer002-104x300.jpg 104w, https:\/\/osmiss.org.ar\/news2\/wp-content\/uploads\/2022\/02\/mujer002-21x60.jpg 21w\" sizes=\"auto, (max-width: 158px) 100vw, 158px\" \/><\/figure>\n<\/div><\/div>\n\n\n\n<div class=\"wp-block-column is-layout-flow wp-block-column-is-layout-flow\" style=\"flex-basis:66.66%\">\n<h1 class=\"wp-block-heading\">Llamar al 144 <\/h1>\n\n\n\n<h2 class=\"wp-block-heading\">L\u00ednea de la mujer<\/h2>\n\n\n\n<p class=\"wp-block-paragraph\"><strong>Atenci\u00f3n las 24 hs. a mujeres v\u00edctimas de violencia de g\u00e9nero.<\/strong><\/p>\n\n\n\n<p class=\"wp-block-paragraph\">Los profesionales dan orientaci\u00f3n e informan sobre los recursos disponibles. Se deriva a la consultante a los servicios sociales, legales y terap\u00e9uticos que el Gobierno brinda.<\/p>\n<\/div>\n<\/div>\n\n\n\n<hr class=\"wp-block-separator has-alpha-channel-opacity\"\/>\n\n\n\n<div class=\"wp-block-columns is-layout-flex wp-container-core-columns-is-layout-8f761849 wp-block-columns-is-layout-flex\">\n<div class=\"wp-block-column is-layout-flow wp-block-column-is-layout-flow\" style=\"flex-basis:33.33%\">\n<figure class=\"wp-block-image size-large\"><img loading=\"lazy\" decoding=\"async\" width=\"1024\" height=\"797\" src=\"https:\/\/osmiss.org.ar\/news2\/wp-content\/uploads\/2022\/02\/AXKQU7JC7NJDTHH42V6J3ACFXY-1024x797.jpg\" alt=\"\" class=\"wp-image-723\" srcset=\"https:\/\/osmiss.org.ar\/news2\/wp-content\/uploads\/2022\/02\/AXKQU7JC7NJDTHH42V6J3ACFXY-1024x797.jpg 1024w, https:\/\/osmiss.org.ar\/news2\/wp-content\/uploads\/2022\/02\/AXKQU7JC7NJDTHH42V6J3ACFXY-300x234.jpg 300w, https:\/\/osmiss.org.ar\/news2\/wp-content\/uploads\/2022\/02\/AXKQU7JC7NJDTHH42V6J3ACFXY-768x598.jpg 768w, https:\/\/osmiss.org.ar\/news2\/wp-content\/uploads\/2022\/02\/AXKQU7JC7NJDTHH42V6J3ACFXY-77x60.jpg 77w, https:\/\/osmiss.org.ar\/news2\/wp-content\/uploads\/2022\/02\/AXKQU7JC7NJDTHH42V6J3ACFXY.jpg 1200w\" sizes=\"auto, (max-width: 1024px) 100vw, 1024px\" \/><\/figure>\n<\/div>\n\n\n\n<div class=\"wp-block-column is-layout-flow wp-block-column-is-layout-flow\" style=\"flex-basis:66.66%\">\n<h1 class=\"wp-block-heading\">145<\/h1>\n\n\n\n<h1 class=\"wp-block-heading\">Trata de personas<\/h1>\n\n\n\n<p class=\"wp-block-paragraph\"><strong>Atenci\u00f3n permanente las 24 hs.<\/strong><\/p>\n\n\n\n<p class=\"wp-block-paragraph\">Prevenir o denunciar la violaci\u00f3n a los Derechos Humanos que implica el enga\u00f1o, reclutamiento, transporte y explotaci\u00f3n de una persona con fines sexuales, trabajo forzoso o alguna otra pr\u00e1ctica an\u00e1loga a la esclavitud.<\/p>\n<\/div>\n<\/div>\n\n\n\n<div style=\"height:100px\" aria-hidden=\"true\" class=\"wp-block-spacer\"><\/div>\n\n\n\n<div class=\"wp-block-group\"><div class=\"wp-block-group__inner-container is-layout-constrained wp-block-group-is-layout-constrained\">\n<hr class=\"wp-block-separator has-text-color has-vivid-cyan-blue-color has-alpha-channel-opacity has-vivid-cyan-blue-background-color has-background\"\/>\n\n\n\n<div class=\"wp-block-columns is-layout-flex wp-container-core-columns-is-layout-8f761849 wp-block-columns-is-layout-flex\">\n<div class=\"wp-block-column is-layout-flow wp-block-column-is-layout-flow\" style=\"flex-basis:33.33%\">\n<figure class=\"wp-block-image size-full is-resized\"><img loading=\"lazy\" decoding=\"async\" width=\"400\" height=\"300\" src=\"https:\/\/osmiss.org.ar\/news2\/wp-content\/uploads\/2021\/08\/logo-osmiss_logo2.jpg\" alt=\"\" class=\"wp-image-682\" style=\"width:226px;height:auto\" srcset=\"https:\/\/osmiss.org.ar\/news2\/wp-content\/uploads\/2021\/08\/logo-osmiss_logo2.jpg 400w, https:\/\/osmiss.org.ar\/news2\/wp-content\/uploads\/2021\/08\/logo-osmiss_logo2-300x225.jpg 300w, https:\/\/osmiss.org.ar\/news2\/wp-content\/uploads\/2021\/08\/logo-osmiss_logo2-80x60.jpg 80w\" sizes=\"auto, (max-width: 400px) 100vw, 400px\" \/><\/figure>\n<\/div>\n\n\n\n<div class=\"wp-block-column is-vertically-aligned-center is-layout-flow wp-block-column-is-layout-flow\" style=\"flex-basis:66.66%\">\n<p class=\"has-small-font-size wp-block-paragraph\"><strong>Ante cualquier duda, comunicarse con la Gerencia M\u00e9dica de OSMISS.<\/strong><br>Email: <a href=\"mailto:autorizaciones@osmiss.org.ar\">autorizaciones@osmiss.org.ar<\/a> o <a href=\"mailto:gerencia.medica@osmiss.org.ar\">gerencia.medica@osmiss.org.ar<\/a><br>Tel.: <strong><a href=\"tel:+5491143346611\">(011) 4334-6611<\/a><\/strong> Lunes a Viernes de 9 a 17 hs.<br>Si se comunica desde el interior del pa\u00eds, puede llamar en forma gratuita al: <br><strong><a href=\"tel:08003456764\">0800-345-OSMISS(6764)<\/a><\/strong> Lunes a Viernes de 9 a 17 hs.<\/p>\n<\/div>\n<\/div>\n\n\n\n<hr class=\"wp-block-separator has-text-color has-vivid-cyan-blue-color has-alpha-channel-opacity has-vivid-cyan-blue-background-color has-background\"\/>\n<\/div><\/div>\n","protected":false},"excerpt":{"rendered":"<p>Ley 26485&nbsp; LEY DE PROTECCION INTEGRAL A LAS MUJERES Ley de protecci\u00f3n integral para prevenir, sancionar y erradicar la violencia contra las mujeres en los \u00e1mbitos en que desarrollen sus relaciones interpersonales. Las disposiciones de &hellip; <\/p>\n","protected":false},"author":1,"featured_media":1211,"comment_status":"closed","ping_status":"closed","sticky":false,"template":"","format":"standard","meta":{"om_disable_all_campaigns":false,"_monsterinsights_skip_tracking":false,"_uf_show_specific_survey":0,"_uf_disable_surveys":false,"footnotes":""},"categories":[27],"tags":[200,199,113,197,198],"class_list":["post-1209","post","type-post","status-publish","format-standard","has-post-thumbnail","hentry","category-curiosidades","tag-ley-26485","tag-ley-de-proteccion","tag-promocion","tag-violencia","tag-violencia-de-genero-2","grid-sizer"],"aioseo_notices":[],"_links":{"self":[{"href":"https:\/\/osmiss.org.ar\/news2\/wp-json\/wp\/v2\/posts\/1209","targetHints":{"allow":["GET"]}}],"collection":[{"href":"https:\/\/osmiss.org.ar\/news2\/wp-json\/wp\/v2\/posts"}],"about":[{"href":"https:\/\/osmiss.org.ar\/news2\/wp-json\/wp\/v2\/types\/post"}],"author":[{"embeddable":true,"href":"https:\/\/osmiss.org.ar\/news2\/wp-json\/wp\/v2\/users\/1"}],"replies":[{"embeddable":true,"href":"https:\/\/osmiss.org.ar\/news2\/wp-json\/wp\/v2\/comments?post=1209"}],"version-history":[{"count":3,"href":"https:\/\/osmiss.org.ar\/news2\/wp-json\/wp\/v2\/posts\/1209\/revisions"}],"predecessor-version":[{"id":1485,"href":"https:\/\/osmiss.org.ar\/news2\/wp-json\/wp\/v2\/posts\/1209\/revisions\/1485"}],"wp:featuredmedia":[{"embeddable":true,"href":"https:\/\/osmiss.org.ar\/news2\/wp-json\/wp\/v2\/media\/1211"}],"wp:attachment":[{"href":"https:\/\/osmiss.org.ar\/news2\/wp-json\/wp\/v2\/media?parent=1209"}],"wp:term":[{"taxonomy":"category","embeddable":true,"href":"https:\/\/osmiss.org.ar\/news2\/wp-json\/wp\/v2\/categories?post=1209"},{"taxonomy":"post_tag","embeddable":true,"href":"https:\/\/osmiss.org.ar\/news2\/wp-json\/wp\/v2\/tags?post=1209"}],"curies":[{"name":"wp","href":"https:\/\/api.w.org\/{rel}","templated":true}]}}