{"id":122,"date":"2011-09-03T13:38:39","date_gmt":"2011-09-03T16:38:39","guid":{"rendered":"http:\/\/www.osmiss.com.ar\/news\/?p=122"},"modified":"2022-03-31T14:58:24","modified_gmt":"2022-03-31T17:58:24","slug":"la-marginacion-de-la-tercera-edad-en-el-sistema-de-salud","status":"publish","type":"post","link":"https:\/\/osmiss.org.ar\/news2\/2011\/09\/03\/la-marginacion-de-la-tercera-edad-en-el-sistema-de-salud\/","title":{"rendered":"La marginaci\u00f3n de la tercera edad en el sistema de salud"},"content":{"rendered":"<p>En t\u00e9rminos de la importancia del sistema de salud para la tercera edad, ya se plante\u00f3 en la publicaci\u00f3n N\u00ba 15 de ENCONTACTO (Riesgos de la tercera edad), la necesidad de debatir los derechos de los adultos mayores, en lo atinente a la necesidad de privilegiar su atenci\u00f3n.<\/p>\n<p>La discriminaci\u00f3n se hace evidente, en el marco de lo que se cree es \u00e9ticamente defendible por suponerse que la opini\u00f3n general coincide para la toma de decisiones sobre situaciones de vida. Las decisiones dif\u00edciles a tomar en el sistema de salud no deber\u00edan superar el inter\u00e9s de las personas en particular ya que si ello ocurre las decisiones pueden estar influenciadas por m\u00faltiples razones.<\/p>\n<p>Ya se conoce el d\u00e9ficit del sistema de salud, en cuanto a las posibilidades de solucionar todos los problemas y atender a todas las personas, por lo que es posible decir que falta una metodolog\u00eda adecuada para distribuir los recursos asignados al mismo, de manera m\u00e1s eficiente.<\/p>\n<p>Es as\u00ed que, los adultos mayores aportantes al sistema de salud son marginados de las posibilidades y necesidades de atenci\u00f3n por una distribuci\u00f3n injusta de los recursos. Ello, fundamentalmente, basado en criterios de rentabilidad econ\u00f3mica m\u00e1s que en factores propios asignables a una adecuada atenci\u00f3n de los adultos mayores, que ni siquiera contempla la retribuci\u00f3n total de los aportes actualizados que fueron realizados hasta el presente por los mismos.<\/p>\n<p>En t\u00e9rminos econ\u00f3mico-financieros la ecuaci\u00f3n se invierte generando una distribuci\u00f3n inequitativa de los recursos asignables al sistema de salud, alejando a la tercera edad de la posibilidad de satisfacer las necesidades reales para la atenci\u00f3n integral de su salud.<\/p>\n<p>Esta introducci\u00f3n general es planteada, a los efectos de analizar si es \u00e9tico y normalmente aceptable en un sistema de salud que aquellos que transiten la tercera edad sean pr\u00e1cticamente marginados del mismo, como tambi\u00e9n preguntar qu\u00e9 es lo que el Estado debe garantizar a estos.<\/p>\n<p>Es innegable que esta situaci\u00f3n tender\u00e1 a agravarse con el crecimiento de la expectativa de vida.<\/p>\n<p>En el futuro, la estrategia implementada hasta el presente no servir\u00e1 para corregir la situaci\u00f3n existente. De ah\u00ed que se requiera una nueva interpretaci\u00f3n y replanteo del problema para lograr que la tercera edad sea considerada como un \u201cper\u00edodo de oportunidad de vida\u201d y no un \u201cper\u00edodo de marginaci\u00f3n\u201d.<\/p>\n<p>Se entiende as\u00ed, que los derechos de los adultos mayores deben ser explicitados en t\u00e9rminos de lograr, para la tercera edad, nuevos y variados cauces para seguir sirviendo a la sociedad, convirti\u00e9ndose en un aporte vital positivo para la misma, la que deber\u00eda albergarlos sin ning\u00fan tipo de marginaci\u00f3n, incluyendo, prioritariamente, la atenci\u00f3n integral de la salud.<\/p>\n<hr \/>\n<p><img loading=\"lazy\" decoding=\"async\" class=\"alignnone wp-image-279 size-full\" title=\"Ing. N\u00e9stor E. Fern\u00e1ndez Presidente de OSMISS\" src=\"https:\/\/osmiss.org.ar\/news2\/wp-content\/uploads\/2018\/05\/fotopresidencia.jpg\" alt=\"Imagen del Ing. N\u00e9stor E. Fern\u00e1ndez\" width=\"150\" height=\"150\" srcset=\"https:\/\/osmiss.org.ar\/news2\/wp-content\/uploads\/2018\/05\/fotopresidencia.jpg 150w, https:\/\/osmiss.org.ar\/news2\/wp-content\/uploads\/2018\/05\/fotopresidencia-60x60.jpg 60w\" sizes=\"auto, (max-width: 150px) 100vw, 150px\" \/><\/p>\n<p><em><strong>Ing. N\u00e9stor E. Fern\u00e1ndez<\/strong><\/em><br \/>\n<em><strong>Presidente de OSMISS<\/strong><\/em><\/p>\n","protected":false},"excerpt":{"rendered":"<p>En t\u00e9rminos de la importancia del sistema de salud para la tercera edad, ya se plante\u00f3 en la publicaci\u00f3n N\u00ba 15 de ENCONTACTO (Riesgos de la tercera edad), la necesidad de debatir los derechos de &hellip; <\/p>\n","protected":false},"author":2,"featured_media":771,"comment_status":"closed","ping_status":"open","sticky":false,"template":"","format":"standard","meta":{"om_disable_all_campaigns":false,"_monsterinsights_skip_tracking":false,"_uf_show_specific_survey":0,"_uf_disable_surveys":false,"footnotes":""},"categories":[22],"tags":[],"class_list":["post-122","post","type-post","status-publish","format-standard","has-post-thumbnail","hentry","category-editoriales","grid-sizer"],"aioseo_notices":[],"_links":{"self":[{"href":"https:\/\/osmiss.org.ar\/news2\/wp-json\/wp\/v2\/posts\/122","targetHints":{"allow":["GET"]}}],"collection":[{"href":"https:\/\/osmiss.org.ar\/news2\/wp-json\/wp\/v2\/posts"}],"about":[{"href":"https:\/\/osmiss.org.ar\/news2\/wp-json\/wp\/v2\/types\/post"}],"author":[{"embeddable":true,"href":"https:\/\/osmiss.org.ar\/news2\/wp-json\/wp\/v2\/users\/2"}],"replies":[{"embeddable":true,"href":"https:\/\/osmiss.org.ar\/news2\/wp-json\/wp\/v2\/comments?post=122"}],"version-history":[{"count":2,"href":"https:\/\/osmiss.org.ar\/news2\/wp-json\/wp\/v2\/posts\/122\/revisions"}],"predecessor-version":[{"id":852,"href":"https:\/\/osmiss.org.ar\/news2\/wp-json\/wp\/v2\/posts\/122\/revisions\/852"}],"wp:featuredmedia":[{"embeddable":true,"href":"https:\/\/osmiss.org.ar\/news2\/wp-json\/wp\/v2\/media\/771"}],"wp:attachment":[{"href":"https:\/\/osmiss.org.ar\/news2\/wp-json\/wp\/v2\/media?parent=122"}],"wp:term":[{"taxonomy":"category","embeddable":true,"href":"https:\/\/osmiss.org.ar\/news2\/wp-json\/wp\/v2\/categories?post=122"},{"taxonomy":"post_tag","embeddable":true,"href":"https:\/\/osmiss.org.ar\/news2\/wp-json\/wp\/v2\/tags?post=122"}],"curies":[{"name":"wp","href":"https:\/\/api.w.org\/{rel}","templated":true}]}}