{"id":124,"date":"2010-12-03T13:45:07","date_gmt":"2010-12-03T16:45:07","guid":{"rendered":"http:\/\/www.osmiss.com.ar\/news\/?p=124"},"modified":"2022-03-31T14:11:00","modified_gmt":"2022-03-31T17:11:00","slug":"algunas-consideraciones-sobre-la-tercera-edad","status":"publish","type":"post","link":"https:\/\/osmiss.org.ar\/news2\/2010\/12\/03\/algunas-consideraciones-sobre-la-tercera-edad\/","title":{"rendered":"Algunas consideraciones sobre la tercera edad"},"content":{"rendered":"<p>Del estudio del crecimiento demogr\u00e1fico del pa\u00eds, se observa que la participaci\u00f3n de las personas mayores de 65 a\u00f1os en relaci\u00f3n al total de la poblaci\u00f3n, va aumentando en una proporci\u00f3n ascendente debido, fundamentalmente, al crecimiento de la expectativa de vida y al decrecimiento de la poblaci\u00f3n juvenil y adulta, es decir, a una modificaci\u00f3n sustancial de la pir\u00e1mide demogr\u00e1fica.<\/p>\n<p>Esta modificaci\u00f3n influye en forma notable en los problemas que se producen en la atenci\u00f3n de la salud, no solo desde el punto de vista de las cargas sociales, econ\u00f3micas y financieras, sino tambi\u00e9n, en forma fundamental, en lo atinente a la necesidad de la reformulaci\u00f3n de los servicios de la salud para una efectiva atenci\u00f3n de los mismos a los efectos que esta poblaci\u00f3n permanezca activa (f\u00edsica, social y mentalmente).<\/p>\n<p>Lo realizado en el sistema de salud hasta el presente no alcanza a satisfacer, para la expectativa de vida asignable a esta poblaci\u00f3n, la calidad de vida que ser\u00eda deseable para ellos. En el marco de una sociedad en cambio con importantes asechanzas sociales, turbulenta y complicada se plantea la necesidad de una nueva interpretaci\u00f3n y replanteo del sistema de salud. Ello, nos debe llevar a considerar a la tercera edad como un Per\u00edodo de Oportunidad de Vida, que si se sabe aprovechar y se est\u00e1 preparado para ello, puede ofrecer muchas satisfacciones que no se han alcanzado en los otros per\u00edodos de la vida ya transcurridos.<\/p>\n<p>En ese marco, la disposici\u00f3n de tiempo permite adoptar nuevos y variados caminos, para lo cual deber\u00eda prepararse la sociedad toda a aceptar el aporte vital que este sector de la poblaci\u00f3n puede brindar.<\/p>\n<p>En la actualidad, respecto a la tercera edad se plantea no solo problemas m\u00e9dicos espec\u00edficos, sino tambi\u00e9n otros que afectan los aspectos psicol\u00f3gicos que tienen repercusi\u00f3n social como diagn\u00f3stico de una situaci\u00f3n modificable, derivada de una minusval\u00eda fundamentada, entre otras causas, en:<\/p>\n<ul>\n<li>Invalidez progresiva por el deterioro natural del organismo.<\/li>\n<li>Aceptaci\u00f3n de efectos m\u00f3rbidos de enfermedades cr\u00f3nicas preexistentes.<\/li>\n<li>Problemas psicol\u00f3gicos y sociales que aparecen vinculados con situaciones familiares y econ\u00f3micas.<\/li>\n<li>Los accidentes.<\/li>\n<li>La soledad.<\/li>\n<\/ul>\n<p>Para evitar estas contingencias deber\u00eda reorientarse, en el encuadre de la salud, la atenci\u00f3n de las personas de la tercera edad mediante la implementaci\u00f3n de los siguientes criterios de acci\u00f3n:<\/p>\n<ul>\n<li>Mantenimiento prioritario de la actividad psicof\u00edsica.<\/li>\n<li>Prevenci\u00f3n y diagn\u00f3stico temprano de las enfermedades cr\u00f3nicas.<\/li>\n<li>Rehabilitaci\u00f3n psicof\u00edsica lo m\u00e1s completa posible.<\/li>\n<\/ul>\n<p>En lo atinente a los objetivos de vida asignables a las personas en la tercera edad, el sistema de salud deber\u00eda pretender alcanzar las siguientes metas:<\/p>\n<ul>\n<li>Alcanzar a vivir una vida tan normal como sea posible, junto a su familia, en sus domicilios o en un ambiente hogare\u00f1o, dentro de la comunidad.<\/li>\n<li>Tener cuidados adecuados y recibir el apoyo necesario para mantener su independencia.<\/li>\n<li>Crear las medidas necesarias para respetar su opini\u00f3n personal sobre c\u00f3mo quieren vivir y los caminos a seguir en sus vidas.<\/li>\n<\/ul>\n<p>En este marco es posible pensar en el derecho de las personas de la tercera edad a integrarse en la comunidad con una aptitud de vida que no menoscabe sus posibilidades.<\/p>\n<p>En ese sentido, se entiende, que deber\u00eda plantearse una ley de igualdad para la tercera edad donde se proh\u00edba la discriminaci\u00f3n contra la gente mayor no encasill\u00e1ndola por la edad que tiene. Se entiende que se necesita una transformaci\u00f3n fundamental y proporcional a los cambios sociales que se registran.<\/p>\n<p>As\u00ed, las organizaciones internacionales deber\u00edan tomar como una causa la sustentabilidad de las poblaciones que envejecen, tal como lo han hecho con el tema del medio ambiente, incluyendo a la misma en los objetivos de desarrollo del milenio.<\/p>\n<hr \/>\n<p><img loading=\"lazy\" decoding=\"async\" class=\"alignnone wp-image-279 size-full\" title=\"Ing. N\u00e9stor E. Fern\u00e1ndez Presidente de OSMISS\" src=\"https:\/\/osmiss.org.ar\/news2\/wp-content\/uploads\/2018\/05\/fotopresidencia.jpg\" alt=\"Imagen del Ing. N\u00e9stor E. Fern\u00e1ndez\" width=\"150\" height=\"150\" srcset=\"https:\/\/osmiss.org.ar\/news2\/wp-content\/uploads\/2018\/05\/fotopresidencia.jpg 150w, https:\/\/osmiss.org.ar\/news2\/wp-content\/uploads\/2018\/05\/fotopresidencia-60x60.jpg 60w\" sizes=\"auto, (max-width: 150px) 100vw, 150px\" \/><\/p>\n<p><em><strong>Ing. N\u00e9stor E. Fern\u00e1ndez<\/strong><\/em><br \/>\n<em><strong>Presidente de OSMISS<\/strong><\/em><\/p>\n","protected":false},"excerpt":{"rendered":"<p>Del estudio del crecimiento demogr\u00e1fico del pa\u00eds, se observa que la participaci\u00f3n de las personas mayores de 65 a\u00f1os en relaci\u00f3n al total de la poblaci\u00f3n, va aumentando en una proporci\u00f3n ascendente debido, fundamentalmente, al &hellip; <\/p>\n","protected":false},"author":2,"featured_media":772,"comment_status":"closed","ping_status":"open","sticky":false,"template":"","format":"standard","meta":{"om_disable_all_campaigns":false,"_monsterinsights_skip_tracking":false,"_uf_show_specific_survey":0,"_uf_disable_surveys":false,"footnotes":""},"categories":[22],"tags":[],"class_list":["post-124","post","type-post","status-publish","format-standard","has-post-thumbnail","hentry","category-editoriales","grid-sizer"],"aioseo_notices":[],"_links":{"self":[{"href":"https:\/\/osmiss.org.ar\/news2\/wp-json\/wp\/v2\/posts\/124","targetHints":{"allow":["GET"]}}],"collection":[{"href":"https:\/\/osmiss.org.ar\/news2\/wp-json\/wp\/v2\/posts"}],"about":[{"href":"https:\/\/osmiss.org.ar\/news2\/wp-json\/wp\/v2\/types\/post"}],"author":[{"embeddable":true,"href":"https:\/\/osmiss.org.ar\/news2\/wp-json\/wp\/v2\/users\/2"}],"replies":[{"embeddable":true,"href":"https:\/\/osmiss.org.ar\/news2\/wp-json\/wp\/v2\/comments?post=124"}],"version-history":[{"count":2,"href":"https:\/\/osmiss.org.ar\/news2\/wp-json\/wp\/v2\/posts\/124\/revisions"}],"predecessor-version":[{"id":836,"href":"https:\/\/osmiss.org.ar\/news2\/wp-json\/wp\/v2\/posts\/124\/revisions\/836"}],"wp:featuredmedia":[{"embeddable":true,"href":"https:\/\/osmiss.org.ar\/news2\/wp-json\/wp\/v2\/media\/772"}],"wp:attachment":[{"href":"https:\/\/osmiss.org.ar\/news2\/wp-json\/wp\/v2\/media?parent=124"}],"wp:term":[{"taxonomy":"category","embeddable":true,"href":"https:\/\/osmiss.org.ar\/news2\/wp-json\/wp\/v2\/categories?post=124"},{"taxonomy":"post_tag","embeddable":true,"href":"https:\/\/osmiss.org.ar\/news2\/wp-json\/wp\/v2\/tags?post=124"}],"curies":[{"name":"wp","href":"https:\/\/api.w.org\/{rel}","templated":true}]}}