{"id":1240,"date":"2024-09-02T13:20:46","date_gmt":"2024-09-02T16:20:46","guid":{"rendered":"https:\/\/osmiss.org.ar\/news2\/?p=1240"},"modified":"2025-01-24T13:31:34","modified_gmt":"2025-01-24T16:31:34","slug":"la-viruela-del-mono","status":"publish","type":"post","link":"https:\/\/osmiss.org.ar\/news2\/2024\/09\/02\/la-viruela-del-mono\/","title":{"rendered":"La Viruela del Mono"},"content":{"rendered":"\n<blockquote class=\"wp-block-quote is-layout-flow wp-block-quote-is-layout-flow\">\n<p class=\"wp-block-paragraph\"><strong>Actualidad<\/strong><\/p>\n\n\n\n<p class=\"wp-block-paragraph\">A ra\u00edz de los recientes casos en Estados Unidos, Espa\u00f1a, Portugal , el estudio de un caso en Canad\u00e1 y la reciente aparici\u00f3n de un caso confirmado en Suecia, sumados a los que ya hab\u00edan aparecido en el Reino Unido, comienza a hablarse de la viruela del mono.<\/p>\n\n\n\n<p class=\"wp-block-paragraph\">La Organizaci\u00f3n Mundial de la Salud sigue de cerca la aparici\u00f3n de casos en al menos cinco pa\u00edses del mundo, tambi\u00e9n indic\u00f3 que la variante que circula es la menos grave<\/p>\n<\/blockquote>\n\n\n\n<div class=\"wp-block-columns is-layout-flex wp-container-core-columns-is-layout-8f761849 wp-block-columns-is-layout-flex\">\n<div class=\"wp-block-column is-layout-flow wp-block-column-is-layout-flow\" style=\"flex-basis:33.33%\">\n<h2 class=\"wp-block-heading\">\u00bf<strong>Qu\u00e9 es la viruela del mono<\/strong>?<\/h2>\n<\/div>\n\n\n\n<div class=\"wp-block-column is-layout-flow wp-block-column-is-layout-flow\" style=\"flex-basis:66.66%\">\n<p class=\"wp-block-paragraph\">Seg\u00fan detalla la ONU (Organizaci\u00f3n de las Naciones Unidas), la viruela del mono es una enfermedad viral que ocurre principalmente en \u00e1reas de selva tropical de Africa central y occidental y ocasionalmente se exporta a otras regiones.<\/p>\n\n\n\n<p class=\"wp-block-paragraph\">El virus de la viruela s\u00edmica pertenece a la familia de los Ortopoxvirus, que incluye la viruela.<\/p>\n\n\n\n<p class=\"wp-block-paragraph\">La viruela del mono es una enfermedad poco frecuente causada por el virus del mismo nombre. Este virus suele afectar a roedores, como ratas o ratones, y a primates no humanos, como los monos. Sin embargo, tambi\u00e9n puede afectar a las personas.<\/p>\n\n\n\n<p class=\"wp-block-paragraph\">La viruela del mono suele encontrarse en \u00c1frica Central y Occidental. Los casos fuera de \u00c1frica suelen ocurrir debido a los siguientes motivos:<\/p>\n\n\n\n<ul class=\"wp-block-list\">\n<li>Viaje internacional.<\/li>\n\n\n\n<li>Importaci\u00f3n de animales.<\/li>\n\n\n\n<li>Contacto estrecho con un animal o una persona que tiene la viruela del mono.<\/li>\n<\/ul>\n\n\n\n<p class=\"wp-block-paragraph\">Desde 2022, se informaron casos en pa\u00edses en los que no suelen darse casos de viruela del mono, como los Estados Unidos. Los Centros para el Control y la Prevenci\u00f3n de Enfermedades (CDC, por sus siglas en ingl\u00e9s) siguen vigilando los casos que se han notificado en todo el mundo, incluso en Europa y los Estados Unidos.<\/p>\n<\/div>\n<\/div>\n\n\n\n<div class=\"wp-block-columns is-layout-flex wp-container-core-columns-is-layout-8f761849 wp-block-columns-is-layout-flex\">\n<div class=\"wp-block-column is-layout-flow wp-block-column-is-layout-flow\" style=\"flex-basis:33.33%\">\n<h2 class=\"wp-block-heading\"><strong>\u00bfC\u00f3mo se contagia el virus que causa la viruela del mono?<\/strong><\/h2>\n<\/div>\n\n\n\n<div class=\"wp-block-column is-layout-flow wp-block-column-is-layout-flow\" style=\"flex-basis:66.66%\">\n<p class=\"wp-block-paragraph\">Por lo general es una enfermedad leve y la mayor\u00eda de las personas se recuperan en unas pocas semanas<\/p>\n\n\n\n<p class=\"wp-block-paragraph\">La causa de la viruela del mono es un virus que recibe el mismo nombre. El virus se propaga a trav\u00e9s del contacto estrecho con un animal o una persona infectada. Puede propagarse tambi\u00e9n cuando una persona utiliza materiales (por ejemplo, ropa de cama) que han estado en contacto con alguien que tenga la viruela del mono.<\/p>\n\n\n\n<p class=\"wp-block-paragraph\">El virus tambi\u00e9n puede ingresar al cuerpo a trav\u00e9s de fluidos corporales, material lesionado o contacto indirecto con material lesionado.<\/p>\n\n\n\n<p class=\"wp-block-paragraph\">Las personas se contagian del virus que causa esta enfermedad de las siguientes maneras:<\/p>\n\n\n\n<ul class=\"wp-block-list\">\n<li>Contacto directo con sarpullidos, costras o fluidos corporales de una persona con la viruela del mono.<\/li>\n\n\n\n<li>Contacto estrecho prolongado (m\u00e1s de cuatro horas) con las gotitas respiratorias de una persona infectada. Esto incluye el contacto sexual.<\/li>\n\n\n\n<li>Ropa, s\u00e1banas, mantas u otros materiales que hayan estado en contacto con sarpullidos o fluidos corporales de una persona infectada.<\/li>\n\n\n\n<li>Una persona embarazada infectada puede trasmitir el virus de la viruela del mono al feto.<\/li>\n<\/ul>\n\n\n\n<p class=\"wp-block-paragraph\">Esta enfermedad se contagia de un animal a una persona de las siguientes maneras:<\/p>\n\n\n\n<ul class=\"wp-block-list\">\n<li>mordeduras o ara\u00f1azos de los animales;<\/li>\n\n\n\n<li>carne de caza que se cocina para comer;<\/li>\n\n\n\n<li>productos, como cueros o pieles, elaborados con animales infectados;<\/li>\n\n\n\n<li>contacto directo con l\u00edquidos corporales o sarpullidos de animales con la viruela del mono.<\/li>\n<\/ul>\n<\/div>\n<\/div>\n\n\n\n<figure class=\"wp-block-image size-medium\"><img loading=\"lazy\" decoding=\"async\" width=\"300\" height=\"214\" src=\"https:\/\/osmiss.org.ar\/news2\/wp-content\/uploads\/2024\/09\/3-300x214.jpg\" alt=\"\" class=\"wp-image-1248\" srcset=\"https:\/\/osmiss.org.ar\/news2\/wp-content\/uploads\/2024\/09\/3-300x214.jpg 300w, https:\/\/osmiss.org.ar\/news2\/wp-content\/uploads\/2024\/09\/3-768x548.jpg 768w, https:\/\/osmiss.org.ar\/news2\/wp-content\/uploads\/2024\/09\/3-84x60.jpg 84w, https:\/\/osmiss.org.ar\/news2\/wp-content\/uploads\/2024\/09\/3.jpg 970w\" sizes=\"auto, (max-width: 300px) 100vw, 300px\" \/><\/figure>\n\n\n\n<div class=\"wp-block-columns is-layout-flex wp-container-core-columns-is-layout-8f761849 wp-block-columns-is-layout-flex\">\n<div class=\"wp-block-column is-layout-flow wp-block-column-is-layout-flow\" style=\"flex-basis:33.33%\">\n<h2 class=\"wp-block-heading\">\u00bfC\u00f3mo sospechar de la presencia de la enfermedad?<\/h2>\n<\/div>\n\n\n\n<div class=\"wp-block-column is-layout-flow wp-block-column-is-layout-flow\" style=\"flex-basis:66.66%\">\n<p class=\"wp-block-paragraph\">Los s\u00edntomas&nbsp;iniciales incluyen&nbsp;<a href=\"https:\/\/www.clarin.com\/buena-vida\/como-bajar-la-fiebre_0_Obsa9sWW.html\" target=\"_blank\" rel=\"noreferrer noopener\">fiebre<\/a>,&nbsp;<a href=\"https:\/\/www.clarin.com\/buena-vida\/-como-diferenciar-la-migrana-de-otro-dolor-de-cabeza-_0_C3jN0b8o5.html\" target=\"_blank\" rel=\"noreferrer noopener\">dolor de cabeza<\/a>, musculares y de espalda, ganglios linf\u00e1ticos inflamados (linfadenopat\u00eda), escalofr\u00edos y agotamiento. Se puede desarrollar una erupci\u00f3n (exantema) comenzando en general en la cara y luego extendi\u00e9ndose a otras partes del cuerpo, incluidos los genitales.<\/p>\n\n\n\n<p class=\"wp-block-paragraph\">Y agrega que la erupci\u00f3n suele pasar por diferentes etapas, &#8220;y puede parecerse a la varicela o la s\u00edfilis, antes de finalmente formar una costra, que luego se cae&#8221;.<\/p>\n\n\n\n<p class=\"wp-block-paragraph\">El protocolo actual indicado por la OMS indica que personas con estos s\u00edntomas deben buscar atenci\u00f3n personalizada, los casos sospechosos deben ser aislados y examinados y notificados de inmediato.<\/p>\n\n\n\n<p class=\"wp-block-paragraph\">Se debe iniciar el rastreo de contactos hacia atr\u00e1s y hacia adelante para los casos positivos.<\/p>\n<\/div>\n<\/div>\n\n\n\n<div class=\"wp-block-columns is-layout-flex wp-container-core-columns-is-layout-8f761849 wp-block-columns-is-layout-flex\">\n<div class=\"wp-block-column is-layout-flow wp-block-column-is-layout-flow\" style=\"flex-basis:33.33%\">\n<h2 class=\"wp-block-heading\">Transmisi\u00f3n sexual<\/h2>\n<\/div>\n\n\n\n<div class=\"wp-block-column is-layout-flow wp-block-column-is-layout-flow\" style=\"flex-basis:66.66%\">\n<p class=\"wp-block-paragraph\">Si bien la viruela del mono no est\u00e1 reportada como una infecci\u00f3n de transmisi\u00f3n sexual, puede transmitirse por contacto directo durante las relaciones sexuales con lesiones cut\u00e1neas infecciosas.<\/p>\n\n\n\n<p class=\"wp-block-paragraph\">Sin embargo,&nbsp;en este brote en particular hay datos relevantes&nbsp;por ejemplo varios hombres que se identificaron a s\u00ed mismos como hombres que tienen sexo con hombres con predominio de lesiones en el \u00e1rea genital.<\/p>\n\n\n\n<p class=\"wp-block-paragraph\">Esta frecuencia inusualmente alta de transmisi\u00f3n de persona a persona observada y transmisi\u00f3n sin antecedentes de viajes a \u00e1reas end\u00e9micas (selva tropical de \u00c1frica); sugiere un aumento en la probabilidad de propagaci\u00f3n del virus a trav\u00e9s del contacto cercano como actividades sexuales.<\/p>\n\n\n\n<p class=\"wp-block-paragraph\">Cualquier persona, sin importar su condici\u00f3n sexual, puede transmitir la viruela del mono a trav\u00e9s del contacto con fluidos corporales, llagas de viruela del mono u objetos compartidos (como ropa y ropa de cama) que hayan sido contaminados con fluidos o llagas de una persona con viruela del mono.<\/p>\n<\/div>\n<\/div>\n\n\n\n<div class=\"wp-block-columns is-layout-flex wp-container-core-columns-is-layout-8f761849 wp-block-columns-is-layout-flex\">\n<div class=\"wp-block-column is-layout-flow wp-block-column-is-layout-flow\" style=\"flex-basis:33.33%\">\n<h2 class=\"wp-block-heading\">\u00bfC\u00f3mo se puede prevenir?<\/h2>\n<\/div>\n\n\n\n<div class=\"wp-block-column is-layout-flow wp-block-column-is-layout-flow\" style=\"flex-basis:66.66%\">\n<p class=\"wp-block-paragraph\">Esta enfermedad se puede prevenir al evitar contacto f\u00edsico directo con personas infectadas o con sospecha de enfermedad, y con los objetos de uso personal y materiales usados para la atenci\u00f3n m\u00e9dica; lavarse las manos con agua y jab\u00f3n o utilizar gel antibacterial.<\/p>\n\n\n\n<p class=\"wp-block-paragraph\">Toma estas medidas para prevenir la infecci\u00f3n o la propagaci\u00f3n del virus de esta enfermedad:<\/p>\n\n\n\n<ul class=\"wp-block-list\">\n<li>Evita el contacto estrecho con personas que tengan un sarpullido parecido al que sale con la viruela del mono.<\/li>\n\n\n\n<li>Evita usar o tocar ropa, s\u00e1banas, mantas u otros materiales que hayan estado en contacto con un animal o una persona infectados.<\/li>\n\n\n\n<li>A\u00edsla a las personas que tengan la viruela del mono para separarlas de las personas sanas.<\/li>\n\n\n\n<li>L\u00e1vate bien las manos con agua y jab\u00f3n despu\u00e9s de tener cualquier tipo de contacto con una persona o un animal infectados. Si no dispones de agua ni de jab\u00f3n, utiliza un desinfectante de manos a base de alcohol.<\/li>\n\n\n\n<li>Evita los animales que puedan tener el virus.<\/li>\n<\/ul>\n\n\n\n<p class=\"wp-block-paragraph\">Algunas vacunas contra la viruela pueden prevenir la viruela del mono, incluidas las vacunas ACAM2000 y Jynneos. Estas vacunas pueden utilizarse para prevenir la viruela del mono, ya que tanto el virus que causa esta enfermedad como el que causa la viruela est\u00e1n relacionados.<\/p>\n\n\n\n<p class=\"wp-block-paragraph\">Los profesionales de la salud pueden sugerir que las personas que han estado expuestas a la viruela del mono reciban la vacuna. Algunas personas que corren riesgo de exposici\u00f3n al virus en su trabajo, como las personas que trabajan en laboratorios, tambi\u00e9n pueden recibir la vacuna.<\/p>\n\n\n\n<p class=\"wp-block-paragraph\">La vacuna contra la viruela actuar\u00eda &#8220;a nivel profil\u00e1ctico&#8221;.<\/p>\n<\/div>\n<\/div>\n\n\n\n<div class=\"wp-block-columns is-layout-flex wp-container-core-columns-is-layout-8f761849 wp-block-columns-is-layout-flex\">\n<div class=\"wp-block-column is-layout-flow wp-block-column-is-layout-flow\" style=\"flex-basis:33.33%\">\n<h2 class=\"wp-block-heading\"><strong>\u00bfCu\u00e1l es el tratamiento para la viruela del mono?<\/strong><\/h2>\n<\/div>\n\n\n\n<div class=\"wp-block-column is-layout-flow wp-block-column-is-layout-flow\" style=\"flex-basis:66.66%\">\n<p class=\"wp-block-paragraph\">El tratamiento para la mayor\u00eda de las personas con esta enfermedad tiene el objetivo de aliviar los s\u00edntomas. Los cuidados m\u00e9dicos pueden incluir tratar el da\u00f1o de la piel producido por el sarpullido de la viruela del mono, beber mucho l\u00edquido para ayudar a mantener las heces blandas y controlar el dolor.<\/p>\n\n\n\n<p class=\"wp-block-paragraph\">Si tienes viruela del mono, a\u00edslate en casa en una habitaci\u00f3n separada de tu familia y los animales dom\u00e9sticos hasta que se curen el sarpullido y las costras.<\/p>\n\n\n\n<p class=\"wp-block-paragraph\">No hay ning\u00fan tratamiento espec\u00edfico aprobado para la viruela del mono. Los profesionales de la salud pueden tratar esta enfermedad con algunos medicamentos antivirales que se usan para tratar la viruela, como el tecovirimat (TPOXX) o el brincidofovir (Tembexa).<\/p>\n\n\n\n<p class=\"wp-block-paragraph\">Para quienes probablemente no respondan a la vacuna, los profesionales de la salud pueden ofrecer inmunoglobulina de una variolovacuna, que tiene anticuerpos de personas que han recibido la vacuna contra la viruela.<\/p>\n\n\n\n<p class=\"wp-block-paragraph\">Para casos severos, el tratamiento con Antivirales registrados, como cidofivir, es el indicado.<\/p>\n<\/div>\n<\/div>\n\n\n\n<div class=\"wp-block-columns is-layout-flex wp-container-core-columns-is-layout-8f761849 wp-block-columns-is-layout-flex\">\n<div class=\"wp-block-column is-layout-flow wp-block-column-is-layout-flow\" style=\"flex-basis:33.33%\">\n<h2 class=\"wp-block-heading\"><strong>\u00bfCu\u00e1les son las complicaciones de la viruela del mono?<\/strong><\/h2>\n<\/div>\n\n\n\n<div class=\"wp-block-column is-layout-flow wp-block-column-is-layout-flow\" style=\"flex-basis:66.66%\">\n<p class=\"wp-block-paragraph\">Entre las complicaciones de esta enfermedad, se incluyen las siguientes:<\/p>\n\n\n\n<ul class=\"wp-block-list\">\n<li>cicatrices graves en la cara, los brazos y las piernas;<\/li>\n\n\n\n<li>ceguera;<\/li>\n\n\n\n<li>otras infecciones;<\/li>\n\n\n\n<li>muerte, en casos excepcionales.<\/li>\n<\/ul>\n\n\n\n<p class=\"wp-block-paragraph\">El tipo de virus que causa la viruela del mono y que predomina en el brote de 2022, el clado II, lleva a la muerte en muy pocas ocasiones.<\/p>\n\n\n\n<p class=\"wp-block-paragraph\">Ten en cuenta que la viruela del mono es poco frecuente en los Estados Unidos y que el virus no se contagia f\u00e1cilmente entre personas sin contacto estrecho. Sin embargo, si tienes un sarpullido nuevo o alg\u00fan s\u00edntoma de esta enfermedad, ponte en contacto con el profesional de la salud.<\/p>\n\n\n\n<p class=\"wp-block-paragraph\">Si bien la enfermedad suele ceder espont\u00e1neamente entre los 14 y los 21 d\u00edas, las lesiones pueden causar dolor y ser molestas debido a la picaz\u00f3n.<\/p>\n\n\n\n<p class=\"wp-block-paragraph\">M\u00e1s all\u00e1 de los reportes en el Reino Unido, Portugal, Espa\u00f1a Y Estados Unidos, el n\u00famero de casos sigue siendo muy limitado a menos de una centena a nivel mundial.En este contexto si bien es relevante la vigilancia y seguimiento, los riesgos de exposici\u00f3n en la regi\u00f3n a la fecha son m\u00ednimos.<\/p>\n<\/div>\n<\/div>\n\n\n\n<div class=\"wp-block-columns is-layout-flex wp-container-core-columns-is-layout-8f761849 wp-block-columns-is-layout-flex\">\n<div class=\"wp-block-column is-layout-flow wp-block-column-is-layout-flow\" style=\"flex-basis:33.33%\">\n<h2 class=\"wp-block-heading\"><strong>Cu\u00e1ntos casos hay en Argentina y que medidas tom\u00f3 el Ministerio de Salud<\/strong><\/h2>\n<\/div>\n\n\n\n<div class=\"wp-block-column is-layout-flow wp-block-column-is-layout-flow\" style=\"flex-basis:66.66%\">\n<p class=\"wp-block-paragraph\">La Organizaci\u00f2n mundial de la salud declar\u00f3 \u00e9ste 15 de agosto, el estado de emergencia sanitaria de alcance internacional por un brote de viruela del mono.<\/p>\n\n\n\n<p class=\"wp-block-paragraph\">Seg\u00f9n el bolet\u00edn epidemiol\u00f3gico nacional emitido el 12 de agosto de 2024, en Argentina se confirmaron 5 casos de \u00e9sta enfermedad de un total de 39 notificados.<\/p>\n\n\n\n<p class=\"wp-block-paragraph\">Tambi\u00e9n se remarc\u00f3 que de los casos registrados, tres de ellos registran antecedentes de viajes o contacto con viajeros y el restante no presenta antecedentes de viaje y se encuentra en investigaci\u00f3n epidemiol\u00f3gica.<\/p>\n\n\n\n<p class=\"wp-block-paragraph\">Existen dos CLADOS o variantes gen\u00e9ticas distintas. El CLADO 1&nbsp;&nbsp; (causante del brote actual) mata a uno de cada 10 infectados(10%)&nbsp;<\/p>\n\n\n\n<p class=\"wp-block-paragraph\">El CLADO 2, la causa de los brotes de 2022 es mucho menos mort\u00edfero con una tasa de mortalidad inferior al 1%<\/p>\n\n\n\n<p class=\"wp-block-paragraph\">Por \u00faltimo la cartera sanitaria aclar\u00f3 que el CLADO identificado en el pa\u00eds es el CLADO II, que es el mismo que se registr\u00f3 desde el inici\u00f3 de la circulaci\u00f3n de \u00e9sta enfermedad en Argentina en el a\u00f1o 2022.<\/p>\n\n\n\n<p class=\"wp-block-paragraph\">Aunque en Argentina no se han registrado de la nueva variante MPOX, el Ministerio de Salud de la Naci\u00f3n se encuentra llevando acciones de vigilancia epidemiol\u00f3gica para la detecci\u00f3n, diagn\u00f3stico precoz, atenci\u00f3n adecuada e implementaci\u00f3n de medidas de aislamiento y rastreo de contacto de posibles casos.<\/p>\n\n\n\n<p class=\"wp-block-paragraph\">Tambi\u00e9n se han reforzado las recomendaciones y pautas de alerta ante sospechas a todos los referentes de frontera en los puntos de entrada terrestre, puertos y aeropuertos.<\/p>\n<\/div>\n<\/div>\n\n\n\n<h5 class=\"wp-block-heading\">&#8212; Autores &#8212;&#8212;&#8212;<\/h5>\n\n\n\n<div class=\"wp-block-columns is-layout-flex wp-container-core-columns-is-layout-8f761849 wp-block-columns-is-layout-flex\">\n<div class=\"wp-block-column is-layout-flow wp-block-column-is-layout-flow\">\n<figure class=\"wp-block-image size-full\"><a href=\"https:\/\/www.funsalud.org.ar\/\"><img loading=\"lazy\" decoding=\"async\" width=\"400\" height=\"130\" src=\"https:\/\/osmiss.org.ar\/news2\/wp-content\/uploads\/2024\/09\/autor-dr-nuri-2025.jpg\" alt=\"autor - dr nuri 2025\" class=\"wp-image-1271\" srcset=\"https:\/\/osmiss.org.ar\/news2\/wp-content\/uploads\/2024\/09\/autor-dr-nuri-2025.jpg 400w, https:\/\/osmiss.org.ar\/news2\/wp-content\/uploads\/2024\/09\/autor-dr-nuri-2025-300x98.jpg 300w\" sizes=\"auto, (max-width: 400px) 100vw, 400px\" \/><\/a><\/figure>\n<\/div>\n\n\n\n<div class=\"wp-block-column is-layout-flow wp-block-column-is-layout-flow\"><\/div>\n<\/div>\n","protected":false},"excerpt":{"rendered":"<p>Actualidad A ra\u00edz de los recientes casos en Estados Unidos, Espa\u00f1a, Portugal , el estudio de un caso en Canad\u00e1 y la reciente aparici\u00f3n de un caso confirmado en Suecia, sumados a los que ya &hellip; <\/p>\n","protected":false},"author":1,"featured_media":1250,"comment_status":"closed","ping_status":"closed","sticky":false,"template":"","format":"standard","meta":{"om_disable_all_campaigns":false,"_monsterinsights_skip_tracking":false,"_uf_show_specific_survey":0,"_uf_disable_surveys":false,"footnotes":""},"categories":[23,27,202,26],"tags":[204,205,203],"class_list":["post-1240","post","type-post","status-publish","format-standard","has-post-thumbnail","hentry","category-campanadeprevencion","category-curiosidades","category-funsalud","category-promociondelasalud","tag-mono","tag-onu","tag-viruela","grid-sizer"],"aioseo_notices":[],"_links":{"self":[{"href":"https:\/\/osmiss.org.ar\/news2\/wp-json\/wp\/v2\/posts\/1240","targetHints":{"allow":["GET"]}}],"collection":[{"href":"https:\/\/osmiss.org.ar\/news2\/wp-json\/wp\/v2\/posts"}],"about":[{"href":"https:\/\/osmiss.org.ar\/news2\/wp-json\/wp\/v2\/types\/post"}],"author":[{"embeddable":true,"href":"https:\/\/osmiss.org.ar\/news2\/wp-json\/wp\/v2\/users\/1"}],"replies":[{"embeddable":true,"href":"https:\/\/osmiss.org.ar\/news2\/wp-json\/wp\/v2\/comments?post=1240"}],"version-history":[{"count":4,"href":"https:\/\/osmiss.org.ar\/news2\/wp-json\/wp\/v2\/posts\/1240\/revisions"}],"predecessor-version":[{"id":1274,"href":"https:\/\/osmiss.org.ar\/news2\/wp-json\/wp\/v2\/posts\/1240\/revisions\/1274"}],"wp:featuredmedia":[{"embeddable":true,"href":"https:\/\/osmiss.org.ar\/news2\/wp-json\/wp\/v2\/media\/1250"}],"wp:attachment":[{"href":"https:\/\/osmiss.org.ar\/news2\/wp-json\/wp\/v2\/media?parent=1240"}],"wp:term":[{"taxonomy":"category","embeddable":true,"href":"https:\/\/osmiss.org.ar\/news2\/wp-json\/wp\/v2\/categories?post=1240"},{"taxonomy":"post_tag","embeddable":true,"href":"https:\/\/osmiss.org.ar\/news2\/wp-json\/wp\/v2\/tags?post=1240"}],"curies":[{"name":"wp","href":"https:\/\/api.w.org\/{rel}","templated":true}]}}