{"id":1253,"date":"2024-08-29T13:39:27","date_gmt":"2024-08-29T16:39:27","guid":{"rendered":"https:\/\/osmiss.org.ar\/news2\/?p=1253"},"modified":"2025-01-24T13:31:44","modified_gmt":"2025-01-24T16:31:44","slug":"alerta-por-viruela-del-mono-el-ministerio-de-salud-refuerza-los-controles-en-aeropuertos","status":"publish","type":"post","link":"https:\/\/osmiss.org.ar\/news2\/2024\/08\/29\/alerta-por-viruela-del-mono-el-ministerio-de-salud-refuerza-los-controles-en-aeropuertos\/","title":{"rendered":"Alerta por viruela del mono: el Ministerio de Salud refuerza los controles en aeropuertos."},"content":{"rendered":"\n<pre class=\"wp-block-preformatted has-small-font-size\"><strong>Nota original<\/strong> - Ambito.com - <a href=\"https:\/\/www.ambito.com\/informacion-general\/alerta-viruela-del-mono-el-ministerio-salud-refuerza-los-controles-aeropuertos-n6049281\" title=\"\">Link aqu\u00ed<\/a><\/pre>\n\n\n\n<div class=\"wp-block-columns is-layout-flex wp-container-core-columns-is-layout-8f761849 wp-block-columns-is-layout-flex\">\n<div class=\"wp-block-column is-layout-flow wp-block-column-is-layout-flow\" style=\"flex-basis:33.33%\">\n<figure class=\"wp-block-image size-large\"><img loading=\"lazy\" decoding=\"async\" width=\"1024\" height=\"572\" src=\"https:\/\/osmiss.org.ar\/news2\/wp-content\/uploads\/2024\/09\/11-1024x572.png\" alt=\"\" class=\"wp-image-1254\" srcset=\"https:\/\/osmiss.org.ar\/news2\/wp-content\/uploads\/2024\/09\/11-1024x572.png 1024w, https:\/\/osmiss.org.ar\/news2\/wp-content\/uploads\/2024\/09\/11-300x168.png 300w, https:\/\/osmiss.org.ar\/news2\/wp-content\/uploads\/2024\/09\/11-768x429.png 768w, https:\/\/osmiss.org.ar\/news2\/wp-content\/uploads\/2024\/09\/11-107x60.png 107w, https:\/\/osmiss.org.ar\/news2\/wp-content\/uploads\/2024\/09\/11.png 1288w\" sizes=\"auto, (max-width: 1024px) 100vw, 1024px\" \/><\/figure>\n<\/div>\n\n\n\n<div class=\"wp-block-column is-layout-flow wp-block-column-is-layout-flow\"><\/div>\n\n\n\n<div class=\"wp-block-column is-layout-flow wp-block-column-is-layout-flow\" style=\"flex-basis:66.66%\">\n<div class=\"wp-block-group is-nowrap is-layout-flex wp-container-core-group-is-layout-8f761849 wp-block-group-is-layout-flex\">\n<p class=\"wp-block-paragraph\"><strong>Tras la &#8220;emergencia internacional&#8221; declarada por la OMS, las autoridades sanitarias anunciaron un refuerzo en las zonas fronterizas para detectar casos sospechosos. Hay cinco casos confirmados en el pa\u00eds.<\/strong><\/p>\n<\/div>\n\n\n\n<p class=\"has-vivid-cyan-blue-color has-text-color has-link-color wp-elements-f9f1a67f935df5ebe5f22e2b62a079f3 wp-block-paragraph\">El per\u00edodo de incubaci\u00f3n de la enfermedad suele ser de 6 a 13 d\u00edas.<\/p>\n<\/div>\n<\/div>\n\n\n\n<p class=\"wp-block-paragraph\">Luego de que la\u00a0<strong>Organizaci\u00f3n Mundial de la Salud (OMS)\u00a0<\/strong>declarara la\u00a0<strong>viruela del mono como un \u201cun evento de salud p\u00fablica internacional\u201d,<\/strong>\u00a0el Ministerio de Salud evalu\u00f3 la situaci\u00f3n epidemiol\u00f3gica a nivel local, donde ya hay cinco casos confirmados, y comenz\u00f3 con un plan para la detecci\u00f3n y prevenci\u00f3n de la enfermedad. En este contexto, se anunci\u00f3 un\u00a0<strong>aumento<\/strong>\u00a0<strong>en los controles sanitarios en todos los puntos de entrada al pa\u00eds, principalmente en aeropuertos.<\/strong><\/p>\n\n\n\n<p class=\"wp-block-paragraph\">La alerta del organismo de salud fue emitida tras la identificaci\u00f3n de una&nbsp;<strong>nueva variante del virus&nbsp;<\/strong>conocido como&nbsp;<strong>mpox<\/strong>, denominada Clado Ib, en \u00c1frica. Si bien a\u00fan no lleg\u00f3 al continente americano, no se descarta esta posibilidad ante el reciente aumento de casos.<\/p>\n\n\n\n<p class=\"wp-block-paragraph\">Con el objetivo de\u00a0<strong>minimizar el riesgo de entrada<\/strong>\u00a0de esta cepa al pa\u00eds, asociada a una transmisi\u00f3n sostenida as\u00ed como a la aparici\u00f3n de casos en rangos de edad m\u00e1s amplios, las autoridades sanitarias locales decidieron tomar medidas preventivas. Seg\u00fan el \u00faltimo Bolet\u00edn Epidemiol\u00f3gico Nacional,\u00a0<strong>ya hay cinco casos confirmados<\/strong>\u00a0de viruela s\u00edmica de un total de 39 casos notificados en lo que va de 2024. De estosdiagn\u00f3sticos, tres poseen\u00a0<strong>antecedentes de viaje\u00a0<\/strong>o\u00a0<strong>contacto con viajeros.\u00a0<\/strong>Esto incentiva a extremar precauciones en las personas que ingresan al pa\u00eds tanto por v\u00eda<strong>\u00a0terrestre,<\/strong>\u00a0<strong>mar\u00edtima o en avi\u00f3n<\/strong>.<\/p>\n\n\n\n<p class=\"wp-block-paragraph\">El \u00faltimo de los enfermos se encuentra en<strong>&nbsp;investigaci\u00f3n epidemiol\u00f3gica&nbsp;<\/strong>para determinar la causa de la infecci\u00f3n. La mediana de edad de los casos confirmados es&nbsp;<strong>entre los 23 y 38 a\u00f1os<\/strong>.<\/p>\n\n\n\n<p class=\"wp-block-paragraph\"><strong>Viruela del mono: cu\u00e1les son los s\u00edntomas y c\u00f3mo se transmite<\/strong> Seg\u00fan la OMS, la enfermedad es causada por el virus de la viruela s\u00edmica que se caracteriza por&nbsp;<strong>erupci\u00f3n o lesiones cut\u00e1neas que suelen concentrarse en la cara, las palmas de las manos y las plantas de los pies.<\/strong><\/p>\n\n\n\n<p class=\"wp-block-paragraph\">Los s\u00edntomas m\u00e1s comunes de la viruela s\u00edmica son las lesiones en la piel y mucosas.<\/p>\n\n\n\n<p class=\"wp-block-paragraph\">Se transmite mediante el contacto con personas y animales contagiados, as\u00ed como por medio de objetos contaminados por el paciente. Sin embargo, lo que se sabe hasta el momento es que es necesario tener un contacto muy estrecho debido a que&nbsp;<strong>se transmite por fluidos corporales, aunque tambi\u00e9n puede ser de manera indirecta (contactos con estos fluidos, como la saliva).<\/strong><\/p>\n\n\n\n<p class=\"wp-block-paragraph\">Las personas gestantes cursando la infecci\u00f3n&nbsp;<strong>puede transmitirla al feto desde la placenta<\/strong>, y durante o despu\u00e9s del nacimiento a trav\u00e9s del contacto piel con piel.<\/p>\n\n\n\n<div class=\"wp-block-columns is-layout-flex wp-container-core-columns-is-layout-8f761849 wp-block-columns-is-layout-flex\">\n<div class=\"wp-block-column is-layout-flow wp-block-column-is-layout-flow\" style=\"flex-basis:33.33%\">\n<figure class=\"wp-block-image size-large\"><img loading=\"lazy\" decoding=\"async\" width=\"1024\" height=\"572\" src=\"https:\/\/osmiss.org.ar\/news2\/wp-content\/uploads\/2024\/09\/22-1024x572.png\" alt=\"\" class=\"wp-image-1255\" srcset=\"https:\/\/osmiss.org.ar\/news2\/wp-content\/uploads\/2024\/09\/22-1024x572.png 1024w, https:\/\/osmiss.org.ar\/news2\/wp-content\/uploads\/2024\/09\/22-300x167.png 300w, https:\/\/osmiss.org.ar\/news2\/wp-content\/uploads\/2024\/09\/22-768x429.png 768w, https:\/\/osmiss.org.ar\/news2\/wp-content\/uploads\/2024\/09\/22-108x60.png 108w, https:\/\/osmiss.org.ar\/news2\/wp-content\/uploads\/2024\/09\/22.png 1290w\" sizes=\"auto, (max-width: 1024px) 100vw, 1024px\" \/><\/figure>\n<\/div>\n\n\n\n<div class=\"wp-block-column is-vertically-aligned-bottom is-layout-flow wp-block-column-is-layout-flow\" style=\"flex-basis:66.66%\">\n<h2 class=\"wp-block-heading has-vivid-cyan-blue-color has-text-color has-link-color has-x-large-font-size wp-elements-e051f2e23c299aaa467a8b30d662fa8d\"><strong>S\u00edntomas<\/strong><\/h2>\n<\/div>\n<\/div>\n\n\n\n<p class=\"wp-block-paragraph\">Entre los s\u00edntomas m\u00e1s comunes las personas contagiadas se registr\u00f3&nbsp;<strong>fiebre, dolores musculares y de cabeza<\/strong>. Entre el primer y tercer d\u00eda de la fiebre se originan&nbsp;<strong>erupciones cut\u00e1neas<\/strong>&nbsp;que primero&nbsp;<strong>afectan a la cara y luego al cuerpo<\/strong>. En este caso se presentan s\u00edntomas similares a los de la viruela convencional, pero un poco m\u00e1s leves.<\/p>\n\n\n\n<p class=\"wp-block-paragraph\">Estos suelen durar de dos a tres semanas y, por lo general, desaparecen por s\u00ed solos o con cuidados de apoyo, como medicamentos para el dolor o la fiebre.<\/p>\n\n\n\n<p class=\"wp-block-paragraph\"><\/p>\n","protected":false},"excerpt":{"rendered":"<p>Nota original &#8211; Ambito.com &#8211; Link aqu\u00ed Tras la &#8220;emergencia internacional&#8221; declarada por la OMS, las autoridades sanitarias anunciaron un refuerzo en las zonas fronterizas para detectar casos sospechosos. Hay cinco casos confirmados en el &hellip; <\/p>\n","protected":false},"author":1,"featured_media":1254,"comment_status":"closed","ping_status":"closed","sticky":false,"template":"","format":"standard","meta":{"om_disable_all_campaigns":false,"_monsterinsights_skip_tracking":false,"_uf_show_specific_survey":0,"_uf_disable_surveys":false,"footnotes":""},"categories":[23,27,26],"tags":[206,204,167,203],"class_list":["post-1253","post","type-post","status-publish","format-standard","has-post-thumbnail","hentry","category-campanadeprevencion","category-curiosidades","category-promociondelasalud","tag-ministerio-de-salud","tag-mono","tag-oms","tag-viruela","grid-sizer"],"aioseo_notices":[],"_links":{"self":[{"href":"https:\/\/osmiss.org.ar\/news2\/wp-json\/wp\/v2\/posts\/1253","targetHints":{"allow":["GET"]}}],"collection":[{"href":"https:\/\/osmiss.org.ar\/news2\/wp-json\/wp\/v2\/posts"}],"about":[{"href":"https:\/\/osmiss.org.ar\/news2\/wp-json\/wp\/v2\/types\/post"}],"author":[{"embeddable":true,"href":"https:\/\/osmiss.org.ar\/news2\/wp-json\/wp\/v2\/users\/1"}],"replies":[{"embeddable":true,"href":"https:\/\/osmiss.org.ar\/news2\/wp-json\/wp\/v2\/comments?post=1253"}],"version-history":[{"count":2,"href":"https:\/\/osmiss.org.ar\/news2\/wp-json\/wp\/v2\/posts\/1253\/revisions"}],"predecessor-version":[{"id":1257,"href":"https:\/\/osmiss.org.ar\/news2\/wp-json\/wp\/v2\/posts\/1253\/revisions\/1257"}],"wp:featuredmedia":[{"embeddable":true,"href":"https:\/\/osmiss.org.ar\/news2\/wp-json\/wp\/v2\/media\/1254"}],"wp:attachment":[{"href":"https:\/\/osmiss.org.ar\/news2\/wp-json\/wp\/v2\/media?parent=1253"}],"wp:term":[{"taxonomy":"category","embeddable":true,"href":"https:\/\/osmiss.org.ar\/news2\/wp-json\/wp\/v2\/categories?post=1253"},{"taxonomy":"post_tag","embeddable":true,"href":"https:\/\/osmiss.org.ar\/news2\/wp-json\/wp\/v2\/tags?post=1253"}],"curies":[{"name":"wp","href":"https:\/\/api.w.org\/{rel}","templated":true}]}}