{"id":126,"date":"2010-07-03T13:50:13","date_gmt":"2010-07-03T16:50:13","guid":{"rendered":"http:\/\/www.osmiss.com.ar\/news\/?p=126"},"modified":"2022-03-31T14:11:15","modified_gmt":"2022-03-31T17:11:15","slug":"importancia-del-medico-de-familia-en-el-sistema-de-salud","status":"publish","type":"post","link":"https:\/\/osmiss.org.ar\/news2\/2010\/07\/03\/importancia-del-medico-de-familia-en-el-sistema-de-salud\/","title":{"rendered":"Importancia del medico de familia en el sistema de salud"},"content":{"rendered":"<p>Hoy se acepta al M\u00e9dico de Familia, como int\u00e9rprete del primer nivel de cobertura prestacional de los servicios de salud, ya que por su car\u00e1cter de generalista y especializaci\u00f3n social tiene una perspectiva m\u00e1s integral del estado de salud-enfermedad de los afiliados a su cargo, conocen de cerca sus expectativas, atienden las dolencias prevalentes, orientan en la utilizaci\u00f3n de efectores y recursos m\u00e1s convenientes, prestando en general, un cuidado humanizado, preventivo y participativo.<\/p>\n<p>Las metas b\u00e1sicas de un M\u00e9dico de Familia son el diagn\u00f3stico precoz, el conocimiento del n\u00facleo familiar en que se desenvuelven las personas a su cargo, su trabajo, sus costumbres, antecedentes patol\u00f3gicos y antecedentes personales referidos a su salud y de sus familiares.<\/p>\n<p>La labor del M\u00e9dico de Familia no se puede encuadrar estrictamente en el terreno m\u00e9dico-profesional, ya que va m\u00e1s lejos e invade el terreno social de las personas como ser social, y debe ser estudiado en el contexto en que vive la familia y la sociedad; ambas determinantes de muchas patolog\u00edas que afectan aspectos ps\u00edquicos del individuo y que repercuten sobre su organismo.<\/p>\n<p>El compromiso del M\u00e9dico de Familia con el afiliado de la Obra Social es, fundamentalmente, con la persona, a quien va a atender mediante sus conocimientos. Este conocimiento de la persona en su medio enriquece el arsenal preventivo ya que da la posibilidad de corregir h\u00e1bitos y costumbres, retardando con ello, los efectos colaterales de las enfermedades.<\/p>\n<p>Vemos as\u00ed, que el comportamiento adquirido por el M\u00e9dico de Familia genera, en el profesional de la salud, la necesidad de interpretar la enfermedad del paciente dentro del contexto familiar y social.<\/p>\n<p>Este enfoque globalizador permite calificar al M\u00e9dico de Familia en el primer escal\u00f3n del Sistema de Salud, ya que su conocimiento le permite plantear un enfoque globalizador del tema que se presenta.<\/p>\n<p>Finalmente, en el marco de la prevenci\u00f3n de las enfermedades y la promoci\u00f3n de la salud, el M\u00e9dico de Familia puede utilizar los contactos con sus pacientes para introducirlo en el aprendizaje y uso de sus beneficios. Ello, encuadra dentro de los nuevos conceptos de salud.<\/p>\n<p>El M\u00e9dico de Familia debe, as\u00ed, formar el primer eslab\u00f3n de la red de atenci\u00f3n de la Obra Social. En esta funci\u00f3n se debe considerar asesor, gu\u00eda y orientador dentro del sistema de salud, para lo cual debe conocer a su paciente y tambi\u00e9n, toda la estructura t\u00e9cnico-administrativa de la Obra Social, sistema de acceso a las diversas prestaciones y suministros, de manera tal que pueda brindar el mejor consejo, de mejor calidad y al m\u00e1s bajo costo.<\/p>\n<p>En definitiva, la actuaci\u00f3n de un M\u00e9dico de Familia se asemeja a la de un cl\u00ednico \u201ccoordinador\u201d con prevalencia de su funci\u00f3n asistencial, resultando as\u00ed un coordinador especial que debe evaluar las condiciones de sus pacientes y aconsejarlos adecuadamente, unificando estudios y tratamientos.<\/p>\n<p>En conclusi\u00f3n, el M\u00e9dico de Familia requiere de una marcada predisposici\u00f3n espiritual complementada por conceptos de la psicolog\u00eda moderna, una preparaci\u00f3n universitaria interdisciplinaria m\u00e9dico-social y un entrenamiento que le permita manejar las funciones que son inherentes al cuidado de la salud del afiliado y de su grupo familiar.<\/p>\n<hr \/>\n<p><img loading=\"lazy\" decoding=\"async\" class=\"alignnone wp-image-279 size-full\" title=\"Ing. N\u00e9stor E. Fern\u00e1ndez Presidente de OSMISS\" src=\"https:\/\/osmiss.org.ar\/news2\/wp-content\/uploads\/2018\/05\/fotopresidencia.jpg\" alt=\"Imagen del Ing. N\u00e9stor E. Fern\u00e1ndez\" width=\"150\" height=\"150\" srcset=\"https:\/\/osmiss.org.ar\/news2\/wp-content\/uploads\/2018\/05\/fotopresidencia.jpg 150w, https:\/\/osmiss.org.ar\/news2\/wp-content\/uploads\/2018\/05\/fotopresidencia-60x60.jpg 60w\" sizes=\"auto, (max-width: 150px) 100vw, 150px\" \/><\/p>\n<p><em><strong>Ing. N\u00e9stor E. Fern\u00e1ndez<\/strong><\/em><br \/>\n<em><strong>Presidente de OSMISS<\/strong><\/em><\/p>\n","protected":false},"excerpt":{"rendered":"<p>Hoy se acepta al M\u00e9dico de Familia, como int\u00e9rprete del primer nivel de cobertura prestacional de los servicios de salud, ya que por su car\u00e1cter de generalista y especializaci\u00f3n social tiene una perspectiva m\u00e1s integral &hellip; <\/p>\n","protected":false},"author":2,"featured_media":773,"comment_status":"closed","ping_status":"open","sticky":false,"template":"","format":"standard","meta":{"om_disable_all_campaigns":false,"_monsterinsights_skip_tracking":false,"_uf_show_specific_survey":0,"_uf_disable_surveys":false,"footnotes":""},"categories":[22],"tags":[],"class_list":["post-126","post","type-post","status-publish","format-standard","has-post-thumbnail","hentry","category-editoriales","grid-sizer"],"aioseo_notices":[],"_links":{"self":[{"href":"https:\/\/osmiss.org.ar\/news2\/wp-json\/wp\/v2\/posts\/126","targetHints":{"allow":["GET"]}}],"collection":[{"href":"https:\/\/osmiss.org.ar\/news2\/wp-json\/wp\/v2\/posts"}],"about":[{"href":"https:\/\/osmiss.org.ar\/news2\/wp-json\/wp\/v2\/types\/post"}],"author":[{"embeddable":true,"href":"https:\/\/osmiss.org.ar\/news2\/wp-json\/wp\/v2\/users\/2"}],"replies":[{"embeddable":true,"href":"https:\/\/osmiss.org.ar\/news2\/wp-json\/wp\/v2\/comments?post=126"}],"version-history":[{"count":2,"href":"https:\/\/osmiss.org.ar\/news2\/wp-json\/wp\/v2\/posts\/126\/revisions"}],"predecessor-version":[{"id":837,"href":"https:\/\/osmiss.org.ar\/news2\/wp-json\/wp\/v2\/posts\/126\/revisions\/837"}],"wp:featuredmedia":[{"embeddable":true,"href":"https:\/\/osmiss.org.ar\/news2\/wp-json\/wp\/v2\/media\/773"}],"wp:attachment":[{"href":"https:\/\/osmiss.org.ar\/news2\/wp-json\/wp\/v2\/media?parent=126"}],"wp:term":[{"taxonomy":"category","embeddable":true,"href":"https:\/\/osmiss.org.ar\/news2\/wp-json\/wp\/v2\/categories?post=126"},{"taxonomy":"post_tag","embeddable":true,"href":"https:\/\/osmiss.org.ar\/news2\/wp-json\/wp\/v2\/tags?post=126"}],"curies":[{"name":"wp","href":"https:\/\/api.w.org\/{rel}","templated":true}]}}