{"id":128,"date":"2010-03-03T13:53:04","date_gmt":"2010-03-03T16:53:04","guid":{"rendered":"http:\/\/www.osmiss.com.ar\/news\/?p=128"},"modified":"2022-03-31T14:11:35","modified_gmt":"2022-03-31T17:11:35","slug":"avances-y-valor-implicito-de-la-reingenieria-de-una-obra-social","status":"publish","type":"post","link":"https:\/\/osmiss.org.ar\/news2\/2010\/03\/03\/avances-y-valor-implicito-de-la-reingenieria-de-una-obra-social\/","title":{"rendered":"Avances y valor implicito de la reingenieria de una obra social"},"content":{"rendered":"<p>En la publicaci\u00f3n de septiembre de 2007 (En Contacto A\u00f1o 1 N\u00ba 2) planteamos algunos aspectos del modelo asistencial, fundamentalmente referidos a la promoci\u00f3n y prevenci\u00f3n de la salud, fundamentados en el esquema b\u00e1sico de funcionamiento de la Obra Social (En Contacto A\u00f1o 1 N\u00ba 3), las pautas referenciales de gesti\u00f3n (En Contacto A\u00f1o 1 N\u00ba 4) y las pautas prestacionales (En Contacto A\u00f1o 2 N\u00ba 5).<\/p>\n<p>La implementaci\u00f3n de los criterios arriba expuestos ha demostrado la necesidad de efectuar modificaciones en el proceso de decisiones y en la estructura gerencial y, como consecuencia de ello, reformar la planificaci\u00f3n operativa de la Obra Social.<\/p>\n<p>Esta condici\u00f3n conlleva a pensar en la necesidad de valorar la posibilidad de proyectar una gesti\u00f3n, diferente a la actual, mediante la reinterpretaci\u00f3n y redise\u00f1o de la actividad que posibilitar\u00e1 encarar situaciones derivadas de niveles superiores de actividad, con medidas de redimensionamiento de costos y servicios, contemplando siempre la calidad, amplitud y productividad.<\/p>\n<p>Lo arriba expuesto es lo que definimos como reingenier\u00eda de la Obra Social, la que debe entenderse como un acto de imaginaci\u00f3n y creatividad con vistas al futuro, buscando lograr un camino fruct\u00edfero en el desarrollo de la misma.<\/p>\n<p>Debe entenderse que la reingenier\u00eda no s\u00f3lo debe servir para innovar, sino que su objetivo va m\u00e1s all\u00e1, el de reinventar la Instituci\u00f3n.<\/p>\n<p>Entendemos que los cambios del d\u00eda a d\u00eda exigen que las instituciones, en especial las sociales, tiendan a utilizar las nuevas metodolog\u00edas de trabajo, producto de la innovaci\u00f3n tecnol\u00f3gica.<\/p>\n<p>Ante los cambios tecnol\u00f3gicos y biosociales permanentes de nuestra sociedad, las Obras Sociales deben estar preparadas para enfrentar los cambios en el mercado de la salud, relacionado ello con la desregulaci\u00f3n, que obliga a enfocar como meta fundamental, pol\u00edticas de atracci\u00f3n de nuevos usuarios y servicios que, no s\u00f3lo deben ser de la m\u00e1s alta calidad, sino que tambi\u00e9n satisfagan a quienes los utilizan.<\/p>\n<p>Para alcanzar dichas metas es necesario expandir el \u00e1rea de promoci\u00f3n, mantener costos competitivos, cuidar y perfeccionar la calidad de las prestaciones y procurar tener siempre una participaci\u00f3n significativa en el mercado de la salud.<\/p>\n<p>Lo dicho, no constituye objetivos f\u00e1ciles de lograr.<\/p>\n<p>Con la desregulaci\u00f3n del mercado de la salud en marcha, el objetivo m\u00e1s importante de la Obra Social es el de la promoci\u00f3n de nuevos planes de salud para captar nuevos beneficiarios.<\/p>\n<hr \/>\n<p><img loading=\"lazy\" decoding=\"async\" class=\"alignnone wp-image-279 size-full\" title=\"Ing. N\u00e9stor E. Fern\u00e1ndez Presidente de OSMISS\" src=\"https:\/\/osmiss.org.ar\/news2\/wp-content\/uploads\/2018\/05\/fotopresidencia.jpg\" alt=\"Imagen del Ing. N\u00e9stor E. Fern\u00e1ndez\" width=\"150\" height=\"150\" srcset=\"https:\/\/osmiss.org.ar\/news2\/wp-content\/uploads\/2018\/05\/fotopresidencia.jpg 150w, https:\/\/osmiss.org.ar\/news2\/wp-content\/uploads\/2018\/05\/fotopresidencia-60x60.jpg 60w\" sizes=\"auto, (max-width: 150px) 100vw, 150px\" \/><\/p>\n<p><em><strong>Ing. N\u00e9stor E. Fern\u00e1ndez<\/strong><\/em><br \/>\n<em><strong>Presidente de OSMISS<\/strong><\/em><\/p>\n","protected":false},"excerpt":{"rendered":"<p>En la publicaci\u00f3n de septiembre de 2007 (En Contacto A\u00f1o 1 N\u00ba 2) planteamos algunos aspectos del modelo asistencial, fundamentalmente referidos a la promoci\u00f3n y prevenci\u00f3n de la salud, fundamentados en el esquema b\u00e1sico de &hellip; <\/p>\n","protected":false},"author":2,"featured_media":774,"comment_status":"closed","ping_status":"open","sticky":false,"template":"","format":"standard","meta":{"om_disable_all_campaigns":false,"_monsterinsights_skip_tracking":false,"_uf_show_specific_survey":0,"_uf_disable_surveys":false,"footnotes":""},"categories":[22],"tags":[],"class_list":["post-128","post","type-post","status-publish","format-standard","has-post-thumbnail","hentry","category-editoriales","grid-sizer"],"aioseo_notices":[],"_links":{"self":[{"href":"https:\/\/osmiss.org.ar\/news2\/wp-json\/wp\/v2\/posts\/128","targetHints":{"allow":["GET"]}}],"collection":[{"href":"https:\/\/osmiss.org.ar\/news2\/wp-json\/wp\/v2\/posts"}],"about":[{"href":"https:\/\/osmiss.org.ar\/news2\/wp-json\/wp\/v2\/types\/post"}],"author":[{"embeddable":true,"href":"https:\/\/osmiss.org.ar\/news2\/wp-json\/wp\/v2\/users\/2"}],"replies":[{"embeddable":true,"href":"https:\/\/osmiss.org.ar\/news2\/wp-json\/wp\/v2\/comments?post=128"}],"version-history":[{"count":2,"href":"https:\/\/osmiss.org.ar\/news2\/wp-json\/wp\/v2\/posts\/128\/revisions"}],"predecessor-version":[{"id":838,"href":"https:\/\/osmiss.org.ar\/news2\/wp-json\/wp\/v2\/posts\/128\/revisions\/838"}],"wp:featuredmedia":[{"embeddable":true,"href":"https:\/\/osmiss.org.ar\/news2\/wp-json\/wp\/v2\/media\/774"}],"wp:attachment":[{"href":"https:\/\/osmiss.org.ar\/news2\/wp-json\/wp\/v2\/media?parent=128"}],"wp:term":[{"taxonomy":"category","embeddable":true,"href":"https:\/\/osmiss.org.ar\/news2\/wp-json\/wp\/v2\/categories?post=128"},{"taxonomy":"post_tag","embeddable":true,"href":"https:\/\/osmiss.org.ar\/news2\/wp-json\/wp\/v2\/tags?post=128"}],"curies":[{"name":"wp","href":"https:\/\/api.w.org\/{rel}","templated":true}]}}