{"id":130,"date":"2009-12-03T13:55:44","date_gmt":"2009-12-03T16:55:44","guid":{"rendered":"http:\/\/www.osmiss.com.ar\/news\/?p=130"},"modified":"2022-03-31T14:11:51","modified_gmt":"2022-03-31T17:11:51","slug":"pensar-en-positivo-es-suficiente","status":"publish","type":"post","link":"https:\/\/osmiss.org.ar\/news2\/2009\/12\/03\/pensar-en-positivo-es-suficiente\/","title":{"rendered":"Pensar en positivo \u00bfes suficiente?"},"content":{"rendered":"<p>Hasta mediados del siglo pasado se abordaban los temas de salud a trav\u00e9s de lo que podemos denominar la mec\u00e1nica del cuerpo. En ese marco, la atenci\u00f3n de la salud mejor\u00f3 en forma importante logr\u00e1ndose ampliar las expectativas de vida como resultado de dicha evoluci\u00f3n.<\/p>\n<p>Hoy los temas de salud se han convertido en una cuesti\u00f3n que va m\u00e1s all\u00e1 de ese enfoque, debiendo incluirse m\u00faltiples enfoques complementarios. Entre ellos, el enfoque mental y emocional ha ganado significativa importancia transform\u00e1ndose en uno de los valores esenciales del bienestar humano.<\/p>\n<p>Placer, alegr\u00eda, estabilidad emocional, optimismo, felicidad son algunas formas de cuidar y mejorar la salud.<br \/>\nPensar en positivo es una aptitud que debemos adoptar para recorrer el camino hacia el bienestar personal.<\/p>\n<p>El aumento de la expectativa de vida tiene sus implicancias en la calidad de vida que no s\u00f3lo se concentra en la mec\u00e1nica del cuerpo sino que incluyen a otras dimensiones del bienestar que es necesario atender; ellos son, la psiquis y las emociones. Esto apunta a un nuevo paradigma, el que ya no se define sobre la base de desear la felicidad sino la de trabajar para que ello ocurra, tratando de mantener par\u00e1metros aceptables de salud.<\/p>\n<p>As\u00ed tenemos que la felicidad no se busca sino que se construye o sea que es una actividad y no un estado de \u00e1nimo.<\/p>\n<p>Debe aqu\u00ed recordarse a los griegos y romanos, quienes planteaban la relaci\u00f3n entre la mente y el cuerpo (\u201cMens sana in corpore sano\u201d). Aqu\u00ed se observa la relaci\u00f3n de la mente con el cuerpo y viceversa.<\/p>\n<p>Se entiende que hay que asumir esta relaci\u00f3n para lograr una interpretaci\u00f3n integral de la vida.<\/p>\n<p>Esto permite afirmar que estar sano es sin\u00f3nimo, causa y consecuencia de sentirnos bien con nosotros mismos y con nuestro entorno.<\/p>\n<p>Entendemos que no cabe duda que el objetivo de cualquier ser humano es ser feliz y que ser optimista ayuda a lograrlo. Ser optimista implica una actitud positiva que genera defensas y una capacidad importante de recuperaci\u00f3n ante enfermedades o intervenciones quir\u00fargicas. Ello, relacionado con la generaci\u00f3n de endorfinas generadas por dicha actividad positiva.<\/p>\n<p>Pero \u00bfqu\u00e9 es ser optimista?<\/p>\n<p>Fundamentalmente es apostar a que las cosas van a salir bien, confiando para eso en las capacidades propias y de quienes nos rodean. El optimista persevera en hallar soluciones, porque conf\u00eda que existe una para cada problema y que tiene la posibilidad de encontrarlas.<\/p>\n<p>Esto ser\u00eda pensar en positivo para el ser humano, ello \u00bfes suficiente?<\/p>\n<p>La revoluci\u00f3n tecnol\u00f3gica y sus consecuencias y la globalizaci\u00f3n mundial, nos han tra\u00eddo una nueva visi\u00f3n del devenir con nuevos desaf\u00edos a enfrentar que integra lo individual a lo colectivo, ingresando todo en un profundo proceso de cambio, dif\u00edcil de ser interpretado por el ser humano.<\/p>\n<p>Esta nueva conceptualizaci\u00f3n del ser humano, en el contexto de la lucha por la vida, presenta en su cuerpo muy pocos elementos que le sirvan para enfrentarlo, a excepci\u00f3n de su capacidad ps\u00edquica correlacionada con su inteligencia creadora e instrumental. Esto permite expresar que la evoluci\u00f3n biol\u00f3gica del ser humano ha obligado a lo ps\u00edquico a cumplir determinadas funciones que acompa\u00f1an la funci\u00f3n org\u00e1nica, convirti\u00e9ndose a su vez en una fuente de regulaci\u00f3n del cuerpo.<\/p>\n<p>Este esquema de retroalimentaci\u00f3n psico-f\u00edsico permite plantear que pensar en positivo es lo correcto.<\/p>\n<hr \/>\n<p><img loading=\"lazy\" decoding=\"async\" class=\"alignnone wp-image-279 size-full\" title=\"Ing. N\u00e9stor E. Fern\u00e1ndez Presidente de OSMISS\" src=\"https:\/\/osmiss.org.ar\/news2\/wp-content\/uploads\/2018\/05\/fotopresidencia.jpg\" alt=\"Imagen del Ing. N\u00e9stor E. Fern\u00e1ndez\" width=\"150\" height=\"150\" srcset=\"https:\/\/osmiss.org.ar\/news2\/wp-content\/uploads\/2018\/05\/fotopresidencia.jpg 150w, https:\/\/osmiss.org.ar\/news2\/wp-content\/uploads\/2018\/05\/fotopresidencia-60x60.jpg 60w\" sizes=\"auto, (max-width: 150px) 100vw, 150px\" \/><\/p>\n<p><em><strong>Ing. N\u00e9stor E. Fern\u00e1ndez<\/strong><\/em><br \/>\n<em><strong>Presidente de OSMISS<\/strong><\/em><\/p>\n","protected":false},"excerpt":{"rendered":"<p>Hasta mediados del siglo pasado se abordaban los temas de salud a trav\u00e9s de lo que podemos denominar la mec\u00e1nica del cuerpo. En ese marco, la atenci\u00f3n de la salud mejor\u00f3 en forma importante logr\u00e1ndose &hellip; <\/p>\n","protected":false},"author":2,"featured_media":778,"comment_status":"closed","ping_status":"open","sticky":false,"template":"","format":"standard","meta":{"om_disable_all_campaigns":false,"_monsterinsights_skip_tracking":false,"_uf_show_specific_survey":0,"_uf_disable_surveys":false,"footnotes":""},"categories":[22],"tags":[],"class_list":["post-130","post","type-post","status-publish","format-standard","has-post-thumbnail","hentry","category-editoriales","grid-sizer"],"aioseo_notices":[],"_links":{"self":[{"href":"https:\/\/osmiss.org.ar\/news2\/wp-json\/wp\/v2\/posts\/130","targetHints":{"allow":["GET"]}}],"collection":[{"href":"https:\/\/osmiss.org.ar\/news2\/wp-json\/wp\/v2\/posts"}],"about":[{"href":"https:\/\/osmiss.org.ar\/news2\/wp-json\/wp\/v2\/types\/post"}],"author":[{"embeddable":true,"href":"https:\/\/osmiss.org.ar\/news2\/wp-json\/wp\/v2\/users\/2"}],"replies":[{"embeddable":true,"href":"https:\/\/osmiss.org.ar\/news2\/wp-json\/wp\/v2\/comments?post=130"}],"version-history":[{"count":2,"href":"https:\/\/osmiss.org.ar\/news2\/wp-json\/wp\/v2\/posts\/130\/revisions"}],"predecessor-version":[{"id":839,"href":"https:\/\/osmiss.org.ar\/news2\/wp-json\/wp\/v2\/posts\/130\/revisions\/839"}],"wp:featuredmedia":[{"embeddable":true,"href":"https:\/\/osmiss.org.ar\/news2\/wp-json\/wp\/v2\/media\/778"}],"wp:attachment":[{"href":"https:\/\/osmiss.org.ar\/news2\/wp-json\/wp\/v2\/media?parent=130"}],"wp:term":[{"taxonomy":"category","embeddable":true,"href":"https:\/\/osmiss.org.ar\/news2\/wp-json\/wp\/v2\/categories?post=130"},{"taxonomy":"post_tag","embeddable":true,"href":"https:\/\/osmiss.org.ar\/news2\/wp-json\/wp\/v2\/tags?post=130"}],"curies":[{"name":"wp","href":"https:\/\/api.w.org\/{rel}","templated":true}]}}