{"id":132,"date":"2009-09-03T13:58:25","date_gmt":"2009-09-03T16:58:25","guid":{"rendered":"http:\/\/www.osmiss.com.ar\/news\/?p=132"},"modified":"2022-03-31T14:12:05","modified_gmt":"2022-03-31T17:12:05","slug":"reflexiones-sobre-la-3o-edad","status":"publish","type":"post","link":"https:\/\/osmiss.org.ar\/news2\/2009\/09\/03\/reflexiones-sobre-la-3o-edad\/","title":{"rendered":"Reflexiones sobre la 3\u00ba edad"},"content":{"rendered":"<p>Es innegable que para que las personas mayores puedan seguir participando activamente con sus familiares, para la comunidad y la econom\u00eda en general, es necesario que las mismas permanezcan activas f\u00edsica y mentalmente. Ello resulta ser por dem\u00e1s relevante para el pa\u00eds dado el crecimiento demogr\u00e1fico existente, donde las personas mayores de 65 a\u00f1os tienen una proporci\u00f3n ascendente en la pir\u00e1mide poblacional debido, fundamentalmente, al menor crecimiento relativo de la poblaci\u00f3n juvenil y adulta.<\/p>\n<p>Esta modificaci\u00f3n influye en forma notable en la atenci\u00f3n de la salud y en la carga social y financiera que la sociedad debe asumir.<br \/>\nLos actuales programas de atenci\u00f3n a la tercera edad se ocupan, principalmente, de la atenci\u00f3n de la salud y marginalmente de los indigentes y personas dependientes procurando, en el mejor de los casos, su internaci\u00f3n en residencias geri\u00e1tricas y\/o institutos de atenci\u00f3n mental.<\/p>\n<p>Se entiende que en el futuro ello no es suficiente, ya que el reclamo social que implica la posibilidad de una jubilaci\u00f3n universal y los a\u00f1os de expectativa de vida, encierran dificultades que deber\u00e1n afrontarse dentro de una sociedad en cambio, turbulenta y complicada. De esta apreciaci\u00f3n se deduce la necesidad de una nueva interpretaci\u00f3n y replanteo de la tercera edad como un Per\u00edodo de Oportunidad de Vida, que si se sabe aprovechar y las personas est\u00e1n preparadas para ello, pueden ofrecer muchas satisfacciones que, seguramente, no son alcanzables en otros Per\u00edodos de la Vida.<\/p>\n<p>La disposici\u00f3n de tiempo deber\u00eda, en general, posibilitar nuevas y variadas formas de reinserci\u00f3n, para lo cual la sociedad debe ser permisiva facilitando el camino para que las personas de la tercer edad se constituyan en un aporte vital para la sociedad que los alberga. Para lograr concretar dicha posibilidad resulta necesario plantear la necesidad de mejorar la calidad de vida de la tercer edad, incluido los apoyos adecuados para ser integrados a la actividad socio-econ\u00f3mica de la familia, el barrio, la ciudad e inclusive el pa\u00eds.<\/p>\n<p>Frente a esta posibilidad, en la actualidad, la sociedad en general considera menoscabadas las fuerzas vitales de las personas de la tercera edad y por lo tanto su productividad; no siendo \u00fatil su experiencia debido a los cambios que impone la revoluci\u00f3n tecnol\u00f3gica.<\/p>\n<p>En esta situaci\u00f3n, el envejecimiento no solo plantea problemas m\u00e9dicos espec\u00edficos, sino otros que afectan los aspectos psicol\u00f3gicos y tiene repercusi\u00f3n social, tanto en la familia como en la comunidad.<\/p>\n<p>Se debe as\u00ed, establecer, en el futuro inmediato, el derecho de las personas de la tercera edad a integrarse a la comunidad con una aptitud de vida que no menoscabe sus posibilidades.<\/p>\n<hr \/>\n<p><img loading=\"lazy\" decoding=\"async\" class=\"alignnone wp-image-279 size-full\" title=\"Ing. N\u00e9stor E. Fern\u00e1ndez Presidente de OSMISS\" src=\"https:\/\/osmiss.org.ar\/news2\/wp-content\/uploads\/2018\/05\/fotopresidencia.jpg\" alt=\"Imagen del Ing. N\u00e9stor E. Fern\u00e1ndez\" width=\"150\" height=\"150\" srcset=\"https:\/\/osmiss.org.ar\/news2\/wp-content\/uploads\/2018\/05\/fotopresidencia.jpg 150w, https:\/\/osmiss.org.ar\/news2\/wp-content\/uploads\/2018\/05\/fotopresidencia-60x60.jpg 60w\" sizes=\"auto, (max-width: 150px) 100vw, 150px\" \/><\/p>\n<p><em><strong>Ing. N\u00e9stor E. Fern\u00e1ndez<\/strong><\/em><br \/>\n<em><strong>Presidente de OSMISS<\/strong><\/em><\/p>\n","protected":false},"excerpt":{"rendered":"<p>Es innegable que para que las personas mayores puedan seguir participando activamente con sus familiares, para la comunidad y la econom\u00eda en general, es necesario que las mismas permanezcan activas f\u00edsica y mentalmente. Ello resulta &hellip; <\/p>\n","protected":false},"author":2,"featured_media":777,"comment_status":"closed","ping_status":"open","sticky":false,"template":"","format":"standard","meta":{"om_disable_all_campaigns":false,"_monsterinsights_skip_tracking":false,"_uf_show_specific_survey":0,"_uf_disable_surveys":false,"footnotes":""},"categories":[22],"tags":[],"class_list":["post-132","post","type-post","status-publish","format-standard","has-post-thumbnail","hentry","category-editoriales","grid-sizer"],"aioseo_notices":[],"_links":{"self":[{"href":"https:\/\/osmiss.org.ar\/news2\/wp-json\/wp\/v2\/posts\/132","targetHints":{"allow":["GET"]}}],"collection":[{"href":"https:\/\/osmiss.org.ar\/news2\/wp-json\/wp\/v2\/posts"}],"about":[{"href":"https:\/\/osmiss.org.ar\/news2\/wp-json\/wp\/v2\/types\/post"}],"author":[{"embeddable":true,"href":"https:\/\/osmiss.org.ar\/news2\/wp-json\/wp\/v2\/users\/2"}],"replies":[{"embeddable":true,"href":"https:\/\/osmiss.org.ar\/news2\/wp-json\/wp\/v2\/comments?post=132"}],"version-history":[{"count":2,"href":"https:\/\/osmiss.org.ar\/news2\/wp-json\/wp\/v2\/posts\/132\/revisions"}],"predecessor-version":[{"id":840,"href":"https:\/\/osmiss.org.ar\/news2\/wp-json\/wp\/v2\/posts\/132\/revisions\/840"}],"wp:featuredmedia":[{"embeddable":true,"href":"https:\/\/osmiss.org.ar\/news2\/wp-json\/wp\/v2\/media\/777"}],"wp:attachment":[{"href":"https:\/\/osmiss.org.ar\/news2\/wp-json\/wp\/v2\/media?parent=132"}],"wp:term":[{"taxonomy":"category","embeddable":true,"href":"https:\/\/osmiss.org.ar\/news2\/wp-json\/wp\/v2\/categories?post=132"},{"taxonomy":"post_tag","embeddable":true,"href":"https:\/\/osmiss.org.ar\/news2\/wp-json\/wp\/v2\/tags?post=132"}],"curies":[{"name":"wp","href":"https:\/\/api.w.org\/{rel}","templated":true}]}}