{"id":134,"date":"2009-03-03T14:01:10","date_gmt":"2009-03-03T17:01:10","guid":{"rendered":"http:\/\/www.osmiss.com.ar\/news\/?p=134"},"modified":"2022-03-31T14:12:29","modified_gmt":"2022-03-31T17:12:29","slug":"importancia-de-la-prevencion-y-promocion-de-la-salud","status":"publish","type":"post","link":"https:\/\/osmiss.org.ar\/news2\/2009\/03\/03\/importancia-de-la-prevencion-y-promocion-de-la-salud\/","title":{"rendered":"Importancia de la prevenci\u00f3n y promoci\u00f3n de la salud"},"content":{"rendered":"<p>En general, es posible se\u00f1alar, al intercambiar opiniones con los m\u00e9dicos dedicados a la atenci\u00f3n de pacientes, la resistencia existente por parte de los mismos a cumplir con las indicaciones de prevenci\u00f3n y promoci\u00f3n de la salud que se dan, normalmente, como parte de la prescripci\u00f3n terap\u00e9utica.<\/p>\n<p>Los m\u00e9dicos se\u00f1alan que este comportamiento deriva de la incredibilidad subconciente que existe en toda la comunidad a afirmaciones que contradicen arraigados usos y costumbres; complementado ello, con la falta o retraso de la difusi\u00f3n continua y permanente de las conclusiones surgidas de investigaciones que han identificado pr\u00e1cticas de gran arraigo en la vida social y que son altamente pat\u00f3genas. Ejemplo de ello son las investigaciones sobre las consecuencias del tabaquismo, el alcoholismo, la drogadicci\u00f3n, etc.<\/p>\n<p>Los grupos afectados por las enfermedades degenerativas derivadas, aumentan silenciosamente en el pa\u00eds, ya que normalmente son de un devenir asintom\u00e1tico, cuya evoluci\u00f3n puede ser controlada. A\u00fan as\u00ed, los afectados son poco aleccionados sobre las pr\u00e1cticas beneficiosas y cuando comienzan a padecer las patolog\u00edas mencionadas, estos consejos son desoidos por la lentitud o escasez de efectos correctores inmediatos.<\/p>\n<p>La asignaci\u00f3n de recursos financieros derivados de las fuerzas econ\u00f3micas del mercado no priorizan campa\u00f1as de educaci\u00f3n sanitaria, promocionando, sin restricciones, a trav\u00e9s de los medios de comunicaci\u00f3n masiva, pr\u00e1cticas de comportamiento y de consumo nocivas para la salud de la poblaci\u00f3n.<\/p>\n<p>Todo ello genera, en t\u00e9rminos de salud, una evidente contradicci\u00f3n en los logros de la medicina actual reflejada en una disminuci\u00f3n de la tasa de mortalidad, derivada del gran desarrollo de la medicina curativa, pero una tasa de morbilidad que permaneci\u00f3 sin variantes, con excepci\u00f3n de algunos campos de la patolog\u00eda como las enfermedades infecciosas, donde hubo preocupaci\u00f3n temprana por su prevenci\u00f3n.<\/p>\n<p>A pesar de lo mucho que se ha avanzado, todav\u00eda la morbilidad humana es muy alta y grandes sectores de la poblaci\u00f3n padecen enfermedades innecesarias. Esto deber\u00eda imputarse, en parte, al hecho de no conocer la forma de evitar todas y cada una de las enfermedades que afectan a la especie humana y, por otro lado, a que los conocimientos acumulados no alcanzan a toda la poblaci\u00f3n.<\/p>\n<p>De lo anterior se concluye que la resistencia pasiva a la enfermedad, mediante la protecci\u00f3n de los individuos sanos, constituye la meta a alcanzar en la prevenci\u00f3n de la salud. La mayor atenci\u00f3n al hombre sano y a la manera de c\u00f3mo conservar su salud tiene como meta aumentar constantemente el porcentaje de poblaci\u00f3n que goza de buena salud.<\/p>\n<p>Es evidente que, aun en la actualidad, se necesita ampliar el conocimiento en el campo de los factores que promueven la salud y en aquellos que causan enfermedades, ya que es la \u00fanica forma de hacer una prevenci\u00f3n espec\u00edfica de la salud, y la raz\u00f3n por la cual en muchas enfermedades solo es posible curar ciertos casos, pero no prevenirlos.<\/p>\n<p>Vemos as\u00ed que en el enfoque actual de la medicina se depositan grandes esperanzas en la promoci\u00f3n de la salud ya que la prevenci\u00f3n y el tratamiento de la enfermedad, con todo lo indispensable que son, constituyen una acci\u00f3n pasiva, pues el lado positivo de la salud debe ser su desarrollo.<\/p>\n<p>Los programas generales de promoci\u00f3n y prevenci\u00f3n ejecutados en la Obra Social, como as\u00ed tambi\u00e9n los programas especiales seg\u00fan los grupos de riesgo, prevalecen en los objetivos de la misma.<\/p>\n<p>En estos programas se incluyen a todos los beneficiarios de la Obra Social, se elaboran estad\u00edsticas y su continuidad ser\u00e1 responsabilidad de \u00e9sta.<\/p>\n<p>Con dicha finalidad, la Obra Social desarrolla pol\u00edticas activas de captaci\u00f3n dentro de la poblaci\u00f3n beneficiaria y solicita a la misma la colaboraci\u00f3n e integraci\u00f3n para poder cumplimentar sus objetivos.<\/p>\n<p>Los principales planes y programas en ejecuci\u00f3n comprenden las siguientes \u00e1reas:<\/p>\n<ul>\n<li>Programa de hipertensi\u00f3n arterial y enfermedades cardiovasculares.<\/li>\n<li>Plan de control de persona sana.<\/li>\n<li>Prevenci\u00f3n de diabetes.<\/li>\n<li>Prevenci\u00f3n de hipercolesterolemia.<\/li>\n<li>Programa de enfermedades oncol\u00f3gicas (c\u00e1ncer de cuello, mama, pr\u00f3stata y colon).<\/li>\n<\/ul>\n<p>Algunas conclusiones del Programa de Prevenci\u00f3n desarrollada por OSMISS pueden verse en el Informe Epidemiol\u00f3gico, Primer Semestre 2008, publicado en Diciembre de 2008 (ADJUNTO N\u00ba 2).<\/p>\n<p>Finalmente, debemos reiterar, en relaci\u00f3n a los aspectos que involucra el accionar de la Obra Social en t\u00e9rminos de prevenci\u00f3n y promoci\u00f3n de la salud, que el objetivo perseguido en este campo no es curar, sino es ense\u00f1ar que con dichos planes y programas es posible mejorar la calidad de vida de nuestros beneficiarios.<\/p>\n<hr \/>\n<p><img loading=\"lazy\" decoding=\"async\" class=\"alignnone wp-image-279 size-full\" title=\"Ing. N\u00e9stor E. Fern\u00e1ndez Presidente de OSMISS\" src=\"https:\/\/osmiss.org.ar\/news2\/wp-content\/uploads\/2018\/05\/fotopresidencia.jpg\" alt=\"Imagen del Ing. N\u00e9stor E. Fern\u00e1ndez\" width=\"150\" height=\"150\" srcset=\"https:\/\/osmiss.org.ar\/news2\/wp-content\/uploads\/2018\/05\/fotopresidencia.jpg 150w, https:\/\/osmiss.org.ar\/news2\/wp-content\/uploads\/2018\/05\/fotopresidencia-60x60.jpg 60w\" sizes=\"auto, (max-width: 150px) 100vw, 150px\" \/><\/p>\n<p><em><strong>Ing. N\u00e9stor E. Fern\u00e1ndez<\/strong><\/em><br \/>\n<em><strong>Presidente de OSMISS<\/strong><\/em><\/p>\n","protected":false},"excerpt":{"rendered":"<p>En general, es posible se\u00f1alar, al intercambiar opiniones con los m\u00e9dicos dedicados a la atenci\u00f3n de pacientes, la resistencia existente por parte de los mismos a cumplir con las indicaciones de prevenci\u00f3n y promoci\u00f3n de &hellip; <\/p>\n","protected":false},"author":2,"featured_media":780,"comment_status":"closed","ping_status":"open","sticky":false,"template":"","format":"standard","meta":{"om_disable_all_campaigns":false,"_monsterinsights_skip_tracking":false,"_uf_show_specific_survey":0,"_uf_disable_surveys":false,"footnotes":""},"categories":[22],"tags":[],"class_list":["post-134","post","type-post","status-publish","format-standard","has-post-thumbnail","hentry","category-editoriales","grid-sizer"],"aioseo_notices":[],"_links":{"self":[{"href":"https:\/\/osmiss.org.ar\/news2\/wp-json\/wp\/v2\/posts\/134","targetHints":{"allow":["GET"]}}],"collection":[{"href":"https:\/\/osmiss.org.ar\/news2\/wp-json\/wp\/v2\/posts"}],"about":[{"href":"https:\/\/osmiss.org.ar\/news2\/wp-json\/wp\/v2\/types\/post"}],"author":[{"embeddable":true,"href":"https:\/\/osmiss.org.ar\/news2\/wp-json\/wp\/v2\/users\/2"}],"replies":[{"embeddable":true,"href":"https:\/\/osmiss.org.ar\/news2\/wp-json\/wp\/v2\/comments?post=134"}],"version-history":[{"count":2,"href":"https:\/\/osmiss.org.ar\/news2\/wp-json\/wp\/v2\/posts\/134\/revisions"}],"predecessor-version":[{"id":841,"href":"https:\/\/osmiss.org.ar\/news2\/wp-json\/wp\/v2\/posts\/134\/revisions\/841"}],"wp:featuredmedia":[{"embeddable":true,"href":"https:\/\/osmiss.org.ar\/news2\/wp-json\/wp\/v2\/media\/780"}],"wp:attachment":[{"href":"https:\/\/osmiss.org.ar\/news2\/wp-json\/wp\/v2\/media?parent=134"}],"wp:term":[{"taxonomy":"category","embeddable":true,"href":"https:\/\/osmiss.org.ar\/news2\/wp-json\/wp\/v2\/categories?post=134"},{"taxonomy":"post_tag","embeddable":true,"href":"https:\/\/osmiss.org.ar\/news2\/wp-json\/wp\/v2\/tags?post=134"}],"curies":[{"name":"wp","href":"https:\/\/api.w.org\/{rel}","templated":true}]}}