{"id":136,"date":"2008-12-03T14:06:25","date_gmt":"2008-12-03T17:06:25","guid":{"rendered":"http:\/\/www.osmiss.com.ar\/news\/?p=136"},"modified":"2022-03-31T14:12:45","modified_gmt":"2022-03-31T17:12:45","slug":"reflexiones-sobre-algunos-aspectos-de-la-salud-mental","status":"publish","type":"post","link":"https:\/\/osmiss.org.ar\/news2\/2008\/12\/03\/reflexiones-sobre-algunos-aspectos-de-la-salud-mental\/","title":{"rendered":"Reflexiones sobre algunos aspectos de la salud mental"},"content":{"rendered":"<p>A diario escuchamos: \u201cNo se puede planificar nada, es como si no supiera que hacer\u201d.<\/p>\n<p>La exposici\u00f3n constante a acontecimientos sociales, econ\u00f3micos, financieros y laborales que impactan sobre la realidad de la existencia de toda la poblaci\u00f3n y, en especial, del n\u00facleo de nuestros afiliados, cuyo target representativo se ubica en la denominada tercera edad, sin una salida previsible, provoca normalmente lo que podr\u00edamos denominar s\u00edndrome de ansiedad.<\/p>\n<p>En la actualidad, dicha situaci\u00f3n, afecta a personas sanas y con una relativa estabilidad ps\u00edquica que abruptamente se enfrentan con la falta de pautas sociales o econ\u00f3micas claras para tomar decisiones, acompa\u00f1ado ello del estado de permanente violencia que se vive en las calles, no sabiendo la poblaci\u00f3n reaccionar frente a las situaciones que se presentan.<\/p>\n<p>Aunque se desconozca estrictamente la incidencia de esta afectaci\u00f3n mental y sus niveles, por falta de datos estad\u00edsticos veraces, no hay dudas en cuanto a su importancia cuantitativa y a su alta frecuencia.<\/p>\n<p>Esta afectaci\u00f3n se inscribe en el marco m\u00e1s amplio de las enfermedades mentales, que hoy tienen creciente incidencia en la poblaci\u00f3n, especialmente en las grandes ciudades, a\u00fan cuando la misma no est\u00e9 bien determinada.<\/p>\n<p>Debe admitirse que la atenci\u00f3n prodigada para el tratamiento de esta afectaci\u00f3n est\u00e1 por debajo de las necesidades reales, incluy\u00e9ndose la posibilidad de ser considerada como un problema ajeno a la atenci\u00f3n m\u00e9dica.<\/p>\n<p>En este orden de cosas, nuestra concepci\u00f3n de la salud implica que cualquier afectaci\u00f3n del equilibrio psico-social de las personas es de competencia m\u00e9dica, singularidad esta que debe explicitarse frente a las actitudes motivadas por los arcaicos patrones existentes respecto de las enfermedades mentales, la importancia de los tratamientos y el errado concepto de incurabilidad.<\/p>\n<p>Hoy debe reafirmarse la competencia m\u00e9dica sustentada en el conocimiento, cantidad y variedad de recursos con que cuenta la psiquiatr\u00eda actual en lo concerniente a la promoci\u00f3n, reparaci\u00f3n y rehabilitaci\u00f3n as\u00ed como el resultado de los tratamientos psicosociales.<\/p>\n<p>En ese marco, la salud mental deja de ser algo \u201cabstracto\u201d o \u201cmetaf\u00edsico\u201d y tiende a ser enfocada como una unidad psicorg\u00e1nica inseparable de su contexto sociocultural.<\/p>\n<p>Frente a la situaci\u00f3n aqu\u00ed planteada, la prevenci\u00f3n primaria debe establecerse a los efectos de concientizar a la poblaci\u00f3n de las agresiones psicol\u00f3gicas que los afectan, las que pueden incidir en su salud y que pueden provocar la aparici\u00f3n de enfermedades mentales.<\/p>\n<p>Esta comunicaci\u00f3n tiene esa finalidad.<\/p>\n<p>En esa l\u00ednea, la atenci\u00f3n primaria conlleva las siguientes actividades necesarias para intentar enfrentar la situaci\u00f3n descripta:<\/p>\n<ul>\n<li>Desde el punto de vista comunitario y psicosocial deber\u00eda plantearse la regulaci\u00f3n de los factores considerados como causas del s\u00edndrome.<\/li>\n<li>Desde el punto de vista socio-pol\u00edtico deber\u00eda procederse a la difusi\u00f3n de consejos y normas que permitan disminuir o abortar las agresiones psicol\u00f3gicas que se reciben a trav\u00e9s de los medios de comunicaci\u00f3n y el direccionamiento de mensajes aclaratorios de la situaci\u00f3n a la que las personas puedan enfrentarse.<\/li>\n<li>Desde el punto de vista de las instituciones de salud deber\u00eda procederse a un adecuado asesoramiento para suministrar informaci\u00f3n sobre el tema.<\/li>\n<\/ul>\n<p>Ante una verdadera emergencia psiqui\u00e1trica, la atenci\u00f3n de las personas deber\u00eda plantearse en el marco de la prevenci\u00f3n secundaria a trav\u00e9s del cuidado domiciliario, guardias de emergencia, atenci\u00f3n ambulatoria o internaci\u00f3n.<\/p>\n<p>Los tratamientos de recuperaci\u00f3n psiqui\u00e1trica constituyen hoy una especialidad que normalmente garantiza una adecuada rehabilitaci\u00f3n.<\/p>\n<p>Estos tratamientos se realizan dentro de diversas estructuras, tales como, unidades de seguimiento, clubes de salud, talleres protegidos, inserci\u00f3n en casas de familias, colonias o granjas de rehabilitaci\u00f3n o residencias transitorias.<\/p>\n<p>En lo atinente a nuestros beneficiarios, la complejidad de las circunstancias aqu\u00ed descriptas, deben ser consideradas a los efectos de mantener el equilibrio psicof\u00edsico personal que permita vivir con una calidad de vida superior, de all\u00ed la necesidad de integrar la salud mental con la org\u00e1nica.<\/p>\n<p>Integremos la mente al cuerpo para obtener la armoniosa unidad de la condici\u00f3n humana.<\/p>\n<hr \/>\n<p><img loading=\"lazy\" decoding=\"async\" class=\"alignnone wp-image-279 size-full\" title=\"Ing. N\u00e9stor E. Fern\u00e1ndez Presidente de OSMISS\" src=\"https:\/\/osmiss.org.ar\/news2\/wp-content\/uploads\/2018\/05\/fotopresidencia.jpg\" alt=\"Imagen del Ing. N\u00e9stor E. Fern\u00e1ndez\" width=\"150\" height=\"150\" srcset=\"https:\/\/osmiss.org.ar\/news2\/wp-content\/uploads\/2018\/05\/fotopresidencia.jpg 150w, https:\/\/osmiss.org.ar\/news2\/wp-content\/uploads\/2018\/05\/fotopresidencia-60x60.jpg 60w\" sizes=\"auto, (max-width: 150px) 100vw, 150px\" \/><\/p>\n<p><em><strong>Ing. N\u00e9stor E. Fern\u00e1ndez<\/strong><\/em><br \/>\n<em><strong>Presidente de OSMISS<\/strong><\/em><\/p>\n","protected":false},"excerpt":{"rendered":"<p>A diario escuchamos: \u201cNo se puede planificar nada, es como si no supiera que hacer\u201d. La exposici\u00f3n constante a acontecimientos sociales, econ\u00f3micos, financieros y laborales que impactan sobre la realidad de la existencia de toda &hellip; <\/p>\n","protected":false},"author":2,"featured_media":781,"comment_status":"closed","ping_status":"open","sticky":false,"template":"","format":"standard","meta":{"om_disable_all_campaigns":false,"_monsterinsights_skip_tracking":false,"_uf_show_specific_survey":0,"_uf_disable_surveys":false,"footnotes":""},"categories":[22],"tags":[],"class_list":["post-136","post","type-post","status-publish","format-standard","has-post-thumbnail","hentry","category-editoriales","grid-sizer"],"aioseo_notices":[],"_links":{"self":[{"href":"https:\/\/osmiss.org.ar\/news2\/wp-json\/wp\/v2\/posts\/136","targetHints":{"allow":["GET"]}}],"collection":[{"href":"https:\/\/osmiss.org.ar\/news2\/wp-json\/wp\/v2\/posts"}],"about":[{"href":"https:\/\/osmiss.org.ar\/news2\/wp-json\/wp\/v2\/types\/post"}],"author":[{"embeddable":true,"href":"https:\/\/osmiss.org.ar\/news2\/wp-json\/wp\/v2\/users\/2"}],"replies":[{"embeddable":true,"href":"https:\/\/osmiss.org.ar\/news2\/wp-json\/wp\/v2\/comments?post=136"}],"version-history":[{"count":2,"href":"https:\/\/osmiss.org.ar\/news2\/wp-json\/wp\/v2\/posts\/136\/revisions"}],"predecessor-version":[{"id":842,"href":"https:\/\/osmiss.org.ar\/news2\/wp-json\/wp\/v2\/posts\/136\/revisions\/842"}],"wp:featuredmedia":[{"embeddable":true,"href":"https:\/\/osmiss.org.ar\/news2\/wp-json\/wp\/v2\/media\/781"}],"wp:attachment":[{"href":"https:\/\/osmiss.org.ar\/news2\/wp-json\/wp\/v2\/media?parent=136"}],"wp:term":[{"taxonomy":"category","embeddable":true,"href":"https:\/\/osmiss.org.ar\/news2\/wp-json\/wp\/v2\/categories?post=136"},{"taxonomy":"post_tag","embeddable":true,"href":"https:\/\/osmiss.org.ar\/news2\/wp-json\/wp\/v2\/tags?post=136"}],"curies":[{"name":"wp","href":"https:\/\/api.w.org\/{rel}","templated":true}]}}