{"id":1379,"date":"2025-06-03T16:25:14","date_gmt":"2025-06-03T19:25:14","guid":{"rendered":"https:\/\/osmiss.org.ar\/news2\/?p=1379"},"modified":"2025-07-24T13:54:54","modified_gmt":"2025-07-24T16:54:54","slug":"decile-no-a-la-violencia-de-genero","status":"publish","type":"post","link":"https:\/\/osmiss.org.ar\/news2\/2025\/06\/03\/decile-no-a-la-violencia-de-genero\/","title":{"rendered":"Decile NO a la violencia de g\u00e9nero"},"content":{"rendered":"\n<figure class=\"wp-block-image size-full\"><img loading=\"lazy\" decoding=\"async\" width=\"264\" height=\"120\" src=\"https:\/\/osmiss.org.ar\/news2\/wp-content\/uploads\/2023\/06\/news-sabias.png\" alt=\"\" class=\"wp-image-1197\" srcset=\"https:\/\/osmiss.org.ar\/news2\/wp-content\/uploads\/2023\/06\/news-sabias.png 264w, https:\/\/osmiss.org.ar\/news2\/wp-content\/uploads\/2023\/06\/news-sabias-132x60.png 132w\" sizes=\"auto, (max-width: 264px) 100vw, 264px\" \/><\/figure>\n\n\n\n<h2 class=\"wp-block-heading has-vivid-red-color has-text-color has-link-color wp-elements-93d3285da85f0853f7ca34278588bc50\">Violencia de g\u00e9nero<\/h2>\n\n\n\n<h1 class=\"wp-block-heading has-vivid-red-color has-text-color has-link-color wp-elements-872a09f7b34fd6945a55d6a4aba31f26\">Decile NO<\/h1>\n\n\n\n<p class=\"wp-block-paragraph\">La violencia por motivos de g\u00e9nero es una pr\u00e1ctica estructural que viola los derechos humanos y las libertades fundamentales, y afecta gravemente a mujeres y personas LGBTI+. Se produce cuando sufren alg\u00fan tipo de discriminaci\u00f3n, agresi\u00f3n, hostigamiento o degradaci\u00f3n por su identidad de g\u00e9nero, expresi\u00f3n de g\u00e9nero u orientaci\u00f3n sexual.<\/p>\n\n\n\n<p class=\"wp-block-paragraph\">Entendemos por violencia contra las mujeres y personas LGBTI+ a cualquier conducta (una acci\u00f3n, un insulto, una actitud, un silencio o una falta de colaboraci\u00f3n) que produzca un da\u00f1o a la persona por el solo hecho de ser mujer o persona LGBTI+.<\/p>\n\n\n\n<ul class=\"wp-block-list\">\n<li>Es importante destacar que:<\/li>\n\n\n\n<li>No se trata solo de agresiones f\u00edsicas<\/li>\n\n\n\n<li>Nada justifica el ejercicio de la violencia<\/li>\n\n\n\n<li>La v\u00edctima nunca es culpable de la violencia que recibe<\/li>\n<\/ul>\n\n\n\n<p class=\"wp-block-paragraph\">Si sos mujer o perteneces al colectivo de personas LGBTI+ y sufr\u00eds cualquier tipo de violencia, o corr\u00e9s peligro de sufrirla, ten\u00e9s derecho a pedir ayuda y protecci\u00f3n.<\/p>\n\n\n\n<p class=\"wp-block-paragraph\">Para saber m\u00e1s sobre este tema, ingres\u00e1&nbsp;a <strong><a href=\"https:\/\/www.argentina.gob.ar\/sites\/default\/files\/2019\/02\/guiaviolenciadegenero_mayo2022.pdf\" target=\"_blank\" rel=\"noopener\" title=\"\">argentina.gob.ar<\/a><\/strong> y acced\u00e9 a la gu\u00eda de informaci\u00f3n sobre violencia de g\u00e9nero. <a href=\"https:\/\/www.argentina.gob.ar\/sites\/default\/files\/2019\/02\/guiaviolenciadegenero_mayo2022.pdf\" target=\"_blank\" rel=\"noopener\" title=\"\">(Pod\u00e9s descargar el pdf en este link)<\/a>  <\/p>\n\n\n\n<p class=\"wp-block-paragraph\">Ante cualquier consulta para tu asesoramiento a traves de OSMISS comunicate al te <a href=\"tel:+5491143346611\">(011) 4334-6611<\/a>, si te comunicas desde el interior al <a href=\"tel:08003456764\">0800-345-OSMISS (6764)<\/a> o al mail <a href=\"mailto:info@osmiss.org.ar\">info@osmiss.org.ar<\/a> de lunes a viernes de 9 a 17 hs.<\/p>\n\n\n\n<p class=\"wp-block-paragraph\"><\/p>\n\n\n\n<p class=\"wp-block-paragraph\">M\u00e1s informaci\u00f3n en <a href=\"https:\/\/www.argentina.gob.ar\/justicia\/afianzar\/caj\/violencia-de-genero\" target=\"_blank\" rel=\"noopener\" title=\"\"><strong>argentina.gob.ar<\/strong> <\/a><\/p>\n\n\n\n<div style=\"height:100px\" aria-hidden=\"true\" class=\"wp-block-spacer\"><\/div>\n\n\n\n<div class=\"wp-block-group\"><div class=\"wp-block-group__inner-container is-layout-constrained wp-block-group-is-layout-constrained\">\n<hr class=\"wp-block-separator has-text-color has-vivid-cyan-blue-color has-alpha-channel-opacity has-vivid-cyan-blue-background-color has-background\"\/>\n\n\n\n<div class=\"wp-block-columns is-layout-flex wp-container-core-columns-is-layout-8f761849 wp-block-columns-is-layout-flex\">\n<div class=\"wp-block-column is-layout-flow wp-block-column-is-layout-flow\" style=\"flex-basis:33.33%\">\n<figure class=\"wp-block-image size-full is-resized\"><img loading=\"lazy\" decoding=\"async\" width=\"400\" height=\"300\" src=\"https:\/\/osmiss.org.ar\/news2\/wp-content\/uploads\/2021\/08\/logo-osmiss_logo2.jpg\" alt=\"\" class=\"wp-image-682\" style=\"width:226px;height:auto\" srcset=\"https:\/\/osmiss.org.ar\/news2\/wp-content\/uploads\/2021\/08\/logo-osmiss_logo2.jpg 400w, https:\/\/osmiss.org.ar\/news2\/wp-content\/uploads\/2021\/08\/logo-osmiss_logo2-300x225.jpg 300w, https:\/\/osmiss.org.ar\/news2\/wp-content\/uploads\/2021\/08\/logo-osmiss_logo2-80x60.jpg 80w\" sizes=\"auto, (max-width: 400px) 100vw, 400px\" \/><\/figure>\n<\/div>\n\n\n\n<div class=\"wp-block-column is-vertically-aligned-center is-layout-flow wp-block-column-is-layout-flow\" style=\"flex-basis:66.66%\">\n<p class=\"has-small-font-size wp-block-paragraph\"><strong>Ante cualquier duda, comunicarse con la Gerencia M\u00e9dica de OSMISS.<\/strong><br>Email: <a href=\"mailto:autorizaciones@osmiss.org.ar\">autorizaciones@osmiss.org.ar<\/a> o <a href=\"mailto:gerencia.medica@osmiss.org.ar\">gerencia.medica@osmiss.org.ar<\/a><br>Tel.: <strong><a href=\"tel:+5491143346611\">(011) 4334-6611<\/a><\/strong> Lunes a Viernes de 9 a 17 hs.<br>Si se comunica desde el interior del pa\u00eds, puede llamar en forma gratuita al: <br><strong><a href=\"tel:08003456764\">0800-345-OSMISS(6764)<\/a><\/strong> Lunes a Viernes de 9 a 17 hs.<\/p>\n<\/div>\n<\/div>\n\n\n\n<hr class=\"wp-block-separator has-text-color has-vivid-cyan-blue-color has-alpha-channel-opacity has-vivid-cyan-blue-background-color has-background\"\/>\n<\/div><\/div>\n","protected":false},"excerpt":{"rendered":"<p>Violencia de g\u00e9nero Decile NO La violencia por motivos de g\u00e9nero es una pr\u00e1ctica estructural que viola los derechos humanos y las libertades fundamentales, y afecta gravemente a mujeres y personas LGBTI+. Se produce cuando &hellip; <\/p>\n","protected":false},"author":1,"featured_media":1424,"comment_status":"closed","ping_status":"open","sticky":true,"template":"","format":"standard","meta":{"om_disable_all_campaigns":false,"_monsterinsights_skip_tracking":false,"_uf_show_specific_survey":0,"_uf_disable_surveys":false,"footnotes":""},"categories":[23,27],"tags":[216,218,215,217,197,158],"class_list":["post-1379","post","type-post","status-publish","format-standard","has-post-thumbnail","hentry","category-campanadeprevencion","category-curiosidades","tag-agrecion","tag-asesoramiento","tag-genero","tag-justicia","tag-violencia","tag-violencia-de-genero","grid-sizer"],"aioseo_notices":[],"_links":{"self":[{"href":"https:\/\/osmiss.org.ar\/news2\/wp-json\/wp\/v2\/posts\/1379","targetHints":{"allow":["GET"]}}],"collection":[{"href":"https:\/\/osmiss.org.ar\/news2\/wp-json\/wp\/v2\/posts"}],"about":[{"href":"https:\/\/osmiss.org.ar\/news2\/wp-json\/wp\/v2\/types\/post"}],"author":[{"embeddable":true,"href":"https:\/\/osmiss.org.ar\/news2\/wp-json\/wp\/v2\/users\/1"}],"replies":[{"embeddable":true,"href":"https:\/\/osmiss.org.ar\/news2\/wp-json\/wp\/v2\/comments?post=1379"}],"version-history":[{"count":4,"href":"https:\/\/osmiss.org.ar\/news2\/wp-json\/wp\/v2\/posts\/1379\/revisions"}],"predecessor-version":[{"id":1484,"href":"https:\/\/osmiss.org.ar\/news2\/wp-json\/wp\/v2\/posts\/1379\/revisions\/1484"}],"wp:featuredmedia":[{"embeddable":true,"href":"https:\/\/osmiss.org.ar\/news2\/wp-json\/wp\/v2\/media\/1424"}],"wp:attachment":[{"href":"https:\/\/osmiss.org.ar\/news2\/wp-json\/wp\/v2\/media?parent=1379"}],"wp:term":[{"taxonomy":"category","embeddable":true,"href":"https:\/\/osmiss.org.ar\/news2\/wp-json\/wp\/v2\/categories?post=1379"},{"taxonomy":"post_tag","embeddable":true,"href":"https:\/\/osmiss.org.ar\/news2\/wp-json\/wp\/v2\/tags?post=1379"}],"curies":[{"name":"wp","href":"https:\/\/api.w.org\/{rel}","templated":true}]}}