{"id":138,"date":"2008-09-03T14:09:12","date_gmt":"2008-09-03T17:09:12","guid":{"rendered":"http:\/\/www.osmiss.com.ar\/news\/?p=138"},"modified":"2022-03-31T14:13:12","modified_gmt":"2022-03-31T17:13:12","slug":"reflexiones-sobre-proteccion-y-promocion-de-la-salud","status":"publish","type":"post","link":"https:\/\/osmiss.org.ar\/news2\/2008\/09\/03\/reflexiones-sobre-proteccion-y-promocion-de-la-salud\/","title":{"rendered":"Reflexiones sobre protecci\u00f3n y promoci\u00f3n de la salud"},"content":{"rendered":"<p>En el a\u00f1o 1990, la Organizaci\u00f3n Mundial de la Salud define a la \u201cpromoci\u00f3n y protecci\u00f3n de la salud\u201d como la suma de las acciones de la poblaci\u00f3n, los servicios de salud y autoridades sanitarias encaminados al desarrollo de mejores condiciones de salud individuales y colectivas.<\/p>\n<p>La promoci\u00f3n y protecci\u00f3n de la salud se nutre de muchas disciplinas y crea una innovadora teor\u00eda y pr\u00e1ctica de salud p\u00fablica que permite cumplir con metas y objetivos sociales, alcanzando mayor bienestar con equidad social y mejorando su calidad de vida.<\/p>\n<p>La OMS establece los principios b\u00e1sicos para la promoci\u00f3n y protecci\u00f3n de la salud:<\/p>\n<ul>\n<li>Implica a la poblaci\u00f3n en su conjunto y en el contexto de su vida diaria, en lugar de dirigirse a grupos de poblaci\u00f3n con riesgo de enfermedades espec\u00edficas.<\/li>\n<li>Se centra en la acci\u00f3n sobre las causas o determinantes de la salud para asegurar que el ambiente que est\u00e1 m\u00e1s all\u00e1 del control de los individuos sea favorable a la salud.<\/li>\n<li>Combina m\u00e9todos o planteamientos diversos pero complementarios, incluyendo comunicaci\u00f3n, educaci\u00f3n, legislaci\u00f3n, medidas fiscales, cambio organizativo y desarrollo comunitario.<\/li>\n<li>Aspira a la participaci\u00f3n efectiva de la poblaci\u00f3n, favoreciendo la autoayuda y animando a las personas a encontrar su manera de promocionar la salud de sus comunidades.<\/li>\n<li>Aunque la promoci\u00f3n de la salud es b\u00e1sicamente una actividad del \u00e1mbito de la salud y del \u00e1mbito social, y no un servicio m\u00e9dico, los profesionales sanitarios, especialmente los de atenci\u00f3n primaria, desempe\u00f1an un papel importante en apoyar y facilitar la promoci\u00f3n de la salud.<\/li>\n<\/ul>\n<p>La Obra Social de Ministros trabaja en la promoci\u00f3n y protecci\u00f3n de la salud a trav\u00e9s de acciones educativas y sociales, que permitan aplicar principios formativos para promover cambios positivos en la conducta y bienestar de la comunidad, a fin de lograr una mejor calidad de vida.<\/p>\n<p>Para lograrlo, esta Obra Social, como organizaci\u00f3n inserta en el sistema de salud y siguiendo esta premisa de desarrollo, se ha propuesto trabajar en prevenci\u00f3n en forma sistem\u00e1tica y sostenida con todos sus afiliados, brind\u00e1ndole la informaci\u00f3n necesaria para cumplir con su objetivo.<\/p>\n<p>Esta perspectiva responde a la necesidad de instalar una visi\u00f3n din\u00e1mica de funcionamiento intersectorial, horizontal y multidisciplinario e integra un nuevo modelo de gesti\u00f3n de la salud, basado en la construcci\u00f3n de redes que promuevan solidaridad, equidad, accesibilidad, calidad y participaci\u00f3n.<\/p>\n<p>La resistencia pasiva a la enfermedad, mediante la protecci\u00f3n de los individuos sanos, constituye el mayor avance de la medicina moderna. La mayor atenci\u00f3n a la persona sana y a la manera de c\u00f3mo conservar la salud, ha tenido como meta aumentar el porcentaje de poblaci\u00f3n que goza de buena calidad de vida.<\/p>\n<p>Hoy en d\u00eda, ya se acepta que \u201cla salud no es la mera ausencia de enfermedades\u201d y que entre esta y aquella hay una variedad de estados intermedios o, m\u00e1s bien, una sucesi\u00f3n de estados org\u00e1nicos que por un lado conducen a mejorarla y por el otro, a un total desequilibrio, constituy\u00e9ndose en enfermedades. Sin embargo no se pasa de un estado al otro en forma violenta salvo en contadas ocasiones (por ejemplo: accidentes).<\/p>\n<p>El enfoque actual de la medicina no solo se ocupa del tratamiento y prevenci\u00f3n de la enfermedad, sino que apunta tambi\u00e9n a la \u201cPromoci\u00f3n y Protecci\u00f3n de la salud\u201d, constituyendo \u00e9sta el avance m\u00e1s reciente donde se depositan las mayores esperanzas de las personas sanas.<\/p>\n<p>La \u201cPromoci\u00f3n y Protecci\u00f3n de la Salud\u201d incluye las t\u00e9cnicas m\u00e9dicas para prevenir la enfermedad y fomentar la salud en el individuo como unidad.<\/p>\n<p>Las t\u00e9cnicas de \u201cPromoci\u00f3n y Protecci\u00f3n de la Salud\u201d no siempre son de naturaleza m\u00e9dica. As\u00ed, el control de calidad del agua, realizada por \u201cingenieros sanitarios\u201d, resulta una acci\u00f3n de prevenci\u00f3n que evita las infecciones ent\u00e9ricas, no constituyendo una acci\u00f3n de la medicina preventiva ya que pertenece a la \u201cIngenier\u00eda Sanitaria\u201d y tambi\u00e9n una acci\u00f3n de Protecci\u00f3n de la Salud.<\/p>\n<p><strong>La \u201cPromoci\u00f3n y Protecci\u00f3n de la salud\u201d se define en diferentes niveles. As\u00ed tenemos:<\/strong><\/p>\n<ul>\n<li>En relaci\u00f3n con el Ambiente; modificando los factores biol\u00f3gicos adversos.<\/li>\n<li>En relaci\u00f3n con el Individuo Sano; promoviendo la salud.<\/li>\n<li>En relaci\u00f3n con el Individuo con Signos de Disturbios Patol\u00f3gicos; modificando h\u00e1bitos y costumbres.<\/li>\n<\/ul>\n<p><strong>Fundamentalmente, los ejes de acci\u00f3n para la \u201cProtecci\u00f3n y Promoci\u00f3n de la Salud\u201d se basan en:<\/strong><\/p>\n<ul>\n<li>Los ex\u00e1menes de salud.<\/li>\n<li>La higiene personal.<\/li>\n<li>El desarrollo f\u00edsico.<\/li>\n<li>La actividad f\u00edsica.<\/li>\n<\/ul>\n<p><strong>Finalmente, como resumen podemos se\u00f1alar que:<\/strong><\/p>\n<ul>\n<li>A pesar de los avances de la medicina preventiva, la mortalidad humana en la Argentina sigue siendo relativamente alta y las expectativas de vida est\u00e1n por debajo de las que se pueden ambicionar.<\/li>\n<li>En la actualidad, la salud no es ausencia de enfermedad, existiendo entre esta y aquella una variedad de estados intermedios con niveles de calidad de vida relevantes.<\/li>\n<li>La \u201cProtecci\u00f3n y Promoci\u00f3n de la Salud\u201d incluye t\u00e9cnicas m\u00e9dicas para prevenir la enfermedad y promover la salud en el individuo tomado como unidad, integr\u00e1ndose dentro de la cl\u00ednica m\u00e9dica, teniendo como prop\u00f3sitos:\n<ul>\n<li>El estudio de la etiolog\u00eda.<\/li>\n<li>La educaci\u00f3n del individuo y de la familia.<\/li>\n<li>El control m\u00e9dico individual o colectivo de la salud.<\/li>\n<\/ul>\n<\/li>\n<\/ul>\n<p>La base de todas las actividades de \u201cProtecci\u00f3n y Promoci\u00f3n de la salud\u201d la conforman el examen peri\u00f3dico y la educaci\u00f3n para la salud tanto individual como del grupo familiar.<\/p>\n<hr \/>\n<p><img loading=\"lazy\" decoding=\"async\" class=\"alignnone wp-image-279 size-full\" title=\"Ing. N\u00e9stor E. Fern\u00e1ndez Presidente de OSMISS\" src=\"https:\/\/osmiss.org.ar\/news2\/wp-content\/uploads\/2018\/05\/fotopresidencia.jpg\" alt=\"Imagen del Ing. N\u00e9stor E. Fern\u00e1ndez\" width=\"150\" height=\"150\" srcset=\"https:\/\/osmiss.org.ar\/news2\/wp-content\/uploads\/2018\/05\/fotopresidencia.jpg 150w, https:\/\/osmiss.org.ar\/news2\/wp-content\/uploads\/2018\/05\/fotopresidencia-60x60.jpg 60w\" sizes=\"auto, (max-width: 150px) 100vw, 150px\" \/><\/p>\n<p><em><strong>Ing. N\u00e9stor E. Fern\u00e1ndez<\/strong><\/em><br \/>\n<em><strong>Presidente de OSMISS<\/strong><\/em><\/p>\n","protected":false},"excerpt":{"rendered":"<p>En el a\u00f1o 1990, la Organizaci\u00f3n Mundial de la Salud define a la \u201cpromoci\u00f3n y protecci\u00f3n de la salud\u201d como la suma de las acciones de la poblaci\u00f3n, los servicios de salud y autoridades sanitarias &hellip; <\/p>\n","protected":false},"author":2,"featured_media":782,"comment_status":"closed","ping_status":"open","sticky":false,"template":"","format":"standard","meta":{"om_disable_all_campaigns":false,"_monsterinsights_skip_tracking":false,"_uf_show_specific_survey":0,"_uf_disable_surveys":false,"footnotes":""},"categories":[22],"tags":[],"class_list":["post-138","post","type-post","status-publish","format-standard","has-post-thumbnail","hentry","category-editoriales","grid-sizer"],"aioseo_notices":[],"_links":{"self":[{"href":"https:\/\/osmiss.org.ar\/news2\/wp-json\/wp\/v2\/posts\/138","targetHints":{"allow":["GET"]}}],"collection":[{"href":"https:\/\/osmiss.org.ar\/news2\/wp-json\/wp\/v2\/posts"}],"about":[{"href":"https:\/\/osmiss.org.ar\/news2\/wp-json\/wp\/v2\/types\/post"}],"author":[{"embeddable":true,"href":"https:\/\/osmiss.org.ar\/news2\/wp-json\/wp\/v2\/users\/2"}],"replies":[{"embeddable":true,"href":"https:\/\/osmiss.org.ar\/news2\/wp-json\/wp\/v2\/comments?post=138"}],"version-history":[{"count":2,"href":"https:\/\/osmiss.org.ar\/news2\/wp-json\/wp\/v2\/posts\/138\/revisions"}],"predecessor-version":[{"id":843,"href":"https:\/\/osmiss.org.ar\/news2\/wp-json\/wp\/v2\/posts\/138\/revisions\/843"}],"wp:featuredmedia":[{"embeddable":true,"href":"https:\/\/osmiss.org.ar\/news2\/wp-json\/wp\/v2\/media\/782"}],"wp:attachment":[{"href":"https:\/\/osmiss.org.ar\/news2\/wp-json\/wp\/v2\/media?parent=138"}],"wp:term":[{"taxonomy":"category","embeddable":true,"href":"https:\/\/osmiss.org.ar\/news2\/wp-json\/wp\/v2\/categories?post=138"},{"taxonomy":"post_tag","embeddable":true,"href":"https:\/\/osmiss.org.ar\/news2\/wp-json\/wp\/v2\/tags?post=138"}],"curies":[{"name":"wp","href":"https:\/\/api.w.org\/{rel}","templated":true}]}}