{"id":1381,"date":"2025-06-04T16:34:44","date_gmt":"2025-06-04T19:34:44","guid":{"rendered":"https:\/\/osmiss.org.ar\/news2\/?p=1381"},"modified":"2025-07-24T13:54:36","modified_gmt":"2025-07-24T16:54:36","slug":"violencia-de-genero-tipos","status":"publish","type":"post","link":"https:\/\/osmiss.org.ar\/news2\/2025\/06\/04\/violencia-de-genero-tipos\/","title":{"rendered":"Violencia de g\u00e9nero &#8211; Tipos"},"content":{"rendered":"\n<figure class=\"wp-block-image size-full\"><img loading=\"lazy\" decoding=\"async\" width=\"264\" height=\"120\" src=\"https:\/\/osmiss.org.ar\/news2\/wp-content\/uploads\/2023\/06\/news-sabias.png\" alt=\"\" class=\"wp-image-1197\" srcset=\"https:\/\/osmiss.org.ar\/news2\/wp-content\/uploads\/2023\/06\/news-sabias.png 264w, https:\/\/osmiss.org.ar\/news2\/wp-content\/uploads\/2023\/06\/news-sabias-132x60.png 132w\" sizes=\"auto, (max-width: 264px) 100vw, 264px\" \/><\/figure>\n\n\n\n<h2 class=\"wp-block-heading has-vivid-red-color has-text-color has-link-color wp-elements-93d3285da85f0853f7ca34278588bc50\">Violencia de g\u00e9nero<\/h2>\n\n\n\n<h1 class=\"wp-block-heading has-vivid-red-color has-text-color has-link-color wp-elements-5b4ff9a24ef6873bff9d8708ae7342f1\">Sus tipos y variantes<\/h1>\n\n\n\n<p class=\"wp-block-paragraph\">Las violencias son fen\u00f3menos diversos, heterog\u00e9neos que se manifiestan en formas variadas y comprenden m\u00faltiples situaciones.<\/p>\n\n\n\n<p class=\"wp-block-paragraph\">Es el uso de la fuerza (f\u00edsica o psicol\u00f3gica) por parte del violento o agresor para lograr objetivos que van contra la voluntad de la\/el violentada\/o o v\u00edctima.<\/p>\n\n\n\n<p class=\"wp-block-paragraph\">Abarcan una amplia gama de eventos que van m\u00e1s all\u00e1 del acto f\u00edsico, incluyendo acosos, amenazas, intimidaciones, humillaciones, descalificaciones, manipulaciones, presi\u00f3n y control.<\/p>\n\n\n\n<div style=\"height:100px\" aria-hidden=\"true\" class=\"wp-block-spacer\"><\/div>\n\n\n\n<hr class=\"wp-block-separator has-alpha-channel-opacity\"\/>\n\n\n\n<div class=\"wp-block-columns is-layout-flex wp-container-core-columns-is-layout-8f761849 wp-block-columns-is-layout-flex\">\n<div class=\"wp-block-column is-layout-flow wp-block-column-is-layout-flow\" style=\"flex-basis:33.33%\">\n<h3 class=\"wp-block-heading\">Violencia institucional<\/h3>\n<\/div>\n\n\n\n<div class=\"wp-block-column is-layout-flow wp-block-column-is-layout-flow\" style=\"flex-basis:66.66%\">\n<p class=\"wp-block-paragraph\">Es la ejercida por quienes tienen el poder en una instituci\u00f3n determinada (la pueden ejercer agentes de seguridad, autoridades y profesionales de la salud o educaci\u00f3n, etc.).<\/p>\n\n\n\n<p class=\"has-vivid-red-color has-text-color has-link-color wp-elements-8efcc6a3b9752932bc383c736cf4b1a3 wp-block-paragraph\">L\u00ednea <strong>102 <\/strong>centro de denuncias<\/p>\n<\/div>\n<\/div>\n\n\n\n<hr class=\"wp-block-separator has-alpha-channel-opacity\"\/>\n\n\n\n<div class=\"wp-block-columns is-layout-flex wp-container-core-columns-is-layout-8f761849 wp-block-columns-is-layout-flex\">\n<div class=\"wp-block-column is-layout-flow wp-block-column-is-layout-flow\" style=\"flex-basis:33.33%\">\n<h3 class=\"wp-block-heading\">Violencia contra las mujeres y ni\u00f1as<\/h3>\n<\/div>\n\n\n\n<div class=\"wp-block-column is-layout-flow wp-block-column-is-layout-flow\" style=\"flex-basis:66.66%\">\n<p class=\"wp-block-paragraph\">La violencia contra las mujeres y las ni\u00f1as se define como todo acto de violencia basado en el g\u00e9nero que tenga o pueda tener como resultado un da\u00f1o o sufrimiento f\u00edsico, sexual o mental para la mujer, as\u00ed como las amenazas de tales actos, la coacci\u00f3n o la privaci\u00f3n arbitraria de la libertad, tanto si se producen en la vida p\u00fablica como en la vida privada. La violencia contra las mujeres y ni\u00f1as abarca, con car\u00e1cter no limitativo, la violencia f\u00edsica, sexual y psicol\u00f3gica que se produce en el seno de la familia o de la comunidad, as\u00ed como la perpetrada o tolerada por el Estado.<\/p>\n<\/div>\n<\/div>\n\n\n\n<hr class=\"wp-block-separator has-alpha-channel-opacity\"\/>\n\n\n\n<div class=\"wp-block-columns is-layout-flex wp-container-core-columns-is-layout-8f761849 wp-block-columns-is-layout-flex\">\n<div class=\"wp-block-column is-layout-flow wp-block-column-is-layout-flow\" style=\"flex-basis:33.33%\">\n<h3 class=\"wp-block-heading\">Violencia psicol\u00f3gica<\/h3>\n<\/div>\n\n\n\n<div class=\"wp-block-column is-layout-flow wp-block-column-is-layout-flow\" style=\"flex-basis:66.66%\">\n<p class=\"wp-block-paragraph\">Consiste en provocar miedo a trav\u00e9s de la intimidaci\u00f3n; en amenazar con causar da\u00f1o f\u00edsico a una persona, su pareja o sus hijas o hijos, o con destruir sus mascotas y bienes; en someter a una persona a maltrato psicol\u00f3gico o en forzarla a aislarse de sus amistades, de su familia, de la escuela o del trabajo.<\/p>\n<\/div>\n<\/div>\n\n\n\n<hr class=\"wp-block-separator has-alpha-channel-opacity\"\/>\n\n\n\n<div class=\"wp-block-columns is-layout-flex wp-container-core-columns-is-layout-8f761849 wp-block-columns-is-layout-flex\">\n<div class=\"wp-block-column is-layout-flow wp-block-column-is-layout-flow\" style=\"flex-basis:33.33%\">\n<h3 class=\"wp-block-heading\">Violencia sexual<\/h3>\n<\/div>\n\n\n\n<div class=\"wp-block-column is-layout-flow wp-block-column-is-layout-flow\" style=\"flex-basis:66.66%\">\n<p class=\"wp-block-paragraph\">&#8220;La violencia sexual es cualquier actividad o contacto sexual que ocurre sin el consentimiento de la persona, independientemente del tipo de v\u00ednculo. Puede involucrar fuerza f\u00edsica o amenaza de fuerza. Tambi\u00e9n puede ocurrir debido a coerci\u00f3n o amenazas. Incluye situaciones desde acoso callejero hasta abuso y violaci\u00f3n.<\/p>\n\n\n\n<p class=\"has-vivid-red-color has-text-color has-link-color wp-elements-220873e0217103515e3969c6c172c40a wp-block-paragraph\">L\u00ednea <strong>137 <\/strong>centro de denuncias de violencias intrafamiliares y sexuales<\/p>\n<\/div>\n<\/div>\n\n\n\n<hr class=\"wp-block-separator has-alpha-channel-opacity\"\/>\n\n\n\n<div class=\"wp-block-columns is-layout-flex wp-container-core-columns-is-layout-8f761849 wp-block-columns-is-layout-flex\">\n<div class=\"wp-block-column is-layout-flow wp-block-column-is-layout-flow\" style=\"flex-basis:33.33%\">\n<h3 class=\"wp-block-heading\">Violencia de g\u00e9nero<\/h3>\n<\/div>\n\n\n\n<div class=\"wp-block-column is-layout-flow wp-block-column-is-layout-flow\" style=\"flex-basis:66.66%\">\n<p class=\"wp-block-paragraph\">La violencia por motivos de genero es una practica que viola los derechos y humanos. Se produce cuando existe alg\u00fan tipo de discriminaci\u00f3n, agresi\u00f3n hostigamiento por su identidad de genero y orientaci\u00f3n sexual. Se puede manifestar con cualquier conducta ( insulto, actitud, etc.) que produzca un da;o a la persona.<\/p>\n\n\n\n<p class=\"has-vivid-red-color has-text-color has-link-color wp-elements-fe2e3d7c05f18b74cbf98dedec126834 wp-block-paragraph\">L\u00ednea <strong>144 <\/strong>centro de denuncias de violencias de genero.<\/p>\n<\/div>\n<\/div>\n\n\n\n<hr class=\"wp-block-separator has-alpha-channel-opacity\"\/>\n\n\n\n<h3 class=\"wp-block-heading\">Frente a una situaci\u00f3n de violencia ejercida hacia vos o alguna persona conocida, podes recurrir a las l\u00edneas de denuncia que te acercamos.<\/h3>\n\n\n\n<p class=\"has-vivid-red-color has-text-color has-link-color wp-elements-34e527c7480d00df05f656c3268e74b2 wp-block-paragraph\"><strong>DENUNCIA<\/strong>:<br>L\u00ednea <strong>102 <\/strong>centro de denuncias<br>L\u00ednea <strong>137 <\/strong>centro de denuncias de violencias intrafamiliares y sexuales<br>L\u00ednea <strong>144 <\/strong>centro de denuncias de violencias de genero.<\/p>\n\n\n\n<div style=\"height:100px\" aria-hidden=\"true\" class=\"wp-block-spacer\"><\/div>\n\n\n\n<div class=\"wp-block-group\"><div class=\"wp-block-group__inner-container is-layout-constrained wp-block-group-is-layout-constrained\">\n<hr class=\"wp-block-separator has-text-color has-vivid-cyan-blue-color has-alpha-channel-opacity has-vivid-cyan-blue-background-color has-background\"\/>\n\n\n\n<div class=\"wp-block-columns is-layout-flex wp-container-core-columns-is-layout-8f761849 wp-block-columns-is-layout-flex\">\n<div class=\"wp-block-column is-layout-flow wp-block-column-is-layout-flow\" style=\"flex-basis:33.33%\">\n<figure class=\"wp-block-image size-full is-resized\"><img loading=\"lazy\" decoding=\"async\" width=\"400\" height=\"300\" src=\"https:\/\/osmiss.org.ar\/news2\/wp-content\/uploads\/2021\/08\/logo-osmiss_logo2.jpg\" alt=\"\" class=\"wp-image-682\" style=\"width:226px;height:auto\" srcset=\"https:\/\/osmiss.org.ar\/news2\/wp-content\/uploads\/2021\/08\/logo-osmiss_logo2.jpg 400w, https:\/\/osmiss.org.ar\/news2\/wp-content\/uploads\/2021\/08\/logo-osmiss_logo2-300x225.jpg 300w, https:\/\/osmiss.org.ar\/news2\/wp-content\/uploads\/2021\/08\/logo-osmiss_logo2-80x60.jpg 80w\" sizes=\"auto, (max-width: 400px) 100vw, 400px\" \/><\/figure>\n<\/div>\n\n\n\n<div class=\"wp-block-column is-vertically-aligned-center is-layout-flow wp-block-column-is-layout-flow\" style=\"flex-basis:66.66%\">\n<p class=\"has-small-font-size wp-block-paragraph\"><strong>Ante cualquier duda, comunicarse con la Gerencia M\u00e9dica de OSMISS.<\/strong><br>Email: <a href=\"mailto:autorizaciones@osmiss.org.ar\">autorizaciones@osmiss.org.ar<\/a> o <a href=\"mailto:gerencia.medica@osmiss.org.ar\">gerencia.medica@osmiss.org.ar<\/a><br>Tel.: <strong><a href=\"tel:+5491143346611\">(011) 4334-6611<\/a><\/strong> Lunes a Viernes de 9 a 17 hs.<br>Si se comunica desde el interior del pa\u00eds, puede llamar en forma gratuita al: <br><strong><a href=\"tel:08003456764\">0800-345-OSMISS(6764)<\/a><\/strong> Lunes a Viernes de 9 a 17 hs.<\/p>\n<\/div>\n<\/div>\n\n\n\n<hr class=\"wp-block-separator has-text-color has-vivid-cyan-blue-color has-alpha-channel-opacity has-vivid-cyan-blue-background-color has-background\"\/>\n<\/div><\/div>\n","protected":false},"excerpt":{"rendered":"<p>Violencia de g\u00e9nero Sus tipos y variantes Las violencias son fen\u00f3menos diversos, heterog\u00e9neos que se manifiestan en formas variadas y comprenden m\u00faltiples situaciones. Es el uso de la fuerza (f\u00edsica o psicol\u00f3gica) por parte del &hellip; <\/p>\n","protected":false},"author":1,"featured_media":1430,"comment_status":"closed","ping_status":"open","sticky":true,"template":"","format":"standard","meta":{"om_disable_all_campaigns":false,"_monsterinsights_skip_tracking":false,"_uf_show_specific_survey":0,"_uf_disable_surveys":false,"footnotes":""},"categories":[23,27],"tags":[219,215,197,158],"class_list":["post-1381","post","type-post","status-publish","format-standard","has-post-thumbnail","hentry","category-campanadeprevencion","category-curiosidades","tag-denunciar","tag-genero","tag-violencia","tag-violencia-de-genero","grid-sizer"],"aioseo_notices":[],"_links":{"self":[{"href":"https:\/\/osmiss.org.ar\/news2\/wp-json\/wp\/v2\/posts\/1381","targetHints":{"allow":["GET"]}}],"collection":[{"href":"https:\/\/osmiss.org.ar\/news2\/wp-json\/wp\/v2\/posts"}],"about":[{"href":"https:\/\/osmiss.org.ar\/news2\/wp-json\/wp\/v2\/types\/post"}],"author":[{"embeddable":true,"href":"https:\/\/osmiss.org.ar\/news2\/wp-json\/wp\/v2\/users\/1"}],"replies":[{"embeddable":true,"href":"https:\/\/osmiss.org.ar\/news2\/wp-json\/wp\/v2\/comments?post=1381"}],"version-history":[{"count":5,"href":"https:\/\/osmiss.org.ar\/news2\/wp-json\/wp\/v2\/posts\/1381\/revisions"}],"predecessor-version":[{"id":1483,"href":"https:\/\/osmiss.org.ar\/news2\/wp-json\/wp\/v2\/posts\/1381\/revisions\/1483"}],"wp:featuredmedia":[{"embeddable":true,"href":"https:\/\/osmiss.org.ar\/news2\/wp-json\/wp\/v2\/media\/1430"}],"wp:attachment":[{"href":"https:\/\/osmiss.org.ar\/news2\/wp-json\/wp\/v2\/media?parent=1381"}],"wp:term":[{"taxonomy":"category","embeddable":true,"href":"https:\/\/osmiss.org.ar\/news2\/wp-json\/wp\/v2\/categories?post=1381"},{"taxonomy":"post_tag","embeddable":true,"href":"https:\/\/osmiss.org.ar\/news2\/wp-json\/wp\/v2\/tags?post=1381"}],"curies":[{"name":"wp","href":"https:\/\/api.w.org\/{rel}","templated":true}]}}