{"id":1383,"date":"2025-06-05T16:41:56","date_gmt":"2025-06-05T19:41:56","guid":{"rendered":"https:\/\/osmiss.org.ar\/news2\/?p=1383"},"modified":"2025-07-24T13:51:04","modified_gmt":"2025-07-24T16:51:04","slug":"identidad-de-genero-ley-26-743","status":"publish","type":"post","link":"https:\/\/osmiss.org.ar\/news2\/2025\/06\/05\/identidad-de-genero-ley-26-743\/","title":{"rendered":"Identidad de g\u00e9nero Ley 26.743"},"content":{"rendered":"\n<figure class=\"wp-block-image size-full\"><img loading=\"lazy\" decoding=\"async\" width=\"264\" height=\"120\" src=\"https:\/\/osmiss.org.ar\/news2\/wp-content\/uploads\/2023\/06\/news-sabias.png\" alt=\"\" class=\"wp-image-1197\" srcset=\"https:\/\/osmiss.org.ar\/news2\/wp-content\/uploads\/2023\/06\/news-sabias.png 264w, https:\/\/osmiss.org.ar\/news2\/wp-content\/uploads\/2023\/06\/news-sabias-132x60.png 132w\" sizes=\"auto, (max-width: 264px) 100vw, 264px\" \/><\/figure>\n\n\n\n<h2 class=\"wp-block-heading has-vivid-red-color has-text-color has-link-color wp-elements-f3357a1a4e4d72a6f31eb5e047b5ff96\">Ley 26.743<\/h2>\n\n\n\n<h2 class=\"wp-block-heading has-vivid-red-color has-text-color has-link-color wp-elements-4fdd45f2eef0318eb003ed32d09f37a5\">IDENTIDAD DE GENERO<\/h2>\n\n\n\n<p class=\"wp-block-paragraph\">La&nbsp;Ley 26.743&nbsp;permite que las personas trans (travestis, transexuales y transg\u00e9neros) puedan ser inscriptas en sus documentos personales con el nombre y el g\u00e9nero de elecci\u00f3n, adem\u00e1s de ordenar que todos los tratamientos m\u00e9dicos de adecuaci\u00f3n a la expresi\u00f3n de g\u00e9nero sean incluidos en el&nbsp;Programa M\u00e9dico Obligatorio.<br><br>Esta Ley permite acceder a tratamientos hormonales e intervenciones quir\u00fargicas totales o parciales para adecuar tu cuerpo a la identidad elegida. El tr\u00e1mite se realiza para modificar el nombre y el g\u00e9nero. No cambia el n\u00famero de DNI.<br>Solo pueden realizarlo los argentinos nativos.<\/p>\n\n\n\n<h2 class=\"wp-block-heading\"><strong>REQUISITOS:<\/strong><\/h2>\n\n\n\n<h3 class=\"wp-block-heading\"><strong>Mayor de 18 a\u00f1os<\/strong><\/h3>\n\n\n\n<ul class=\"wp-block-list\">\n<li>Partida de nacimiento original actualizada (original y 3 juegos de fotocopias)<\/li>\n\n\n\n<li>DNI (original y 3 juegos de fotocopias) (*)<\/li>\n\n\n\n<li>Presentar ante el Registro Civil una solicitud manifestando encontrarse amparada por la ley 26743, requiriendo la rectificaci\u00f3n registral de la partida de nacimiento y el nuevo documento nacional de identidad correspondiente, conserv\u00e1ndose el n\u00famero original.<\/li>\n<\/ul>\n\n\n\n<h3 class=\"wp-block-heading\">Menor de 18 a\u00f1os<\/h3>\n\n\n\n<ul class=\"wp-block-list\">\n<li>Partida de nacimiento original actualizada (original y 3 juegos de fotocopias)<\/li>\n\n\n\n<li>DNI (original y fotocopia)<\/li>\n\n\n\n<li>Contar con la asistencia del abogado del ni\u00f1o prevista en el art\u00edculo 27 de la Ley 26.061.(**)<\/li>\n\n\n\n<li>Enrolamiento o la Libreta C\u00edvica.<\/li>\n<\/ul>\n\n\n\n<blockquote class=\"wp-block-quote is-layout-flow wp-block-quote-is-layout-flow\">\n<p class=\"wp-block-paragraph\">(*) Para realizar este tr\u00e1mite deb\u00e9s tener DNI vigente con domicilio en CABA. Record\u00e1 que, desde el 1\u00b0 de abril de 2017, el DNI tarjeta y DNI Digital son los \u00fanicos documentos v\u00e1lidos. Las personas mayores de 75 a\u00f1os podr\u00e1n utilizar la Libreta de Enrolamiento o la Libreta C\u00edvica.<br><br>(**) Referimos a representantes legales como los progenitores o tutores.<\/p>\n\n\n\n<div style=\"height:100px\" aria-hidden=\"true\" class=\"wp-block-spacer\"><\/div>\n\n\n\n<hr class=\"wp-block-separator has-alpha-channel-opacity\"\/>\n<\/blockquote>\n\n\n\n<h3 class=\"wp-block-heading\">Organismo responsable: Direcci\u00f3n General de Registro Civil<\/h3>\n\n\n\n<p class=\"wp-block-paragraph\">Domicilio:&nbsp;<strong>Uruguay 753 (C.A.B.A.)<\/strong><br>D\u00edas y horarios de atenci\u00f3n:&nbsp;<strong>Lunes a viernes de 7 a 19 hs.<\/strong><br>Atenci\u00f3n telef\u00f3nica:&nbsp;<strong>147<\/strong><\/p>\n\n\n\n<div class=\"wp-block-group\"><div class=\"wp-block-group__inner-container is-layout-constrained wp-block-group-is-layout-constrained\">\n<hr class=\"wp-block-separator has-text-color has-vivid-cyan-blue-color has-alpha-channel-opacity has-vivid-cyan-blue-background-color has-background\"\/>\n\n\n\n<div class=\"wp-block-columns is-layout-flex wp-container-core-columns-is-layout-8f761849 wp-block-columns-is-layout-flex\">\n<div class=\"wp-block-column is-layout-flow wp-block-column-is-layout-flow\" style=\"flex-basis:33.33%\">\n<figure class=\"wp-block-image size-full is-resized\"><img loading=\"lazy\" decoding=\"async\" width=\"400\" height=\"300\" src=\"https:\/\/osmiss.org.ar\/news2\/wp-content\/uploads\/2021\/08\/logo-osmiss_logo2.jpg\" alt=\"\" class=\"wp-image-682\" style=\"width:226px;height:auto\" srcset=\"https:\/\/osmiss.org.ar\/news2\/wp-content\/uploads\/2021\/08\/logo-osmiss_logo2.jpg 400w, https:\/\/osmiss.org.ar\/news2\/wp-content\/uploads\/2021\/08\/logo-osmiss_logo2-300x225.jpg 300w, https:\/\/osmiss.org.ar\/news2\/wp-content\/uploads\/2021\/08\/logo-osmiss_logo2-80x60.jpg 80w\" sizes=\"auto, (max-width: 400px) 100vw, 400px\" \/><\/figure>\n<\/div>\n\n\n\n<div class=\"wp-block-column is-vertically-aligned-center is-layout-flow wp-block-column-is-layout-flow\" style=\"flex-basis:66.66%\">\n<p class=\"has-small-font-size wp-block-paragraph\"><strong>Ante cualquier duda, comunicarse con la Gerencia M\u00e9dica de OSMISS.<\/strong><br>Email: <a href=\"mailto:autorizaciones@osmiss.org.ar\">autorizaciones@osmiss.org.ar<\/a> o <a href=\"mailto:gerencia.medica@osmiss.org.ar\">gerencia.medica@osmiss.org.ar<\/a><br>Tel.: <strong><a href=\"tel:+5491143346611\">(011) 4334-6611<\/a><\/strong> Lunes a Viernes de 9 a 17 hs.<br>Si se comunica desde el interior del pa\u00eds, puede llamar en forma gratuita al: <br><strong><a href=\"tel:08003456764\">0800-345-OSMISS(6764)<\/a><\/strong> Lunes a Viernes de 9 a 17 hs.<\/p>\n<\/div>\n<\/div>\n\n\n\n<hr class=\"wp-block-separator has-text-color has-vivid-cyan-blue-color has-alpha-channel-opacity has-vivid-cyan-blue-background-color has-background\"\/>\n<\/div><\/div>\n\n\n\n<div style=\"height:100px\" aria-hidden=\"true\" class=\"wp-block-spacer\"><\/div>\n","protected":false},"excerpt":{"rendered":"<p>Ley 26.743 IDENTIDAD DE GENERO La&nbsp;Ley 26.743&nbsp;permite que las personas trans (travestis, transexuales y transg\u00e9neros) puedan ser inscriptas en sus documentos personales con el nombre y el g\u00e9nero de elecci\u00f3n, adem\u00e1s de ordenar que todos &hellip; <\/p>\n","protected":false},"author":2,"featured_media":1469,"comment_status":"closed","ping_status":"open","sticky":true,"template":"","format":"standard","meta":{"om_disable_all_campaigns":false,"_monsterinsights_skip_tracking":false,"_uf_show_specific_survey":0,"_uf_disable_surveys":false,"footnotes":""},"categories":[27],"tags":[215,220,191],"class_list":["post-1383","post","type-post","status-publish","format-standard","has-post-thumbnail","hentry","category-curiosidades","tag-genero","tag-identidad","tag-identidad-de-genero","grid-sizer"],"aioseo_notices":[],"_links":{"self":[{"href":"https:\/\/osmiss.org.ar\/news2\/wp-json\/wp\/v2\/posts\/1383","targetHints":{"allow":["GET"]}}],"collection":[{"href":"https:\/\/osmiss.org.ar\/news2\/wp-json\/wp\/v2\/posts"}],"about":[{"href":"https:\/\/osmiss.org.ar\/news2\/wp-json\/wp\/v2\/types\/post"}],"author":[{"embeddable":true,"href":"https:\/\/osmiss.org.ar\/news2\/wp-json\/wp\/v2\/users\/2"}],"replies":[{"embeddable":true,"href":"https:\/\/osmiss.org.ar\/news2\/wp-json\/wp\/v2\/comments?post=1383"}],"version-history":[{"count":4,"href":"https:\/\/osmiss.org.ar\/news2\/wp-json\/wp\/v2\/posts\/1383\/revisions"}],"predecessor-version":[{"id":1477,"href":"https:\/\/osmiss.org.ar\/news2\/wp-json\/wp\/v2\/posts\/1383\/revisions\/1477"}],"wp:featuredmedia":[{"embeddable":true,"href":"https:\/\/osmiss.org.ar\/news2\/wp-json\/wp\/v2\/media\/1469"}],"wp:attachment":[{"href":"https:\/\/osmiss.org.ar\/news2\/wp-json\/wp\/v2\/media?parent=1383"}],"wp:term":[{"taxonomy":"category","embeddable":true,"href":"https:\/\/osmiss.org.ar\/news2\/wp-json\/wp\/v2\/categories?post=1383"},{"taxonomy":"post_tag","embeddable":true,"href":"https:\/\/osmiss.org.ar\/news2\/wp-json\/wp\/v2\/tags?post=1383"}],"curies":[{"name":"wp","href":"https:\/\/api.w.org\/{rel}","templated":true}]}}