{"id":1385,"date":"2025-06-09T13:26:45","date_gmt":"2025-06-09T16:26:45","guid":{"rendered":"https:\/\/osmiss.org.ar\/news2\/?p=1385"},"modified":"2025-07-24T13:54:06","modified_gmt":"2025-07-24T16:54:06","slug":"linea-de-prevencion-del-suicidio-ayuda-a-personas-en-crisis","status":"publish","type":"post","link":"https:\/\/osmiss.org.ar\/news2\/2025\/06\/09\/linea-de-prevencion-del-suicidio-ayuda-a-personas-en-crisis\/","title":{"rendered":"L\u00ednea de Prevenci\u00f3n del Suicidio &#8211; Ayuda a Personas en Crisis"},"content":{"rendered":"\n<figure class=\"wp-block-image size-full\"><img loading=\"lazy\" decoding=\"async\" width=\"264\" height=\"120\" src=\"https:\/\/osmiss.org.ar\/news2\/wp-content\/uploads\/2023\/06\/news-sabias.png\" alt=\"\" class=\"wp-image-1197\" srcset=\"https:\/\/osmiss.org.ar\/news2\/wp-content\/uploads\/2023\/06\/news-sabias.png 264w, https:\/\/osmiss.org.ar\/news2\/wp-content\/uploads\/2023\/06\/news-sabias-132x60.png 132w\" sizes=\"auto, (max-width: 264px) 100vw, 264px\" \/><\/figure>\n\n\n\n<h2 class=\"wp-block-heading has-vivid-red-color has-text-color has-link-color wp-elements-8db32e54c7008093d71d9b368176a510\">L\u00ednea 135<\/h2>\n\n\n\n<h2 class=\"wp-block-heading has-vivid-red-color has-text-color has-link-color wp-elements-c3ee9d86da1da0514a091606178bad72\">LINEA DE PREVENCION DEL SUICIDIO<\/h2>\n\n\n\n<p class=\"wp-block-paragraph\">Si Usted, o alg\u00fan familiar o allegado suyo, est\u00e1 atravesando una crisis emocional de cualquier tipo, siente que nada tiene sentido o se encuentra atrapado en una situaci\u00f3n a la que no le encuentra salida, no lo dude: Ll\u00e1menos:<\/p>\n\n\n\n<div class=\"wp-block-columns is-layout-flex wp-container-core-columns-is-layout-225e0b33 wp-block-columns-is-layout-flex\" style=\"border-width:7px;padding-top:var(--wp--preset--spacing--30);padding-right:0;padding-bottom:var(--wp--preset--spacing--30);padding-left:0\">\n<div class=\"wp-block-column is-layout-flow wp-block-column-is-layout-flow\" style=\"flex-basis:33.33%\"><\/div>\n\n\n\n<div class=\"wp-block-column is-layout-flow wp-block-column-is-layout-flow\" style=\"flex-basis:66.66%\">\n<h1 class=\"wp-block-heading has-vivid-red-color has-text-color has-link-color wp-elements-48b27bc8cf8d6bcd7072a05629b898e8\"><strong><a href=\"tel:135\" target=\"_blank\" rel=\"noreferrer noopener\">135<\/a><\/strong><\/h1>\n\n\n\n<p class=\"wp-block-paragraph\">&nbsp;(l\u00ednea gratuita desde Capital y Gran Buenos Aires)&nbsp;<\/p>\n\n\n\n<h2 class=\"wp-block-heading has-vivid-red-color has-text-color has-link-color wp-elements-39d5f4ac47beb478908773da3a7f48b0\"><strong><a href=\"tel:1152751135\" target=\"_blank\" rel=\"noreferrer noopener\">(011) 5275-1135<\/a><\/strong>&nbsp;o <a href=\"tel:080034501435\" target=\"_blank\" rel=\"noreferrer noopener\">0800 345 1435<\/a><\/h2>\n\n\n\n<p class=\"wp-block-paragraph\">(desde todo el pa\u00eds)<\/p>\n<\/div>\n<\/div>\n\n\n\n<p class=\"wp-block-paragraph\">Su llamado es personal, confidencial y an\u00f3nimo.<\/p>\n\n\n\n<p class=\"wp-block-paragraph\">Centro de Asistencia al Suicida &#8211; Buenos Aires<\/p>\n\n\n\n<div class=\"wp-block-group\"><div class=\"wp-block-group__inner-container is-layout-constrained wp-block-group-is-layout-constrained\">\n<hr class=\"wp-block-separator has-text-color has-vivid-cyan-blue-color has-alpha-channel-opacity has-vivid-cyan-blue-background-color has-background\"\/>\n\n\n\n<div class=\"wp-block-columns is-layout-flex wp-container-core-columns-is-layout-8f761849 wp-block-columns-is-layout-flex\">\n<div class=\"wp-block-column is-layout-flow wp-block-column-is-layout-flow\" style=\"flex-basis:33.33%\">\n<figure class=\"wp-block-image size-full is-resized\"><img loading=\"lazy\" decoding=\"async\" width=\"400\" height=\"300\" src=\"https:\/\/osmiss.org.ar\/news2\/wp-content\/uploads\/2021\/08\/logo-osmiss_logo2.jpg\" alt=\"\" class=\"wp-image-682\" style=\"width:226px;height:auto\" srcset=\"https:\/\/osmiss.org.ar\/news2\/wp-content\/uploads\/2021\/08\/logo-osmiss_logo2.jpg 400w, https:\/\/osmiss.org.ar\/news2\/wp-content\/uploads\/2021\/08\/logo-osmiss_logo2-300x225.jpg 300w, https:\/\/osmiss.org.ar\/news2\/wp-content\/uploads\/2021\/08\/logo-osmiss_logo2-80x60.jpg 80w\" sizes=\"auto, (max-width: 400px) 100vw, 400px\" \/><\/figure>\n<\/div>\n\n\n\n<div class=\"wp-block-column is-vertically-aligned-center is-layout-flow wp-block-column-is-layout-flow\" style=\"flex-basis:66.66%\">\n<p class=\"has-small-font-size wp-block-paragraph\"><strong>Ante cualquier duda, comunicarse con la Gerencia M\u00e9dica de OSMISS.<\/strong><br>Email: <a href=\"mailto:autorizaciones@osmiss.org.ar\">autorizaciones@osmiss.org.ar<\/a> o <a href=\"mailto:gerencia.medica@osmiss.org.ar\">gerencia.medica@osmiss.org.ar<\/a><br>Tel.: <strong><a href=\"tel:+5491143346611\">(011) 4334-6611<\/a><\/strong> Lunes a Viernes de 9 a 17 hs.<br>Si se comunica desde el interior del pa\u00eds, puede llamar en forma gratuita al: <br><strong><a href=\"tel:08003456764\">0800-345-OSMISS(6764)<\/a><\/strong> Lunes a Viernes de 9 a 17 hs.<\/p>\n<\/div>\n<\/div>\n\n\n\n<hr class=\"wp-block-separator has-text-color has-vivid-cyan-blue-color has-alpha-channel-opacity has-vivid-cyan-blue-background-color has-background\"\/>\n<\/div><\/div>\n","protected":false},"excerpt":{"rendered":"<p>L\u00ednea 135 LINEA DE PREVENCION DEL SUICIDIO Si Usted, o alg\u00fan familiar o allegado suyo, est\u00e1 atravesando una crisis emocional de cualquier tipo, siente que nada tiene sentido o se encuentra atrapado en una situaci\u00f3n &hellip; <\/p>\n","protected":false},"author":1,"featured_media":1431,"comment_status":"closed","ping_status":"closed","sticky":true,"template":"","format":"standard","meta":{"om_disable_all_campaigns":false,"_monsterinsights_skip_tracking":false,"_uf_show_specific_survey":0,"_uf_disable_surveys":false,"footnotes":""},"categories":[23,27],"tags":[222,111],"class_list":["post-1385","post","type-post","status-publish","format-standard","has-post-thumbnail","hentry","category-campanadeprevencion","category-curiosidades","tag-personas-en-crisis","tag-prevencion","grid-sizer"],"aioseo_notices":[],"_links":{"self":[{"href":"https:\/\/osmiss.org.ar\/news2\/wp-json\/wp\/v2\/posts\/1385","targetHints":{"allow":["GET"]}}],"collection":[{"href":"https:\/\/osmiss.org.ar\/news2\/wp-json\/wp\/v2\/posts"}],"about":[{"href":"https:\/\/osmiss.org.ar\/news2\/wp-json\/wp\/v2\/types\/post"}],"author":[{"embeddable":true,"href":"https:\/\/osmiss.org.ar\/news2\/wp-json\/wp\/v2\/users\/1"}],"replies":[{"embeddable":true,"href":"https:\/\/osmiss.org.ar\/news2\/wp-json\/wp\/v2\/comments?post=1385"}],"version-history":[{"count":4,"href":"https:\/\/osmiss.org.ar\/news2\/wp-json\/wp\/v2\/posts\/1385\/revisions"}],"predecessor-version":[{"id":1482,"href":"https:\/\/osmiss.org.ar\/news2\/wp-json\/wp\/v2\/posts\/1385\/revisions\/1482"}],"wp:featuredmedia":[{"embeddable":true,"href":"https:\/\/osmiss.org.ar\/news2\/wp-json\/wp\/v2\/media\/1431"}],"wp:attachment":[{"href":"https:\/\/osmiss.org.ar\/news2\/wp-json\/wp\/v2\/media?parent=1385"}],"wp:term":[{"taxonomy":"category","embeddable":true,"href":"https:\/\/osmiss.org.ar\/news2\/wp-json\/wp\/v2\/categories?post=1385"},{"taxonomy":"post_tag","embeddable":true,"href":"https:\/\/osmiss.org.ar\/news2\/wp-json\/wp\/v2\/tags?post=1385"}],"curies":[{"name":"wp","href":"https:\/\/api.w.org\/{rel}","templated":true}]}}