{"id":140,"date":"2008-06-03T14:13:11","date_gmt":"2008-06-03T17:13:11","guid":{"rendered":"http:\/\/www.osmiss.com.ar\/news\/?p=140"},"modified":"2022-03-31T14:08:58","modified_gmt":"2022-03-31T17:08:58","slug":"pautas-prestacionales","status":"publish","type":"post","link":"https:\/\/osmiss.org.ar\/news2\/2008\/06\/03\/pautas-prestacionales\/","title":{"rendered":"Pautas prestacionales"},"content":{"rendered":"<p>La labor de OSMiSS tiende a cubrir las pr\u00e1cticas profesionales en salud dando una respuesta integral a las necesidades de nuestros afiliados.<\/p>\n<p>Con esta finalidad, resulta conveniente recordar el modelo asistencial propuesto en septiembre de 2007 (En contacto A\u00d1O 1 N\u00ba 2) donde se planteaba la figura del MEDICO de FAMILIA como integrador del afiliado al n\u00facleo familiar, constituyendo este, la unidad cl\u00ednica de diagn\u00f3stico y tratamiento.<\/p>\n<p>A\u00fan cuando nuestros MEDICOS DE FAMILIA no son obligatorios, manteniendo el beneficiario la opci\u00f3n de utilizar a cualquiera de los profesionales de la cartilla que corresponda a su Plan, los mismos est\u00e1n organizados en un Programa Asistencial y Acad\u00e9mico que desarrolla un modelo completo de Medicina Familiar, liderando el desarrollo de la Atenci\u00f3n M\u00e9dica Primaria en la Argentina, brindando cuidados de salud continuos, integrales y eficientes.<\/p>\n<p>Contar con un m\u00e9dico de familia le permitir\u00e1:<\/p>\n<ul>\n<li>Realizar consultas a un m\u00e9dico personal.<\/li>\n<li>Desarrollar una relaci\u00f3n de confianza mutua y de esta manera contar con un profesional de referencia que conoce su historia personal.<\/li>\n<li>Contar con un m\u00e9dico a quien consultar por los problemas de salud, suyos y de su familia.<\/li>\n<li>Tener una historia cl\u00ednica unificada para ordenar los cuidados de su salud.<\/li>\n<li>Contar con m\u00e9dico cerca del lugar donde vive o trabaja.<\/li>\n<li>Poder desarrollar cuidados preventivos de acuerdo a sus necesidades, promoviendo y protegiendo su bienestar.<\/li>\n<li>Articular sus cuidados con especialistas para lograr una unidad en su atenci\u00f3n.<\/li>\n<li>Atenci\u00f3n Cl\u00ednica centrada en el paciente, desde una perspectiva biopsicosocial.<\/li>\n<li>Orientaci\u00f3n general en temas de salud para la familia.<\/li>\n<\/ul>\n<p>La actividad m\u00e9dica de estos profesionales es:<\/p>\n<ul>\n<li>Atenci\u00f3n M\u00e9dica Primaria: consultas programadas y no programadas en consultorios, consultas programadas en domicilio. Atenci\u00f3n cl\u00ednica de ni\u00f1os, adolescentes, embarazadas, adultos y adultos mayores.<\/li>\n<li>Programas de prevenci\u00f3n (cardiovascular, enfermedades oncol\u00f3gicas, diabetes, hipercolesterolemia).<\/li>\n<li>Orientaci\u00f3n y conducci\u00f3n de enfermos con patolog\u00edas cr\u00f3nicas.<\/li>\n<li>Orientaci\u00f3n de pr\u00e1cticas diagn\u00f3sticas y terap\u00e9uticas.<\/li>\n<li>Intervenciones psicoterap\u00e9uticas con orientaci\u00f3n sist\u00e9mica.<\/li>\n<\/ul>\n<p>Esta propuesta necesita ser f\u00edrmemente establecida como la disciplina central de la medicina, alrededor de la cual se ordenan las restantes especialidades m\u00e9dicas y las otras profesiones del \u00e1mbito de la ciencia de la salud, para formar equipos cooperativos en beneficio del afiliado y su familia.<\/p>\n<p>Para su mejor orientaci\u00f3n terap\u00e9utica y pensando en mejorar su calidad de vida, OSMISS ha elaborado un \u201cPlan de Prevenci\u00f3n y Promoci\u00f3n de la Salud\u201d abarcando los aspectos psico-f\u00edsico-sociales necesarios para cumplir con este proceso de mejora continua de la salud de su poblaci\u00f3n.<\/p>\n<p>Acorde a las estad\u00edsticas realizadas en la OSMISS, se han designado consultores especializados en las diferentes patolog\u00edas prevalentes en nuestros afiliados (cardiovascular, urolog\u00eda y traumatolog\u00eda).<\/p>\n<p>Las consultas se pueden realizar directamente solicitando turno o preferentemente a trav\u00e9s de los MEDICOS DE FAMILIA que realizaran la derivaci\u00f3n con los estudios previos correspondientes. Por tal motivo se han incorporado los siguientes destacados centros y profesionales:<\/p>\n<ul>\n<li><strong>INSTITUTO DE TERAPEUTICA CARDIOVASCULAR<\/strong><br \/>\nLavalle 1675, Piso 7\u00ba, Tel\u00e9fono: 4372-1108<br \/>\nCiudad Aut\u00f3noma de Buenos Aires<\/li>\n<\/ul>\n<ul>\n<li><strong>CENTRO DE UROLOGIA DR. ALFREDO ALMOS<\/strong><br \/>\nCiudad de la Paz 1157, Tel\u00e9fono: 4788-5335<br \/>\nCiudad Aut\u00f3noma de Buenos Aires<\/p>\n<ul>\n<li>Jefe del Servicio de Urolog\u00eda del Hospital Torn\u00fa.<\/li>\n<li>Director M\u00e9dico Cl\u00ednica de los Virreyes.<\/li>\n<li>Jefe de servicio de Urolog\u00eda Cl\u00ednica de los Virreyes.<\/li>\n<\/ul>\n<\/li>\n<\/ul>\n<ul>\n<li><strong>EQUIPO DE TRAUMATOLOGIA<\/strong><br \/>\nDR. DANIEL TEJHIESEN.<br \/>\nAguilar 2451 PB 1\u00ba piso. Tel 4781-2020.<br \/>\nCiudad Aut\u00f3noma de Bs As.<\/p>\n<ul>\n<li>Jefe de Servicio de Traumatolog\u00eda y Ortopedia Centro M\u00e9dico Gallego<br \/>\n2004-2006.<\/li>\n<li>Miembro activo de la Asociaci\u00f3n argentina de Ortopedia y Traumatolog\u00eda, Comit\u00e9 de certificaci\u00f3n y recertificaci\u00f3n de especialistas.<\/li>\n<\/ul>\n<\/li>\n<\/ul>\n<hr \/>\n<p><img loading=\"lazy\" decoding=\"async\" class=\"alignnone wp-image-279 size-full\" title=\"Ing. N\u00e9stor E. Fern\u00e1ndez Presidente de OSMISS\" src=\"https:\/\/osmiss.org.ar\/news2\/wp-content\/uploads\/2018\/05\/fotopresidencia.jpg\" alt=\"Imagen del Ing. N\u00e9stor E. Fern\u00e1ndez\" width=\"150\" height=\"150\" srcset=\"https:\/\/osmiss.org.ar\/news2\/wp-content\/uploads\/2018\/05\/fotopresidencia.jpg 150w, https:\/\/osmiss.org.ar\/news2\/wp-content\/uploads\/2018\/05\/fotopresidencia-60x60.jpg 60w\" sizes=\"auto, (max-width: 150px) 100vw, 150px\" \/><\/p>\n<p><em><strong>Ing. N\u00e9stor E. Fern\u00e1ndez<\/strong><\/em><br \/>\n<em><strong>Presidente de OSMISS<\/strong><\/em><\/p>\n","protected":false},"excerpt":{"rendered":"<p>La labor de OSMiSS tiende a cubrir las pr\u00e1cticas profesionales en salud dando una respuesta integral a las necesidades de nuestros afiliados. Con esta finalidad, resulta conveniente recordar el modelo asistencial propuesto en septiembre de &hellip; <\/p>\n","protected":false},"author":2,"featured_media":770,"comment_status":"closed","ping_status":"open","sticky":false,"template":"","format":"standard","meta":{"om_disable_all_campaigns":false,"_monsterinsights_skip_tracking":false,"_uf_show_specific_survey":0,"_uf_disable_surveys":false,"footnotes":""},"categories":[22],"tags":[],"class_list":["post-140","post","type-post","status-publish","format-standard","has-post-thumbnail","hentry","category-editoriales","grid-sizer"],"aioseo_notices":[],"_links":{"self":[{"href":"https:\/\/osmiss.org.ar\/news2\/wp-json\/wp\/v2\/posts\/140","targetHints":{"allow":["GET"]}}],"collection":[{"href":"https:\/\/osmiss.org.ar\/news2\/wp-json\/wp\/v2\/posts"}],"about":[{"href":"https:\/\/osmiss.org.ar\/news2\/wp-json\/wp\/v2\/types\/post"}],"author":[{"embeddable":true,"href":"https:\/\/osmiss.org.ar\/news2\/wp-json\/wp\/v2\/users\/2"}],"replies":[{"embeddable":true,"href":"https:\/\/osmiss.org.ar\/news2\/wp-json\/wp\/v2\/comments?post=140"}],"version-history":[{"count":2,"href":"https:\/\/osmiss.org.ar\/news2\/wp-json\/wp\/v2\/posts\/140\/revisions"}],"predecessor-version":[{"id":831,"href":"https:\/\/osmiss.org.ar\/news2\/wp-json\/wp\/v2\/posts\/140\/revisions\/831"}],"wp:featuredmedia":[{"embeddable":true,"href":"https:\/\/osmiss.org.ar\/news2\/wp-json\/wp\/v2\/media\/770"}],"wp:attachment":[{"href":"https:\/\/osmiss.org.ar\/news2\/wp-json\/wp\/v2\/media?parent=140"}],"wp:term":[{"taxonomy":"category","embeddable":true,"href":"https:\/\/osmiss.org.ar\/news2\/wp-json\/wp\/v2\/categories?post=140"},{"taxonomy":"post_tag","embeddable":true,"href":"https:\/\/osmiss.org.ar\/news2\/wp-json\/wp\/v2\/tags?post=140"}],"curies":[{"name":"wp","href":"https:\/\/api.w.org\/{rel}","templated":true}]}}