{"id":1400,"date":"2025-04-01T14:11:00","date_gmt":"2025-04-01T17:11:00","guid":{"rendered":"https:\/\/osmiss.org.ar\/news2\/?p=1400"},"modified":"2025-06-09T14:12:09","modified_gmt":"2025-06-09T17:12:09","slug":"campana-de-vacunacion-antigripal-2025","status":"publish","type":"post","link":"https:\/\/osmiss.org.ar\/news2\/2025\/04\/01\/campana-de-vacunacion-antigripal-2025\/","title":{"rendered":"Campa\u00f1a de vacunaci\u00f3n ANTIGRIPAL 2025"},"content":{"rendered":"\n<h2 class=\"wp-block-heading\"><strong>ESTIMADOS AFILIADOS de Planes OSMISS-100 y OSMISS-200<\/strong><\/h2>\n\n\n\n<p class=\"wp-block-paragraph\">OSMISS, comenz\u00f3 su Campa\u00f1a de vacunaci\u00f3n antigripal 2025 a partir del 1\u00ba de abril y\u00a0 brinda cobertura total sin cargo a aquellos asociados que se encuentren dentro de las siguientes situaciones (grupos de riesgo):<\/p>\n\n\n\n<figure class=\"wp-block-image size-large\"><img loading=\"lazy\" decoding=\"async\" width=\"731\" height=\"1024\" src=\"https:\/\/osmiss.org.ar\/news2\/wp-content\/uploads\/2025\/06\/202504-antigripal-731x1024.jpg\" alt=\"\" class=\"wp-image-1402\" srcset=\"https:\/\/osmiss.org.ar\/news2\/wp-content\/uploads\/2025\/06\/202504-antigripal-731x1024.jpg 731w, https:\/\/osmiss.org.ar\/news2\/wp-content\/uploads\/2025\/06\/202504-antigripal-214x300.jpg 214w, https:\/\/osmiss.org.ar\/news2\/wp-content\/uploads\/2025\/06\/202504-antigripal-768x1076.jpg 768w, https:\/\/osmiss.org.ar\/news2\/wp-content\/uploads\/2025\/06\/202504-antigripal.jpg 914w\" sizes=\"auto, (max-width: 731px) 100vw, 731px\" \/><\/figure>\n\n\n\n<h3 class=\"wp-block-heading has-vivid-cyan-blue-color has-text-color\">Grupos de Riesgo:<\/h3>\n\n\n\n<ul class=\"wp-block-list\">\n<li>Personas mayores de 65 a\u00f1os<\/li>\n\n\n\n<li>Ni\u00f1os y ni\u00f1as de entre 6 y 24 meses de vida.<\/li>\n\n\n\n<li>Personas con enfermedades card\u00edacas y\/o pulmonares cr\u00f3nicas, incluye asm\u00e1ticos.<\/li>\n\n\n\n<li>Personal o trabajadores de la salud.<\/li>\n\n\n\n<li>Personas con alteraciones de sus defensas inmunol\u00f3gicas, producidas por enfermedades o por la utilizaci\u00f3n de medicamentos (corticoides). Tambi\u00e9n est\u00e1n incluidos los pacientes transplantados, diab\u00e9ticos, con insuficiencia renal cr\u00f3nica y obesos.<\/li>\n\n\n\n<li>Mujeres embarazadas que se encuentren en cualquier trimestre de la gestaci\u00f3n.<\/li>\n\n\n\n<li>Madres con ni\u00f1os de hasta 6 meses.<\/li>\n<\/ul>\n\n\n\n<h3 class=\"wp-block-heading has-vivid-cyan-blue-color has-text-color\">Requisitos para la vacunaci\u00f3n sin cargo:<\/h3>\n\n\n\n<ul class=\"wp-block-list\">\n<li>Encontrarse dentro de los casos detallados.<\/li>\n\n\n\n<li>Prescripci\u00f3n de cualquier profesional m\u00e9dico.<\/li>\n\n\n\n<li>Autorizaci\u00f3n de OSMISS v\u00eda email. (<a href=\"mailto:autorizaciones@osmiss.org.ar\">autorizaciones@osmiss.org.ar<\/a>)<\/li>\n<\/ul>\n\n\n\n<h3 class=\"wp-block-heading has-vivid-cyan-blue-color has-text-color\">Situaci\u00f3n no detallada dentro de los grupos de riesgo:<\/h3>\n\n\n\n<ul class=\"wp-block-list\">\n<li>Prescripci\u00f3n de cualquier profesional m\u00e9dico.<\/li>\n\n\n\n<li>Las farmacias de cartilla le suministrar\u00e1 la vacuna con el descuento del plan.<\/li>\n<\/ul>\n\n\n\n<p class=\"has-vivid-red-color has-text-color wp-block-paragraph\"><strong>La aplicaci\u00f3n de la vacuna queda a cargo del afiliado.<\/strong><\/p>\n\n\n\n<div style=\"height:100px\" aria-hidden=\"true\" class=\"wp-block-spacer\"><\/div>\n\n\n\n<hr class=\"wp-block-separator has-alpha-channel-opacity\"\/>\n\n\n\n<h2 class=\"wp-block-heading\">C\u00f3mo autorizo mi orden?<\/h2>\n\n\n\n<p class=\"wp-block-paragraph\"><strong>V\u00eda email: <a href=\"mailto:autorizaciones@osmiss.org.ar\" target=\"_blank\" rel=\"noreferrer noopener\">autorizaciones@osmiss.org.ar<\/a><\/strong><\/p>\n\n\n\n<ul class=\"wp-block-list\">\n<li>Adjuntar foto de la \u00f3rden m\u00e9dica en buena calidad.<\/li>\n\n\n\n<li>Recuerde siempre agregar una breve rese\u00f1a sobre su consulta, su DNI o CUIL, NyA para poder buscar en sistema y un TELEFONO para poder comunicarnos.<\/li>\n<\/ul>\n\n\n\n<div style=\"height:100px\" aria-hidden=\"true\" class=\"wp-block-spacer\"><\/div>\n\n\n\n<h2 class=\"wp-block-heading\">\u00bfD\u00f3nde aplican<sup>*<\/sup> la vacuna?<\/h2>\n\n\n\n<p class=\"has-vivid-red-color has-text-color has-small-font-size wp-block-paragraph\">*La aplicaci\u00f3n de la vacuna queda a cargo del afiliado.<br>Todas las opciones requieren autorizaci\u00f3n.<\/p>\n\n\n\n<div style=\"height:20px\" aria-hidden=\"true\" class=\"wp-block-spacer\"><\/div>\n\n\n\n<blockquote class=\"wp-block-quote is-layout-flow wp-block-quote-is-layout-flow\">\n<h4 class=\"wp-block-heading\">Centro STAMBOULIAN **\/***<\/h4>\n\n\n\n<p class=\"wp-block-paragraph\">www.stamboulian.com.ar<\/p>\n\n\n\n<ul class=\"wp-block-list\">\n<li>Pacheco de Melo 2941 &#8211; Barrio Norte<\/li>\n\n\n\n<li>Av. Del Libertador 5868 &#8211; Belgrano<\/li>\n\n\n\n<li>Av. Carabobo 443 &#8211; Flores<\/li>\n\n\n\n<li>25 Mayo 464 &#8211; San Nicolas<\/li>\n\n\n\n<li>Av. Scalabrini Ortiz 696 &#8211; Villa Crespo<\/li>\n\n\n\n<li>Av. Olazabal 5670 &#8211; Villa Urquiza<\/li>\n\n\n\n<li>Central telef\u00f3nica: 2206-6000 interno 2<\/li>\n<\/ul>\n\n\n\n<p class=\"has-vivid-red-color has-text-color has-small-font-size wp-block-paragraph\">**Centro para atenci\u00f3n con exclusiva DERIVACION y AUTORIZACION de ROISA-OSMISS. Exclusivo para grupo de riesgo.<br>*** Consulte previamente con el Centro Stamboulian para solicitar reserva de turno.<\/p>\n<\/blockquote>\n\n\n\n<p class=\"wp-block-paragraph\"><\/p>\n","protected":false},"excerpt":{"rendered":"<p>ESTIMADOS AFILIADOS de Planes OSMISS-100 y OSMISS-200 OSMISS, comenz\u00f3 su Campa\u00f1a de vacunaci\u00f3n antigripal 2025 a partir del 1\u00ba de abril y\u00a0 brinda cobertura total sin cargo a aquellos asociados que se encuentren dentro de &hellip; <\/p>\n","protected":false},"author":2,"featured_media":1401,"comment_status":"closed","ping_status":"open","sticky":false,"template":"","format":"standard","meta":{"om_disable_all_campaigns":false,"_monsterinsights_skip_tracking":false,"_uf_show_specific_survey":0,"_uf_disable_surveys":false,"footnotes":""},"categories":[23,27],"tags":[],"class_list":["post-1400","post","type-post","status-publish","format-standard","has-post-thumbnail","hentry","category-campanadeprevencion","category-curiosidades","grid-sizer"],"aioseo_notices":[],"_links":{"self":[{"href":"https:\/\/osmiss.org.ar\/news2\/wp-json\/wp\/v2\/posts\/1400","targetHints":{"allow":["GET"]}}],"collection":[{"href":"https:\/\/osmiss.org.ar\/news2\/wp-json\/wp\/v2\/posts"}],"about":[{"href":"https:\/\/osmiss.org.ar\/news2\/wp-json\/wp\/v2\/types\/post"}],"author":[{"embeddable":true,"href":"https:\/\/osmiss.org.ar\/news2\/wp-json\/wp\/v2\/users\/2"}],"replies":[{"embeddable":true,"href":"https:\/\/osmiss.org.ar\/news2\/wp-json\/wp\/v2\/comments?post=1400"}],"version-history":[{"count":1,"href":"https:\/\/osmiss.org.ar\/news2\/wp-json\/wp\/v2\/posts\/1400\/revisions"}],"predecessor-version":[{"id":1403,"href":"https:\/\/osmiss.org.ar\/news2\/wp-json\/wp\/v2\/posts\/1400\/revisions\/1403"}],"wp:featuredmedia":[{"embeddable":true,"href":"https:\/\/osmiss.org.ar\/news2\/wp-json\/wp\/v2\/media\/1401"}],"wp:attachment":[{"href":"https:\/\/osmiss.org.ar\/news2\/wp-json\/wp\/v2\/media?parent=1400"}],"wp:term":[{"taxonomy":"category","embeddable":true,"href":"https:\/\/osmiss.org.ar\/news2\/wp-json\/wp\/v2\/categories?post=1400"},{"taxonomy":"post_tag","embeddable":true,"href":"https:\/\/osmiss.org.ar\/news2\/wp-json\/wp\/v2\/tags?post=1400"}],"curies":[{"name":"wp","href":"https:\/\/api.w.org\/{rel}","templated":true}]}}