{"id":144,"date":"2007-12-03T14:20:20","date_gmt":"2007-12-03T17:20:20","guid":{"rendered":"http:\/\/www.osmiss.com.ar\/news\/?p=144"},"modified":"2022-03-31T14:09:37","modified_gmt":"2022-03-31T17:09:37","slug":"saludo-fin-de-ano","status":"publish","type":"post","link":"https:\/\/osmiss.org.ar\/news2\/2007\/12\/03\/saludo-fin-de-ano\/","title":{"rendered":"Saludo fin de a\u00f1o"},"content":{"rendered":"<p>De acuerdo a la filosof\u00eda de gesti\u00f3n asumida por la Obra Social de Ministros, Secretarios y Subsecretarios, en el a\u00f1o 2007 se instrumentaron las acciones necesarias para asegurar calidad en las prestaciones m\u00e9dico-asistenciales y optimizar el nivel de satisfacci\u00f3n de nuestros afiliados. Es as\u00ed que, se ha sostenido una red de instituciones m\u00e9dicas y profesionales de la calidad adecuada a nuestros afiliados. Asimismo, se ha desarrollado un sistema de atenci\u00f3n basado en el m\u00e9dico de familia, con el objeto de contener, proteger y asesorar al grupo familiar y, complementariamente, se han seleccionado centros de referencia para la atenci\u00f3n de patolog\u00edas con mayor requerimiento de la franja et\u00e1rea representativa de la poblaci\u00f3n de la Obra Social. Por otra parte, con el objeto de brindar a nuestros afiliados aquellos servicios que exceden a las prestaciones m\u00e9dicos asistenciales, OSMiSS ha formalizado un convenio con la Mutualidad del C\u00edrculo de Ministros, Secretarios y Subsecretarios. Por imperio de dicho convenio, nuestros afiliados pueden acceder a las prestaciones y promociones que la Mutualidad presta a sus propios afiliados en \u00e1reas relacionadas con el turismo, deportes, \u00f3pticas, asesoramiento previsional, recreaci\u00f3n y servicios de sepelio.<\/p>\n<p>En el orden administrativo, se est\u00e1 concluyendo con la implementaci\u00f3n del sistema inform\u00e1tico integral, el cual comprende la gesti\u00f3n contable-administrativa, m\u00e9dica y de atenci\u00f3n al afiliado; este \u00faltimo m\u00f3dulo permitir\u00e1 optimizar la comunicaci\u00f3n con el afiliado, a trav\u00e9s de un ordenado procesamiento de sus requerimientos, que posibilitar\u00e1 un correcto seguimiento de los mismos y la obtenci\u00f3n de soluciones y respuestas adecuadas a las expectativas de los afiliados. Este nivel de informatizaci\u00f3n ser\u00e1 el soporte del sistema de control de gesti\u00f3n determinado por las Pol\u00edticas de Calidad, derivadas del objeto de la Obra Social, las cuales est\u00e1n vinculadas con las necesidades y expectativas de los beneficiarios. Es decir que, nuestro modelo de gesti\u00f3n toma como punto de partida las necesidades de los beneficiarios y concluye con su satisfacci\u00f3n.<\/p>\n<p>En ese mismo sentido, para el a\u00f1o venidero, se ha previsto encarar la implementaci\u00f3n y posterior certificaci\u00f3n de nuestro Sistema de Gesti\u00f3n de Calidad, empleando para ello las Normas de la serie Internacional ISO 9000 (elaboradas por la Secretar\u00eda Central de ISO Organizaci\u00f3n Internacional de Estandarizaci\u00f3n con Sede Central en Ginebra, Suiza). La adopci\u00f3n de un Sistema de Gesti\u00f3n de Calidad Certificado es la muestra del involucramiento del Consejo Directivo de la Obra Social y de nuestro personal en la satisfacci\u00f3n de los beneficiarios.<\/p>\n<p>Por \u00faltimo, con motivo de las fiestas de Navidad y A\u00f1o Nuevo, la Obra Social de Ministros, Secretarios y Subsecretarios le hace llegar a todos sus afiliados, sus deseos de paz, salud y felicidad.<\/p>\n<p><strong>\u00a1\u00a1\u00a1FELICES FIESTAS!!!<\/strong><\/p>\n<hr \/>\n<p><img loading=\"lazy\" decoding=\"async\" class=\"alignnone wp-image-279 size-full\" title=\"Ing. N\u00e9stor E. Fern\u00e1ndez Presidente de OSMISS\" src=\"https:\/\/osmiss.org.ar\/news2\/wp-content\/uploads\/2018\/05\/fotopresidencia.jpg\" alt=\"Imagen del Ing. N\u00e9stor E. Fern\u00e1ndez\" width=\"150\" height=\"150\" srcset=\"https:\/\/osmiss.org.ar\/news2\/wp-content\/uploads\/2018\/05\/fotopresidencia.jpg 150w, https:\/\/osmiss.org.ar\/news2\/wp-content\/uploads\/2018\/05\/fotopresidencia-60x60.jpg 60w\" sizes=\"auto, (max-width: 150px) 100vw, 150px\" \/><\/p>\n<p><em><strong>Ing. N\u00e9stor E. Fern\u00e1ndez<\/strong><\/em><br \/>\n<em><strong>Presidente de OSMISS<\/strong><\/em><\/p>\n","protected":false},"excerpt":{"rendered":"<p>De acuerdo a la filosof\u00eda de gesti\u00f3n asumida por la Obra Social de Ministros, Secretarios y Subsecretarios, en el a\u00f1o 2007 se instrumentaron las acciones necesarias para asegurar calidad en las prestaciones m\u00e9dico-asistenciales y optimizar &hellip; <\/p>\n","protected":false},"author":2,"featured_media":771,"comment_status":"closed","ping_status":"open","sticky":false,"template":"","format":"standard","meta":{"om_disable_all_campaigns":false,"_monsterinsights_skip_tracking":false,"_uf_show_specific_survey":0,"_uf_disable_surveys":false,"footnotes":""},"categories":[22],"tags":[],"class_list":["post-144","post","type-post","status-publish","format-standard","has-post-thumbnail","hentry","category-editoriales","grid-sizer"],"aioseo_notices":[],"_links":{"self":[{"href":"https:\/\/osmiss.org.ar\/news2\/wp-json\/wp\/v2\/posts\/144","targetHints":{"allow":["GET"]}}],"collection":[{"href":"https:\/\/osmiss.org.ar\/news2\/wp-json\/wp\/v2\/posts"}],"about":[{"href":"https:\/\/osmiss.org.ar\/news2\/wp-json\/wp\/v2\/types\/post"}],"author":[{"embeddable":true,"href":"https:\/\/osmiss.org.ar\/news2\/wp-json\/wp\/v2\/users\/2"}],"replies":[{"embeddable":true,"href":"https:\/\/osmiss.org.ar\/news2\/wp-json\/wp\/v2\/comments?post=144"}],"version-history":[{"count":2,"href":"https:\/\/osmiss.org.ar\/news2\/wp-json\/wp\/v2\/posts\/144\/revisions"}],"predecessor-version":[{"id":833,"href":"https:\/\/osmiss.org.ar\/news2\/wp-json\/wp\/v2\/posts\/144\/revisions\/833"}],"wp:featuredmedia":[{"embeddable":true,"href":"https:\/\/osmiss.org.ar\/news2\/wp-json\/wp\/v2\/media\/771"}],"wp:attachment":[{"href":"https:\/\/osmiss.org.ar\/news2\/wp-json\/wp\/v2\/media?parent=144"}],"wp:term":[{"taxonomy":"category","embeddable":true,"href":"https:\/\/osmiss.org.ar\/news2\/wp-json\/wp\/v2\/categories?post=144"},{"taxonomy":"post_tag","embeddable":true,"href":"https:\/\/osmiss.org.ar\/news2\/wp-json\/wp\/v2\/tags?post=144"}],"curies":[{"name":"wp","href":"https:\/\/api.w.org\/{rel}","templated":true}]}}