{"id":146,"date":"2007-09-03T14:22:31","date_gmt":"2007-09-03T17:22:31","guid":{"rendered":"http:\/\/www.osmiss.com.ar\/news\/?p=146"},"modified":"2022-03-31T14:09:53","modified_gmt":"2022-03-31T17:09:53","slug":"propuesta-de-rediseno-del-modelo-asistencial","status":"publish","type":"post","link":"https:\/\/osmiss.org.ar\/news2\/2007\/09\/03\/propuesta-de-rediseno-del-modelo-asistencial\/","title":{"rendered":"Propuesta de redise\u00f1o del modelo asistencial"},"content":{"rendered":"<p>En orden al esp\u00edritu que inspir\u00f3 la creaci\u00f3n de esta Obra Social, la gesti\u00f3n desarrollada y la experiencia recogida resulta necesario avanzar en el redise\u00f1o del Modelo Asistencial planteado en la estructuraci\u00f3n de nuestro sistema de salud, constituyendo de esta manera un aporte de importancia en lo referente al cambio de paradigmas tradicionales de \u201cprovisi\u00f3n de servicios sociales y de salud\u201d.<\/p>\n<p>Merece destacarse para nuestro grupo etario la importancia de las intervenciones orientadas a la prevenci\u00f3n primaria de la salud mediante la provisi\u00f3n de adecuados aportes bio- psico-sociales; ello, fundamentalmente, manteniendo el permanente contacto intergeneracional. Aun sin respuestas institucionales a la problem\u00e1tica de nuestro grupo generacional, situada la misma en el anonimato, es necesario replantear esta situaci\u00f3n mediante la creaci\u00f3n de un espacio donde exista la posibilidad de instalar la identidad del problema y generar la vigencia de una historia compartida, en el marco de la dignidad humana.<\/p>\n<p>La labor de OSMISS tiende a cubrir ese espacio y emerge como campo fundante mediante su acci\u00f3n llevada adelante por pr\u00e1cticas profesionales que se integran para dar una respuesta integral a la problem\u00e1tica de nuestros afiliados de origen.<\/p>\n<p>Es as\u00ed que, en esta l\u00ednea de pensamiento, la Obra Social ha instrumentado la figura del MEDICO DE FAMILIA como un profesional semejante al que integraba antiguamente al entorno familiar. Esto es una adaptaci\u00f3n moderna a la concepci\u00f3n de la medicina, que comprende al n\u00facleo familiar como la unidad cl\u00ednica de diagn\u00f3stico y tratamiento.<\/p>\n<p>Es un capacitado profesional, que se interioriza y participa en las decisiones de salud y en la promoci\u00f3n y prevenci\u00f3n de la misma. Su misi\u00f3n es contener, proteger y asesorar al grupo familiar, convirti\u00e9ndose as\u00ed en un referente de consulta permanente. Los objetivos m\u00e1s destacados de su tarea son:<\/p>\n<ul>\n<li>Desarrollar e implementar programas de prevenci\u00f3n.<\/li>\n<li>Orientar la interconsulta a otras especialidades.<\/li>\n<li>Contener y acompa\u00f1ar a la familia en la enfermedad.<\/li>\n<li>Investigar permanentemente.<\/li>\n<\/ul>\n<p>La Medicina General de Familia necesita establecerse como la disciplina central de la medicina, alrededor de la cual se ordenan las restantes especialidades m\u00e9dicas y param\u00e9dicas de la ciencia de la salud, para formar equipos en beneficio del individuo, la familia y la comunidad.<\/p>\n<p>En OSMISS creemos que este modelo de atenci\u00f3n (optativo para el afiliado) es el que debe prevalecer y, para reforzarlo, estamos seleccionando especialistas de referencia en traumatolog\u00eda, cirug\u00eda cardiovascular y urolog\u00eda de gran trayectoria y probada experiencia que actuar\u00e1n en conjunto con los m\u00e9dicos de familia para brindar una cobertura integral y continente.<\/p>\n<p>De tal forma que, cuando un m\u00e9dico de familia detecta una patolog\u00eda relacionada a estas especialidades, solicitar\u00e1 a la obra social la derivaci\u00f3n a los especialistas de referencia quienes luego de evaluar al paciente elevar\u00e1n un informe al m\u00e9dico de familia facilitando de esta manera el seguimiento en conjunto. En caso de ser una patolog\u00eda quir\u00fargica ser\u00e1 el mismo equipo quien atienda al paciente, evitando as\u00ed nuevas derivaciones. Le sugerimos que lo hable con su m\u00e9dico de familia y ante cualquier duda lo consulte con la Gerencia M\u00e9dica de OSMISS.<\/p>\n<hr \/>\n<p><img loading=\"lazy\" decoding=\"async\" class=\"alignnone wp-image-279 size-full\" title=\"Ing. N\u00e9stor E. Fern\u00e1ndez Presidente de OSMISS\" src=\"https:\/\/osmiss.org.ar\/news2\/wp-content\/uploads\/2018\/05\/fotopresidencia.jpg\" alt=\"Imagen del Ing. N\u00e9stor E. Fern\u00e1ndez\" width=\"150\" height=\"150\" srcset=\"https:\/\/osmiss.org.ar\/news2\/wp-content\/uploads\/2018\/05\/fotopresidencia.jpg 150w, https:\/\/osmiss.org.ar\/news2\/wp-content\/uploads\/2018\/05\/fotopresidencia-60x60.jpg 60w\" sizes=\"auto, (max-width: 150px) 100vw, 150px\" \/><\/p>\n<p><em><strong>Ing. N\u00e9stor E. Fern\u00e1ndez<\/strong><\/em><br \/>\n<em><strong>Presidente de OSMISS<\/strong><\/em><\/p>\n","protected":false},"excerpt":{"rendered":"<p>En orden al esp\u00edritu que inspir\u00f3 la creaci\u00f3n de esta Obra Social, la gesti\u00f3n desarrollada y la experiencia recogida resulta necesario avanzar en el redise\u00f1o del Modelo Asistencial planteado en la estructuraci\u00f3n de nuestro sistema &hellip; <\/p>\n","protected":false},"author":2,"featured_media":766,"comment_status":"closed","ping_status":"open","sticky":false,"template":"","format":"standard","meta":{"om_disable_all_campaigns":false,"_monsterinsights_skip_tracking":false,"_uf_show_specific_survey":0,"_uf_disable_surveys":false,"footnotes":""},"categories":[22],"tags":[],"class_list":["post-146","post","type-post","status-publish","format-standard","has-post-thumbnail","hentry","category-editoriales","grid-sizer"],"aioseo_notices":[],"_links":{"self":[{"href":"https:\/\/osmiss.org.ar\/news2\/wp-json\/wp\/v2\/posts\/146","targetHints":{"allow":["GET"]}}],"collection":[{"href":"https:\/\/osmiss.org.ar\/news2\/wp-json\/wp\/v2\/posts"}],"about":[{"href":"https:\/\/osmiss.org.ar\/news2\/wp-json\/wp\/v2\/types\/post"}],"author":[{"embeddable":true,"href":"https:\/\/osmiss.org.ar\/news2\/wp-json\/wp\/v2\/users\/2"}],"replies":[{"embeddable":true,"href":"https:\/\/osmiss.org.ar\/news2\/wp-json\/wp\/v2\/comments?post=146"}],"version-history":[{"count":3,"href":"https:\/\/osmiss.org.ar\/news2\/wp-json\/wp\/v2\/posts\/146\/revisions"}],"predecessor-version":[{"id":834,"href":"https:\/\/osmiss.org.ar\/news2\/wp-json\/wp\/v2\/posts\/146\/revisions\/834"}],"wp:featuredmedia":[{"embeddable":true,"href":"https:\/\/osmiss.org.ar\/news2\/wp-json\/wp\/v2\/media\/766"}],"wp:attachment":[{"href":"https:\/\/osmiss.org.ar\/news2\/wp-json\/wp\/v2\/media?parent=146"}],"wp:term":[{"taxonomy":"category","embeddable":true,"href":"https:\/\/osmiss.org.ar\/news2\/wp-json\/wp\/v2\/categories?post=146"},{"taxonomy":"post_tag","embeddable":true,"href":"https:\/\/osmiss.org.ar\/news2\/wp-json\/wp\/v2\/tags?post=146"}],"curies":[{"name":"wp","href":"https:\/\/api.w.org\/{rel}","templated":true}]}}