{"id":148,"date":"2007-06-03T14:24:20","date_gmt":"2007-06-03T17:24:20","guid":{"rendered":"http:\/\/www.osmiss.com.ar\/news\/?p=148"},"modified":"2022-03-31T14:10:12","modified_gmt":"2022-03-31T17:10:12","slug":"senor-a-afiliado-a","status":"publish","type":"post","link":"https:\/\/osmiss.org.ar\/news2\/2007\/06\/03\/senor-a-afiliado-a\/","title":{"rendered":"Se\u00f1or\/a Afiliado\/a"},"content":{"rendered":"<p><strong>&#8220;encontacto&#8221;<\/strong> es un nuevo canal de comunicaci\u00f3n de la Obra Social de Ministros, Secretarios y Subsecretarios, que ha sido instrumentado para mantener informados a sus afiliados, respecto a las novedades que se produzcan en el quehacer de la Obra Social y para formular las sugerencias que sean pertinentes. En esta primera edici\u00f3n, es menester que realicemos las consideraciones necesarias para recordar nuestro origen y enunciar los criterios de gesti\u00f3n asumidos.<\/p>\n<p>Desde el mes de agosto de 2005, fecha de la puesta en marcha de las prestaciones de servicios m\u00e9dico asistenciales a los afiliados de origen, la Obra Social desarroll\u00f3 su actividad en el marco de la filosof\u00eda que inspiro su creaci\u00f3n por el C\u00edrculo de Ministros, Secretarios y Subsecretarios. Este paradigma inclu\u00eda como finalidad b\u00e1sica para su funcionamiento las prestaciones de servicios de salud (finalidad primaria) y de car\u00e1cter social (finalidad complementaria)<\/p>\n<p>En esta etapa de gesti\u00f3n se prioriz\u00f3 la finalidad primaria dada la particularidad a la que pertenecen nuestros afiliados de origen.<\/p>\n<p>Resueltos a entregar, en forma especial, el contenido asistencial a dicha franja de poblaci\u00f3n, se plante\u00f3 la necesidad de sostener una red de efectores de calidad de acuerdo con la necesidad de nuestros afiliados, incluyendo urgencia m\u00e9dica, pr\u00e1cticas de diagn\u00f3stico y tratamiento, internaci\u00f3n y programas de promoci\u00f3n y prevenci\u00f3n de la salud complementada con una cartilla de m\u00e9dicos de familia, elemento b\u00e1sico para el cumplimiento del objeto final.<\/p>\n<p>Nuestra propuesta implica avanzar d\u00eda a d\u00eda en la atenci\u00f3n de los afiliados de origen, tendiendo a personalizar la relaci\u00f3n m\u00e9dico paciente para lograr:<\/p>\n<ul>\n<li>Prevenir la enfermedad.<\/li>\n<li>Mantener el estado f\u00edsico en \u00f3ptimas condiciones y efectuar la rehabilitaci\u00f3n en caso de necesidad.<\/li>\n<li>Apoyar el mantenimiento bio-psico-social orientado a conservar la autosuficiencia.<\/li>\n<\/ul>\n<p>Con ello se pretende encauzar la excelencia para la tercera edad, buscando equilibrar los componentes psicol\u00f3gicos y sociales que condiciona un alto porcentaje de manifestaciones cl\u00ednicas en este periodo de la vida.<\/p>\n<hr \/>\n<p><img loading=\"lazy\" decoding=\"async\" class=\"alignnone size-full wp-image-279\" src=\"https:\/\/osmiss.org.ar\/news2\/wp-content\/uploads\/2018\/05\/fotopresidencia.jpg\" alt=\"\" width=\"150\" height=\"150\" srcset=\"https:\/\/osmiss.org.ar\/news2\/wp-content\/uploads\/2018\/05\/fotopresidencia.jpg 150w, https:\/\/osmiss.org.ar\/news2\/wp-content\/uploads\/2018\/05\/fotopresidencia-60x60.jpg 60w\" sizes=\"auto, (max-width: 150px) 100vw, 150px\" \/><\/p>\n<p><em><strong>Ing. N\u00e9stor E. Fern\u00e1ndez<\/strong><\/em><br \/>\n<em><strong>Presidente de OSMISS<\/strong><\/em><\/p>\n","protected":false},"excerpt":{"rendered":"<p>&#8220;encontacto&#8221; es un nuevo canal de comunicaci\u00f3n de la Obra Social de Ministros, Secretarios y Subsecretarios, que ha sido instrumentado para mantener informados a sus afiliados, respecto a las novedades que se produzcan en el &hellip; <\/p>\n","protected":false},"author":2,"featured_media":768,"comment_status":"closed","ping_status":"open","sticky":false,"template":"","format":"standard","meta":{"om_disable_all_campaigns":false,"_monsterinsights_skip_tracking":false,"_uf_show_specific_survey":0,"_uf_disable_surveys":false,"footnotes":""},"categories":[22],"tags":[],"class_list":["post-148","post","type-post","status-publish","format-standard","has-post-thumbnail","hentry","category-editoriales","grid-sizer"],"aioseo_notices":[],"_links":{"self":[{"href":"https:\/\/osmiss.org.ar\/news2\/wp-json\/wp\/v2\/posts\/148","targetHints":{"allow":["GET"]}}],"collection":[{"href":"https:\/\/osmiss.org.ar\/news2\/wp-json\/wp\/v2\/posts"}],"about":[{"href":"https:\/\/osmiss.org.ar\/news2\/wp-json\/wp\/v2\/types\/post"}],"author":[{"embeddable":true,"href":"https:\/\/osmiss.org.ar\/news2\/wp-json\/wp\/v2\/users\/2"}],"replies":[{"embeddable":true,"href":"https:\/\/osmiss.org.ar\/news2\/wp-json\/wp\/v2\/comments?post=148"}],"version-history":[{"count":2,"href":"https:\/\/osmiss.org.ar\/news2\/wp-json\/wp\/v2\/posts\/148\/revisions"}],"predecessor-version":[{"id":835,"href":"https:\/\/osmiss.org.ar\/news2\/wp-json\/wp\/v2\/posts\/148\/revisions\/835"}],"wp:featuredmedia":[{"embeddable":true,"href":"https:\/\/osmiss.org.ar\/news2\/wp-json\/wp\/v2\/media\/768"}],"wp:attachment":[{"href":"https:\/\/osmiss.org.ar\/news2\/wp-json\/wp\/v2\/media?parent=148"}],"wp:term":[{"taxonomy":"category","embeddable":true,"href":"https:\/\/osmiss.org.ar\/news2\/wp-json\/wp\/v2\/categories?post=148"},{"taxonomy":"post_tag","embeddable":true,"href":"https:\/\/osmiss.org.ar\/news2\/wp-json\/wp\/v2\/tags?post=148"}],"curies":[{"name":"wp","href":"https:\/\/api.w.org\/{rel}","templated":true}]}}