{"id":1494,"date":"2026-03-20T09:03:00","date_gmt":"2026-03-20T12:03:00","guid":{"rendered":"https:\/\/osmiss.org.ar\/news2\/?p=1494"},"modified":"2026-03-20T13:26:22","modified_gmt":"2026-03-20T16:26:22","slug":"campana-de-vacunacion-antigripal-2026","status":"publish","type":"post","link":"https:\/\/osmiss.org.ar\/news2\/2026\/03\/20\/campana-de-vacunacion-antigripal-2026\/","title":{"rendered":"Campa\u00f1a de vacunaci\u00f3n ANTIGRIPAL 2026"},"content":{"rendered":"\n<p class=\"wp-block-paragraph\"><strong>ESTIMADOS AFILIADOS de Planes OSMISS-100, OSMISS-150 y OSMISS-200<\/strong><\/p>\n\n\n\n<p class=\"wp-block-paragraph\">OSMISS, comenz\u00f3 su Campa\u00f1a de vacunaci\u00f3n antigripal 2026 a partir del 20 de marzo y&nbsp; brinda cobertura total sin cargo a aquellos asociados que se encuentren dentro de las siguientes situaciones (grupos de riesgo):<\/p>\n\n\n\n<h3 class=\"wp-block-heading has-vivid-cyan-blue-color has-text-color has-link-color wp-elements-9e5cb8c12c92f57bc9a78af76462304f\">Grupos de Riesgo:<\/h3>\n\n\n\n<ul class=\"wp-block-list\">\n<li>Personas mayores de 65 a\u00f1os<\/li>\n\n\n\n<li>Ni\u00f1os y ni\u00f1as de entre 6 y 24 meses de vida.<\/li>\n\n\n\n<li>Personas con enfermedades card\u00edacas y\/o pulmonares cr\u00f3nicas, incluye asm\u00e1ticos.<\/li>\n\n\n\n<li>Personal o trabajadores de la salud.<\/li>\n\n\n\n<li>Personas con alteraciones de sus defensas inmunol\u00f3gicas, producidas por enfermedades o por la utilizaci\u00f3n de medicamentos (corticoides). Tambi\u00e9n est\u00e1n incluidos los pacientes transplantados, diab\u00e9ticos, con insuficiencia renal cr\u00f3nica y obesos.<\/li>\n\n\n\n<li>Mujeres embarazadas que se encuentren en cualquier trimestre de la gestaci\u00f3n.<\/li>\n\n\n\n<li>Madres con ni\u00f1os de hasta 6 meses.<\/li>\n<\/ul>\n\n\n\n<h3 class=\"wp-block-heading has-vivid-cyan-blue-color has-text-color\">Requisitos para la vacunaci\u00f3n sin cargo:<\/h3>\n\n\n\n<ul class=\"wp-block-list\">\n<li>Encontrarse dentro de los casos detallados.<\/li>\n\n\n\n<li class=\"has-black-color has-text-color has-link-color wp-elements-2d6056dda108efc416c5d973faba2a4f\">Prescripci\u00f3n de cualquier profesional m\u00e9dico de cartilla (solo Plan OSMISS-100 y OSMISS-150).<\/li>\n\n\n\n<li>Autorizaci\u00f3n de OSMISS v\u00eda email. (<a href=\"mailto:autorizaciones@osmiss.org.ar\">autorizaciones@osmiss.org.ar<\/a>)(solo Plan OSMISS-100 y OSMISS-150).<\/li>\n<\/ul>\n\n\n\n<h3 class=\"wp-block-heading has-vivid-cyan-blue-color has-text-color\">Situaci\u00f3n no detallada dentro de los grupos de riesgo:<\/h3>\n\n\n\n<ul class=\"wp-block-list\">\n<li>Prescripci\u00f3n de profesional m\u00e9dico de Cartilla.<\/li>\n<\/ul>\n\n\n\n<p class=\"has-vivid-red-color has-text-color wp-block-paragraph\"><strong>La aplicaci\u00f3n de la vacuna queda a cargo del afiliado.<\/strong><\/p>\n\n\n\n<div style=\"height:100px\" aria-hidden=\"true\" class=\"wp-block-spacer\"><\/div>\n\n\n\n<hr class=\"wp-block-separator has-alpha-channel-opacity\"\/>\n\n\n\n<h2 class=\"wp-block-heading\">C\u00f3mo autorizo mi orden?<\/h2>\n\n\n\n<p class=\"wp-block-paragraph\"><strong>V\u00eda email: <a href=\"mailto:autorizaciones@osmiss.org.ar\" target=\"_blank\" rel=\"noreferrer noopener\">autorizaciones@osmiss.org.ar<\/a><\/strong><\/p>\n\n\n\n<ul class=\"wp-block-list\">\n<li>Adjuntar foto de la \u00f3rden m\u00e9dica en buena calidad.<\/li>\n\n\n\n<li>Recuerde siempre agregar una breve rese\u00f1a sobre su consulta, su DNI o CUIL, NyA para poder buscar en sistema y un TELEFONO para poder comunicarnos.<\/li>\n<\/ul>\n\n\n\n<div style=\"height:100px\" aria-hidden=\"true\" class=\"wp-block-spacer\"><\/div>\n\n\n\n<h2 class=\"wp-block-heading\">\u00bfD\u00f3nde aplican<sup>*<\/sup> la vacuna?<\/h2>\n\n\n\n<p class=\"has-vivid-red-color has-text-color has-small-font-size wp-block-paragraph\">*La aplicaci\u00f3n de la vacuna queda a cargo del afiliado.<\/p>\n\n\n\n<blockquote class=\"wp-block-quote is-layout-flow wp-block-quote-is-layout-flow\">\n<h4 class=\"wp-block-heading\">Centro VACUNAR **<\/h4>\n\n\n\n<p class=\"wp-block-paragraph\"><a href=\"http:\/\/www.vacunar.com.ar\" target=\"_blank\" rel=\"noopener\" title=\"\">www.vacunar.com.ar<\/a> <br>0810-444-VACUNAR(8228)<\/p>\n\n\n\n<p class=\"wp-block-paragraph\"><strong>ZONA CABA:<\/strong><\/p>\n\n\n\n<ul class=\"wp-block-list has-small-font-size\">\n<li><strong>ABASTO <\/strong>&#8211; Abasto Shopping: Corrientes 3247 2do nivel<\/li>\n\n\n\n<li><strong>BELGRANO <\/strong>&#8211; Jos\u00e9 Hern\u00e1ndez 2562<\/li>\n\n\n\n<li><strong>CABALLITO <\/strong>&#8211; Av. Acoyte 185<\/li>\n\n\n\n<li><strong>CA\u00d1ITAS <\/strong>&#8211; Av. Luis Maria Campos 765<\/li>\n\n\n\n<li><strong>LINIERS <\/strong>&#8211; Montiel 174<\/li>\n\n\n\n<li><strong>PALERMO <\/strong>&#8211; Paraguay 3949<\/li>\n\n\n\n<li><strong>SAAVEDRA <\/strong>&#8211; Dot Baires Shopping: Vedia 3626<\/li>\n\n\n\n<li><strong>URQUIZA <\/strong>&#8211; Blanco Encalada 4881<\/li>\n<\/ul>\n\n\n\n<p class=\"wp-block-paragraph\"><strong>ZONA GBA:<\/strong><\/p>\n\n\n\n<ul class=\"wp-block-list\">\n<li class=\"has-small-font-size\"><strong>ACASSUSO <\/strong>&#8211; Av. Libertador 15326 (Centro M\u00e9dico Acassuso)<\/li>\n\n\n\n<li class=\"has-small-font-size\"><strong>CASTELAR <\/strong>&#8211; Montes de Oca 2231 (Instituto Pedi\u00e1trico Castelar)<\/li>\n\n\n\n<li class=\"has-small-font-size\"><strong>FLORIDA <\/strong>&#8211; Hilari\u00f3n de la Quintana 782 (Consultorios M\u00e9dicos Maip\u00fa)<\/li>\n\n\n\n<li class=\"has-small-font-size\"><strong>LANUS <\/strong>&#8211; Dr. Domingo Nicanor Basavilbaso 1859 (Centro Diagn\u00f3stico Lan\u00fas)<\/li>\n\n\n\n<li class=\"has-small-font-size\"><strong>LAS LOMAS<\/strong> &#8211; Monse\u00f1or Magliano 3041 (Centro M\u00e9dico Las Lomas)<\/li>\n\n\n\n<li class=\"has-small-font-size\"><strong>PILAR <\/strong>&#8211; La Gaviota 200\/398 Panamericana Ramal Pilar km 54,5 Paseo Champagnat (Hospital Universitario Austral)<\/li>\n<\/ul>\n<\/blockquote>\n\n\n\n<div style=\"height:20px\" aria-hidden=\"true\" class=\"wp-block-spacer\"><\/div>\n\n\n\n<p class=\"has-vivid-red-color has-text-color has-small-font-size wp-block-paragraph\"><br>** Consulte previamente con el Centro Vacunar para solicitar reserva de turno.<\/p>\n\n\n\n<p class=\"wp-block-paragraph\"><\/p>\n","protected":false},"excerpt":{"rendered":"<p>ESTIMADOS AFILIADOS de Planes OSMISS-100, OSMISS-150 y OSMISS-200 OSMISS, comenz\u00f3 su Campa\u00f1a de vacunaci\u00f3n antigripal 2026 a partir del 20 de marzo y&nbsp; brinda cobertura total sin cargo a aquellos asociados que se encuentren dentro &hellip; <\/p>\n","protected":false},"author":2,"featured_media":1495,"comment_status":"closed","ping_status":"open","sticky":true,"template":"","format":"standard","meta":{"om_disable_all_campaigns":false,"_monsterinsights_skip_tracking":false,"_uf_show_specific_survey":0,"_uf_disable_surveys":false,"footnotes":""},"categories":[23,27],"tags":[61,111,113,8],"class_list":["post-1494","post","type-post","status-publish","format-standard","has-post-thumbnail","hentry","category-campanadeprevencion","category-curiosidades","tag-cuidado-de-la-salud","tag-prevencion","tag-promocion","tag-vacunacion","grid-sizer"],"aioseo_notices":[],"_links":{"self":[{"href":"https:\/\/osmiss.org.ar\/news2\/wp-json\/wp\/v2\/posts\/1494","targetHints":{"allow":["GET"]}}],"collection":[{"href":"https:\/\/osmiss.org.ar\/news2\/wp-json\/wp\/v2\/posts"}],"about":[{"href":"https:\/\/osmiss.org.ar\/news2\/wp-json\/wp\/v2\/types\/post"}],"author":[{"embeddable":true,"href":"https:\/\/osmiss.org.ar\/news2\/wp-json\/wp\/v2\/users\/2"}],"replies":[{"embeddable":true,"href":"https:\/\/osmiss.org.ar\/news2\/wp-json\/wp\/v2\/comments?post=1494"}],"version-history":[{"count":14,"href":"https:\/\/osmiss.org.ar\/news2\/wp-json\/wp\/v2\/posts\/1494\/revisions"}],"predecessor-version":[{"id":1520,"href":"https:\/\/osmiss.org.ar\/news2\/wp-json\/wp\/v2\/posts\/1494\/revisions\/1520"}],"wp:featuredmedia":[{"embeddable":true,"href":"https:\/\/osmiss.org.ar\/news2\/wp-json\/wp\/v2\/media\/1495"}],"wp:attachment":[{"href":"https:\/\/osmiss.org.ar\/news2\/wp-json\/wp\/v2\/media?parent=1494"}],"wp:term":[{"taxonomy":"category","embeddable":true,"href":"https:\/\/osmiss.org.ar\/news2\/wp-json\/wp\/v2\/categories?post=1494"},{"taxonomy":"post_tag","embeddable":true,"href":"https:\/\/osmiss.org.ar\/news2\/wp-json\/wp\/v2\/tags?post=1494"}],"curies":[{"name":"wp","href":"https:\/\/api.w.org\/{rel}","templated":true}]}}