{"id":472,"date":"2008-06-04T13:59:24","date_gmt":"2008-06-04T16:59:24","guid":{"rendered":"http:\/\/www.osmiss.com.ar\/news\/?p=472"},"modified":"2008-06-04T13:59:24","modified_gmt":"2008-06-04T16:59:24","slug":"neumonia","status":"publish","type":"post","link":"https:\/\/osmiss.org.ar\/news2\/2008\/06\/04\/neumonia\/","title":{"rendered":"Neumon\u00eda"},"content":{"rendered":"<h3><u>\u00bfQu\u00e9 es la neumon\u00eda?<\/u><\/h3>\n<p>La neumon\u00eda es una infecci\u00f3n de uno o ambos pulmones, de tipo bacteriana, viral o por hongos, que ocasiona una grave inflamaci\u00f3n. Esta inflamaci\u00f3n produce dificultad para respirar o a veces tambi\u00e9n dolor.\u00a0 La neumon\u00eda por aspiraci\u00f3n es un tipo de neumon\u00eda que puede ocurrir cuando una sustancia extra\u00f1a, como alimento o l\u00edquido, entra en los pulmones.<\/p>\n<h4><\/h4>\n<h4><u>\u00bfCu\u00e1les son los s\u00edntomas de la neumon\u00eda?<\/u><\/h4>\n<p>Los s\u00edntomas de la neumon\u00eda pueden ser uno a m\u00e1s de los siguientes:<\/p>\n<ul>\n<li>Dificultad para respirar<\/li>\n<li>Fiebre y sudoraci\u00f3n<\/li>\n<li>Tos (con flema o seca)<\/li>\n<li>Escalofr\u00edos<\/li>\n<li>Dolor en el pecho<\/li>\n<\/ul>\n<h4><\/h4>\n<h4><u>\u00bfC\u00f3mo se trata la neumon\u00eda?<\/u><\/h4>\n<p>Existen varios tratamientos para la neumon\u00eda. Su m\u00e9dico planificar\u00e1 su tratamiento bas\u00e1ndose en el tipo de neumon\u00eda que usted tenga y en los s\u00edntomas que est\u00e9 experimentando. A todos los pacientes se les recomienda reposo y se les recetan medicamentos para aliviar los s\u00edntomas.<\/p>\n<h4><\/h4>\n<h4><u>\u00bfQu\u00e9 debo esperar durante mi internaci\u00f3n por neumon\u00eda?<\/u><\/h4>\n<p>La neumon\u00eda puede tardar varias semanas o meses en resolverse definitivamente, dependiendo de su asociaci\u00f3n a otras enfermedades que usted tenga. La meta de su equipo m\u00e9dico es comenzar el tratamiento de su enfermedad, de manera que pueda volver a la comodidad de su hogar a terminar de recuperarse.<\/p>\n<p><strong>Durante su internaci\u00f3n se le realizar\u00e1:<\/strong><\/p>\n<ul>\n<li>Radiograf\u00edas de t\u00f3rax<\/li>\n<li>Ex\u00e1menes de sangre y orina<\/li>\n<li>Se le administraran medicamentos orales o intravenosos, tales como antibi\u00f3ticos, antipir\u00e9ticos, etc.<\/li>\n<li>Recibir\u00e1 alimentos nutritivos para ayudar en su recuperaci\u00f3n.<\/li>\n<\/ul>\n<p>Los medicamentos intravenosos se cambiar\u00e1n a medicamentos orales tan pronto como pueda tomarlos por la boca. Esta es una buena se\u00f1al de su mejora cl\u00ednica, y puede esperar que lo den de alta a pesar de que a\u00fan no se sienta completamente bien.<\/p>\n<p>Si necesita ayuda adicional despu\u00e9s del alta deber\u00e1 comunicarse con su m\u00e9dico de cabecera.<\/p>\n<h4><\/h4>\n<h4><u>\u00bfC\u00f3mo puedo prevenir la neumon\u00eda?<\/u><\/h4>\n<p>Con medidas de prevenci\u00f3n generales y adecuada higiene.<\/p>\n<ul>\n<li>Lavarse las manos<\/li>\n<li>Cubrirse la boca y nariz cuando se tose o estornuda<\/li>\n<li>Desechar adecuadamente los pa\u00f1uelos<\/li>\n<\/ul>\n<p>&nbsp;<\/p>\n<h4><u>\u00bfQu\u00e9 debo saber acerca de la vacuna contra la neumon\u00eda?<\/u><\/h4>\n<p>La vacuna contra la neumon\u00eda es un paso importante para prevenir la neumon\u00eda bacteriana o neumoc\u00f3cica<\/p>\n<ul>\n<li>Seg\u00fan los Centros para el Control y la Prevenci\u00f3n de la Enfermedades (CDC), la neumon\u00eda neumoc\u00f3cica constituye el 25% al 35% de las neumon\u00edas que exigen hospitalizaci\u00f3n y ocasiona de 7.000 a 13.000 muertes al a\u00f1o en los Estados Unidos.<\/li>\n<li>La vacuna neumoc\u00f3cica es segura.<\/li>\n<li>La vacuna se debe repetir dependiendo de la edad y del estado de salud de la persona. Pregunte a su m\u00e9dico de familia sobre la vacuna y si se debe volver a vacunar.<\/li>\n<li>La vacuna neomoc\u00f3cica es eficaz para prevenir la neumon\u00eda causada por infecciones bacterianas en adultos y ni\u00f1os mayores de 2 a\u00f1os.<\/li>\n<li>La vacuna se recomienda para personas de 65 a\u00f1os y m\u00e1s.<\/li>\n<li>Las personas que recibieron su primera vacuna neumoc\u00f3cica antes de los 65 a\u00f1os se pueden volver a vacunar a los 65, si han pasado m\u00e1s de 5 a\u00f1os de la dosis anterior.<\/li>\n<\/ul>\n","protected":false},"excerpt":{"rendered":"<p>\u00bfQu\u00e9 es la neumon\u00eda? La neumon\u00eda es una infecci\u00f3n de uno o ambos pulmones, de tipo bacteriana, viral o por hongos, que ocasiona una grave inflamaci\u00f3n. Esta inflamaci\u00f3n produce dificultad para respirar o a veces &hellip; <\/p>\n","protected":false},"author":1,"featured_media":474,"comment_status":"closed","ping_status":"closed","sticky":false,"template":"","format":"standard","meta":{"om_disable_all_campaigns":false,"_monsterinsights_skip_tracking":false,"_uf_show_specific_survey":0,"_uf_disable_surveys":false,"footnotes":""},"categories":[26],"tags":[49,50,100,111,113,114,8],"class_list":["post-472","post","type-post","status-publish","format-standard","has-post-thumbnail","hentry","category-promociondelasalud","tag-campana","tag-campana-de-vacunacion","tag-neumonia","tag-prevencion","tag-promocion","tag-promocion-y-prevencion","tag-vacunacion","grid-sizer"],"aioseo_notices":[],"_links":{"self":[{"href":"https:\/\/osmiss.org.ar\/news2\/wp-json\/wp\/v2\/posts\/472","targetHints":{"allow":["GET"]}}],"collection":[{"href":"https:\/\/osmiss.org.ar\/news2\/wp-json\/wp\/v2\/posts"}],"about":[{"href":"https:\/\/osmiss.org.ar\/news2\/wp-json\/wp\/v2\/types\/post"}],"author":[{"embeddable":true,"href":"https:\/\/osmiss.org.ar\/news2\/wp-json\/wp\/v2\/users\/1"}],"replies":[{"embeddable":true,"href":"https:\/\/osmiss.org.ar\/news2\/wp-json\/wp\/v2\/comments?post=472"}],"version-history":[{"count":0,"href":"https:\/\/osmiss.org.ar\/news2\/wp-json\/wp\/v2\/posts\/472\/revisions"}],"wp:featuredmedia":[{"embeddable":true,"href":"https:\/\/osmiss.org.ar\/news2\/wp-json\/wp\/v2\/media\/474"}],"wp:attachment":[{"href":"https:\/\/osmiss.org.ar\/news2\/wp-json\/wp\/v2\/media?parent=472"}],"wp:term":[{"taxonomy":"category","embeddable":true,"href":"https:\/\/osmiss.org.ar\/news2\/wp-json\/wp\/v2\/categories?post=472"},{"taxonomy":"post_tag","embeddable":true,"href":"https:\/\/osmiss.org.ar\/news2\/wp-json\/wp\/v2\/tags?post=472"}],"curies":[{"name":"wp","href":"https:\/\/api.w.org\/{rel}","templated":true}]}}