{"id":482,"date":"2008-09-02T15:48:39","date_gmt":"2008-09-02T18:48:39","guid":{"rendered":"http:\/\/www.osmiss.com.ar\/news\/?p=482"},"modified":"2008-09-02T15:48:39","modified_gmt":"2008-09-02T18:48:39","slug":"el-ronquido-social","status":"publish","type":"post","link":"https:\/\/osmiss.org.ar\/news2\/2008\/09\/02\/el-ronquido-social\/","title":{"rendered":"El ronquido social"},"content":{"rendered":"<p>Roncar puede ser &#8220;simplemente&#8221; un problema social, un factor m\u00e1s que complica las relaciones interpersonales ya tan dif\u00edciles en nuestros tiempos conturbados.<\/p>\n<p>Aquel ruido, muchas veces bastante intenso, es provocado por la vibraci\u00f3n de las estructuras de la nariz y de la garganta desencadenada por el pasaje del aire al entrar y salir durante la respiraci\u00f3n. En este tipo de ronquido, el sonido es en la mayor parte del tiempo, continuo y uniforme y no presenta grandes variaciones de intensidad y de frecuencia.<\/p>\n<p>Por lo tanto, roncar no es, obligatoriamente, sin\u00f3nimo de enfermedad. Este ronquido &#8220;social&#8221; puede traer problemas para el individuo, pero no tiene repercusiones importantes en su salud.<\/p>\n<p>Hay ronquidos que pueden indicar la presencia de alteraciones funcionales respiratorias durante el sue\u00f1o, que alteran el bienestar de su portador y su grupo familiar.<\/p>\n<p>Este patr\u00f3n de ruido indica que a cada ciclo, ocurre una progresiva reducci\u00f3n del espacio disponible para el pasaje del aire en las v\u00edas a\u00e9reas superiores hasta que este espacio desaparece totalmente; en este momento, la persona deja de respirar y puede permanecer as\u00ed por varios segundos, a veces hasta m\u00e1s de un minuto. La interrupci\u00f3n de la respiraci\u00f3n desencadena una reacci\u00f3n de alarma en el organismo que tiene por objetivo hacer superficial el sue\u00f1o de modo que el individuo retome su respiraci\u00f3n normal.<\/p>\n<p>&nbsp;<\/p>\n<h3>\u00bfPor qu\u00e9 ocurre esta obstrucci\u00f3n de las v\u00edas a\u00e9reas superiores?<\/h3>\n<p>En la mayor\u00eda de los casos, la obstrucci\u00f3n se da por el deslizamiento de la lengua hacia atr\u00e1s en una persona que ya tenga los espacios de pasaje del aire en la garganta relativamente disminuidos. El deslizamiento de la lengua ocurre durante el sue\u00f1o porque cuando dormimos, todos los m\u00fasculos (a excepci\u00f3n del diafragma) entran en un estado de profunda relajaci\u00f3n.<\/p>\n<p>El tratamiento de la apnea obstructiva del sue\u00f1o en individuos que est\u00e1n excedidos de peso obligatoriamente incluye adelgazar. La obesidad colabora para la obstrucci\u00f3n de las v\u00edas a\u00e9reas por acumular tejido adiposo en los pasajes de aire de las v\u00edas a\u00e9reas superiores. La correcci\u00f3n quir\u00fargica est\u00e1 indicada en casos de mala posici\u00f3n de la mand\u00edbula.<\/p>\n<p>De todo lo informado aqu\u00ed, queda el mensaje que solamente el profesional especializado puede definir correctamente si existe o no apnea del sue\u00f1o e indicar el mejor m\u00e9todo de tratarla.<\/p>\n","protected":false},"excerpt":{"rendered":"<p>Roncar puede ser &#8220;simplemente&#8221; un problema social, un factor m\u00e1s que complica las relaciones interpersonales ya tan dif\u00edciles en nuestros tiempos conturbados. Aquel ruido, muchas veces bastante intenso, es provocado por la vibraci\u00f3n de las &hellip; <\/p>\n","protected":false},"author":1,"featured_media":515,"comment_status":"closed","ping_status":"closed","sticky":false,"template":"","format":"standard","meta":{"om_disable_all_campaigns":false,"_monsterinsights_skip_tracking":false,"_uf_show_specific_survey":0,"_uf_disable_surveys":false,"footnotes":""},"categories":[26],"tags":[113,114,118,119,120],"class_list":["post-482","post","type-post","status-publish","format-standard","has-post-thumbnail","hentry","category-promociondelasalud","tag-promocion","tag-promocion-y-prevencion","tag-roncar","tag-ronquido","tag-ronquidos","grid-sizer"],"aioseo_notices":[],"_links":{"self":[{"href":"https:\/\/osmiss.org.ar\/news2\/wp-json\/wp\/v2\/posts\/482","targetHints":{"allow":["GET"]}}],"collection":[{"href":"https:\/\/osmiss.org.ar\/news2\/wp-json\/wp\/v2\/posts"}],"about":[{"href":"https:\/\/osmiss.org.ar\/news2\/wp-json\/wp\/v2\/types\/post"}],"author":[{"embeddable":true,"href":"https:\/\/osmiss.org.ar\/news2\/wp-json\/wp\/v2\/users\/1"}],"replies":[{"embeddable":true,"href":"https:\/\/osmiss.org.ar\/news2\/wp-json\/wp\/v2\/comments?post=482"}],"version-history":[{"count":0,"href":"https:\/\/osmiss.org.ar\/news2\/wp-json\/wp\/v2\/posts\/482\/revisions"}],"wp:featuredmedia":[{"embeddable":true,"href":"https:\/\/osmiss.org.ar\/news2\/wp-json\/wp\/v2\/media\/515"}],"wp:attachment":[{"href":"https:\/\/osmiss.org.ar\/news2\/wp-json\/wp\/v2\/media?parent=482"}],"wp:term":[{"taxonomy":"category","embeddable":true,"href":"https:\/\/osmiss.org.ar\/news2\/wp-json\/wp\/v2\/categories?post=482"},{"taxonomy":"post_tag","embeddable":true,"href":"https:\/\/osmiss.org.ar\/news2\/wp-json\/wp\/v2\/tags?post=482"}],"curies":[{"name":"wp","href":"https:\/\/api.w.org\/{rel}","templated":true}]}}