{"id":485,"date":"2008-08-01T16:00:34","date_gmt":"2008-08-01T19:00:34","guid":{"rendered":"http:\/\/www.osmiss.com.ar\/news\/?p=485"},"modified":"2022-03-31T11:57:17","modified_gmt":"2022-03-31T14:57:17","slug":"exposicion-publica-sobre-la-trayectoria-de-osmiss","status":"publish","type":"post","link":"https:\/\/osmiss.org.ar\/news2\/2008\/08\/01\/exposicion-publica-sobre-la-trayectoria-de-osmiss\/","title":{"rendered":"Exposici\u00f3n p\u00fablica sobre la trayectoria de OSMISS"},"content":{"rendered":"<p>El d\u00eda 23 de julio pasado, las autoridades de nuestra Obra Social expusieron los antecedentes y la situaci\u00f3n actual de OSMiSS, en la sala de reuniones del C\u00edrculo de Ministros, Secretarios y Subsecretarios del Poder Ejecutivo Nacional.<\/p>\n<p>Las presentaciones estuvieron a cargo del Ing. N\u00e9stor E. Fern\u00e1ndez, el Dr. Juan J. Santiere, el Ing Arturo A. Saccone, la Dra. Ana M. J\u00e1uregui y el Dr. Juan J. Babodo. Fueron acompa\u00f1ados con proyecciones y cubrieron aspectos muy diversos.<\/p>\n<p>El Ing. Fern\u00e1ndez realiz\u00f3 un encuadre sobre la funci\u00f3n de las Obras Sociales dentro del vasto campo de la medicina y el cuidado de la salud, precisando el modelo adoptado por OSMISS. Dedic\u00f3 una parte importante de su exposici\u00f3n a profundizar los par\u00e1metros de evaluaci\u00f3n tenidos en cuenta para optimizar la acci\u00f3n permanente de OSMISS. Ellas son: la equidad, la calidad de servicios, el nivel de satisfacci\u00f3n, la solidaridad, pluralidad y eficiencia.<\/p>\n<p>El Dr. Santiere se propuso rescatar las primeras ideas que se adelantaron en el C\u00edrculo de Ministros, Secretarios y Subsecretarios, acerca de la necesidad de fundar una Obra Social nacida de su propio seno, pero de acci\u00f3n independiente y ejecutiva, teniendo como objetivo la eficiencia. Describi\u00f3 as\u00ed diversos actos jur\u00eddicos y normas que iban de Setiembre 2003 a Agosto 2005, momento en que se consolida el accionar de OSMiSS<\/p>\n<p>El Ing. Saccone expuso los datos sobre la Gerencia de Planeamiento, Sistemas y Servicios, supliendo al Sr. Domingo Ch\u00e1vez, que no pudo hacerlo por razones de salud. Coment\u00f3 que la Gerencia se divide en los tres sectores que describe su denominaci\u00f3n. Hizo una s\u00edntesis de las funciones, de las tareas ejecutadas y de las de gesti\u00f3n permanente.<\/p>\n<p>La Dra. J\u00e1uregui explic\u00f3 que la Gerencia M\u00e9dica consta de los Departamentos de Programaci\u00f3n y Contratos, Servicios y Coordinaci\u00f3n, y Auditor\u00eda M\u00e9dica. Aclar\u00f3 las funciones de cada Departamento, expuso el modelo de salud adoptado, las caracter\u00edsticas de detalle del Plan OSMISS-200 y la cobertura de los Programas de Promoci\u00f3n y Prevenci\u00f3n en estudio y ejecuci\u00f3n adelantada.<\/p>\n<p>El Dr. Babodo resumi\u00f3 las caracter\u00edsticas de la Gerencia de Administraci\u00f3n y Finanzas, a su cargo. Los cuatro sectores que lo componen son: Contabilidad, Control Presupuestario, Control Financiero y Afiliaciones. Detall\u00f3 las tareas ejecutadas, las de ejecuci\u00f3n permanente y los cursos de acci\u00f3n. Finalmente, realiz\u00f3 una rese\u00f1a de la principal informaci\u00f3n econ\u00f3mica, centrada en el balance al 31.12.2007.<\/p>\n<p>El inter\u00e9s suscitado por esta exposici\u00f3n ha llevado a las autoridades de OSMISS a planear otros actos similares.<\/p>\n<div id='gallery-1' class='gallery galleryid-485 gallery-columns-3 gallery-size-medium'><figure class='gallery-item'>\n\t\t\t<div class='gallery-icon landscape'>\n\t\t\t\t<a href='https:\/\/osmiss.org.ar\/news2\/2008\/08\/01\/exposicion-publica-sobre-la-trayectoria-de-osmiss\/d_fernandez\/'><img loading=\"lazy\" decoding=\"async\" width=\"300\" height=\"300\" src=\"https:\/\/osmiss.org.ar\/news2\/wp-content\/uploads\/2018\/05\/d_fernandez-300x300.jpg\" class=\"attachment-medium size-medium\" alt=\"\" aria-describedby=\"gallery-1-487\" srcset=\"https:\/\/osmiss.org.ar\/news2\/wp-content\/uploads\/2018\/05\/d_fernandez-300x300.jpg 300w, https:\/\/osmiss.org.ar\/news2\/wp-content\/uploads\/2018\/05\/d_fernandez-150x150.jpg 150w, https:\/\/osmiss.org.ar\/news2\/wp-content\/uploads\/2018\/05\/d_fernandez-60x60.jpg 60w, https:\/\/osmiss.org.ar\/news2\/wp-content\/uploads\/2018\/05\/d_fernandez.jpg 700w\" sizes=\"auto, (max-width: 300px) 100vw, 300px\" \/><\/a>\n\t\t\t<\/div>\n\t\t\t\t<figcaption class='wp-caption-text gallery-caption' id='gallery-1-487'>\n\t\t\t\tIng. Fern\u00e1ndez\n\t\t\t\t<\/figcaption><\/figure><figure class='gallery-item'>\n\t\t\t<div class='gallery-icon landscape'>\n\t\t\t\t<a href='https:\/\/osmiss.org.ar\/news2\/2008\/08\/01\/exposicion-publica-sobre-la-trayectoria-de-osmiss\/d_santiere\/'><img loading=\"lazy\" decoding=\"async\" width=\"300\" height=\"300\" src=\"https:\/\/osmiss.org.ar\/news2\/wp-content\/uploads\/2018\/05\/d_santiere-300x300.jpg\" class=\"attachment-medium size-medium\" alt=\"\" aria-describedby=\"gallery-1-490\" srcset=\"https:\/\/osmiss.org.ar\/news2\/wp-content\/uploads\/2018\/05\/d_santiere-300x300.jpg 300w, https:\/\/osmiss.org.ar\/news2\/wp-content\/uploads\/2018\/05\/d_santiere-150x150.jpg 150w, https:\/\/osmiss.org.ar\/news2\/wp-content\/uploads\/2018\/05\/d_santiere-60x60.jpg 60w, https:\/\/osmiss.org.ar\/news2\/wp-content\/uploads\/2018\/05\/d_santiere.jpg 700w\" sizes=\"auto, (max-width: 300px) 100vw, 300px\" \/><\/a>\n\t\t\t<\/div>\n\t\t\t\t<figcaption class='wp-caption-text gallery-caption' id='gallery-1-490'>\n\t\t\t\tDr. Santiere\n\t\t\t\t<\/figcaption><\/figure><figure class='gallery-item'>\n\t\t\t<div class='gallery-icon landscape'>\n\t\t\t\t<a href='https:\/\/osmiss.org.ar\/news2\/2008\/08\/01\/exposicion-publica-sobre-la-trayectoria-de-osmiss\/d_saccone\/'><img loading=\"lazy\" decoding=\"async\" width=\"300\" height=\"300\" src=\"https:\/\/osmiss.org.ar\/news2\/wp-content\/uploads\/2018\/05\/d_saccone-300x300.jpg\" class=\"attachment-medium size-medium\" alt=\"\" aria-describedby=\"gallery-1-489\" srcset=\"https:\/\/osmiss.org.ar\/news2\/wp-content\/uploads\/2018\/05\/d_saccone-300x300.jpg 300w, https:\/\/osmiss.org.ar\/news2\/wp-content\/uploads\/2018\/05\/d_saccone-150x150.jpg 150w, https:\/\/osmiss.org.ar\/news2\/wp-content\/uploads\/2018\/05\/d_saccone-60x60.jpg 60w, https:\/\/osmiss.org.ar\/news2\/wp-content\/uploads\/2018\/05\/d_saccone.jpg 700w\" sizes=\"auto, (max-width: 300px) 100vw, 300px\" \/><\/a>\n\t\t\t<\/div>\n\t\t\t\t<figcaption class='wp-caption-text gallery-caption' id='gallery-1-489'>\n\t\t\t\tIng. Saccone\n\t\t\t\t<\/figcaption><\/figure><figure class='gallery-item'>\n\t\t\t<div class='gallery-icon landscape'>\n\t\t\t\t<a href='https:\/\/osmiss.org.ar\/news2\/2008\/08\/01\/exposicion-publica-sobre-la-trayectoria-de-osmiss\/d_jauregui\/'><img loading=\"lazy\" decoding=\"async\" width=\"300\" height=\"300\" src=\"https:\/\/osmiss.org.ar\/news2\/wp-content\/uploads\/2018\/05\/d_jauregui-300x300.jpg\" class=\"attachment-medium size-medium\" alt=\"\" aria-describedby=\"gallery-1-488\" srcset=\"https:\/\/osmiss.org.ar\/news2\/wp-content\/uploads\/2018\/05\/d_jauregui-300x300.jpg 300w, https:\/\/osmiss.org.ar\/news2\/wp-content\/uploads\/2018\/05\/d_jauregui-150x150.jpg 150w, https:\/\/osmiss.org.ar\/news2\/wp-content\/uploads\/2018\/05\/d_jauregui-60x60.jpg 60w, https:\/\/osmiss.org.ar\/news2\/wp-content\/uploads\/2018\/05\/d_jauregui.jpg 700w\" sizes=\"auto, (max-width: 300px) 100vw, 300px\" \/><\/a>\n\t\t\t<\/div>\n\t\t\t\t<figcaption class='wp-caption-text gallery-caption' id='gallery-1-488'>\n\t\t\t\tDra. J\u00e1uregui\n\t\t\t\t<\/figcaption><\/figure><figure class='gallery-item'>\n\t\t\t<div class='gallery-icon landscape'>\n\t\t\t\t<a href='https:\/\/osmiss.org.ar\/news2\/2008\/08\/01\/exposicion-publica-sobre-la-trayectoria-de-osmiss\/d_babodo\/'><img loading=\"lazy\" decoding=\"async\" width=\"300\" height=\"300\" src=\"https:\/\/osmiss.org.ar\/news2\/wp-content\/uploads\/2018\/05\/d_babodo-300x300.jpg\" class=\"attachment-medium size-medium\" alt=\"\" aria-describedby=\"gallery-1-486\" srcset=\"https:\/\/osmiss.org.ar\/news2\/wp-content\/uploads\/2018\/05\/d_babodo-300x300.jpg 300w, https:\/\/osmiss.org.ar\/news2\/wp-content\/uploads\/2018\/05\/d_babodo-150x150.jpg 150w, https:\/\/osmiss.org.ar\/news2\/wp-content\/uploads\/2018\/05\/d_babodo-60x60.jpg 60w, https:\/\/osmiss.org.ar\/news2\/wp-content\/uploads\/2018\/05\/d_babodo.jpg 700w\" sizes=\"auto, (max-width: 300px) 100vw, 300px\" \/><\/a>\n\t\t\t<\/div>\n\t\t\t\t<figcaption class='wp-caption-text gallery-caption' id='gallery-1-486'>\n\t\t\t\tDr. Babodo\n\t\t\t\t<\/figcaption><\/figure>\n\t\t<\/div>\n\n<p>&nbsp;<\/p>\n","protected":false},"excerpt":{"rendered":"<p>El d\u00eda 23 de julio pasado, las autoridades de nuestra Obra Social expusieron los antecedentes y la situaci\u00f3n actual de OSMiSS, en la sala de reuniones del C\u00edrculo de Ministros, Secretarios y Subsecretarios del Poder &hellip; <\/p>\n","protected":false},"author":1,"featured_media":795,"comment_status":"closed","ping_status":"closed","sticky":false,"template":"","format":"standard","meta":{"om_disable_all_campaigns":false,"_monsterinsights_skip_tracking":false,"_uf_show_specific_survey":0,"_uf_disable_surveys":false,"footnotes":""},"categories":[27,22],"tags":[],"class_list":["post-485","post","type-post","status-publish","format-standard","has-post-thumbnail","hentry","category-curiosidades","category-editoriales","grid-sizer"],"aioseo_notices":[],"_links":{"self":[{"href":"https:\/\/osmiss.org.ar\/news2\/wp-json\/wp\/v2\/posts\/485","targetHints":{"allow":["GET"]}}],"collection":[{"href":"https:\/\/osmiss.org.ar\/news2\/wp-json\/wp\/v2\/posts"}],"about":[{"href":"https:\/\/osmiss.org.ar\/news2\/wp-json\/wp\/v2\/types\/post"}],"author":[{"embeddable":true,"href":"https:\/\/osmiss.org.ar\/news2\/wp-json\/wp\/v2\/users\/1"}],"replies":[{"embeddable":true,"href":"https:\/\/osmiss.org.ar\/news2\/wp-json\/wp\/v2\/comments?post=485"}],"version-history":[{"count":1,"href":"https:\/\/osmiss.org.ar\/news2\/wp-json\/wp\/v2\/posts\/485\/revisions"}],"predecessor-version":[{"id":796,"href":"https:\/\/osmiss.org.ar\/news2\/wp-json\/wp\/v2\/posts\/485\/revisions\/796"}],"wp:featuredmedia":[{"embeddable":true,"href":"https:\/\/osmiss.org.ar\/news2\/wp-json\/wp\/v2\/media\/795"}],"wp:attachment":[{"href":"https:\/\/osmiss.org.ar\/news2\/wp-json\/wp\/v2\/media?parent=485"}],"wp:term":[{"taxonomy":"category","embeddable":true,"href":"https:\/\/osmiss.org.ar\/news2\/wp-json\/wp\/v2\/categories?post=485"},{"taxonomy":"post_tag","embeddable":true,"href":"https:\/\/osmiss.org.ar\/news2\/wp-json\/wp\/v2\/tags?post=485"}],"curies":[{"name":"wp","href":"https:\/\/api.w.org\/{rel}","templated":true}]}}