{"id":495,"date":"2018-06-01T15:24:15","date_gmt":"2018-06-01T18:24:15","guid":{"rendered":"http:\/\/www.osmiss.com.ar\/news\/?p=495"},"modified":"2022-03-31T14:06:58","modified_gmt":"2022-03-31T17:06:58","slug":"495","status":"publish","type":"post","link":"https:\/\/osmiss.org.ar\/news2\/2018\/06\/01\/495\/","title":{"rendered":"El envejecimiento y la evoluci\u00f3n de los derechos humanos en el \u00e1mbito internacional"},"content":{"rendered":"<p><img loading=\"lazy\" decoding=\"async\" class=\"alignnone wp-image-310 size-full\" src=\"https:\/\/osmiss.org.ar\/news2\/wp-content\/uploads\/2018\/05\/fotopresidencia2.jpg\" alt=\"\" width=\"150\" height=\"150\" srcset=\"https:\/\/osmiss.org.ar\/news2\/wp-content\/uploads\/2018\/05\/fotopresidencia2.jpg 150w, https:\/\/osmiss.org.ar\/news2\/wp-content\/uploads\/2018\/05\/fotopresidencia2-60x60.jpg 60w\" sizes=\"auto, (max-width: 150px) 100vw, 150px\" \/><\/p>\n<p>El tratamiento del tema de envejecimiento a nivel internacional ha tenido una evoluci\u00f3n importante en el contexto de la historia de las Naciones Unidas intentando crear instrumentos de protecci\u00f3n de este \u00e1mbito de la poblaci\u00f3n, acontecimientos estos en los cuales los pa\u00edses de Am\u00e9rica Latina y el Caribe han tenido importante protagonismo.<br \/>\nDebemos mencionar acciones dirigidas a la incorporaci\u00f3n del cuidado en la vejez, durante dos d\u00e9cadas, como un derecho en partes tales como Colombia, Cuba y Ecuador; la creaci\u00f3n de la Oficina de Promoci\u00f3n y Protecci\u00f3n de los Derechos Humanos de Personas Mayores en Argentina, la puesta en marcha de la reforma previsional en Chile, de la Renta Dignidad en Bolivia, la propuesta de \u201cDeclaraci\u00f3n de los Derechos de las Personas Mayores\u201d tambi\u00e9n en Argentina y de la \u201cDeclaraci\u00f3n sobre los Derechos y Responsabilidades de las Personas de Edad\u201d planteado por la Rep\u00fablica Dominicana.<\/p>\n<p>Todo ello fue el origen de los \u201cPrincipios de las Naciones Unidas\u201d a favor de las \u201cPersonas de Edad avanzada\u201d.<br \/>\nTambi\u00e9n en Am\u00e9rica Latina y el Caribe, la CEPAL ha incorporado el enfoque de los Derechos de las Personas Mayores planteando la \u201cEstrategia Regional sobre el Envejecimiento\u201dpara orientar el camino de los pa\u00edses miembros en este tema. Esto se refleja en la Declaraci\u00f3n de Brasilia del 2007 en los que los pa\u00edses reafirmaron su compromiso para promover y proteger los derechos humanos y las libertades fundamentales de todas las personas mayores tendiendo a eliminar toda forma de discriminaci\u00f3n y violencia y generar las redes necesarias para hacer valer los derechos de las personas mayores.<\/p>\n<p>La convenci\u00f3n Interamericana sobre la protecci\u00f3n de los derechos Humanos de las Personas Mayores de la OEA 2015, tiene como objeto promover, proteger y asegurar el reconocimiento y el pleno goce y ejercicio, en condiciones de igualdad, de todos los derechos humanos y libertades fundamentales de la persona mayor, a fin de contribuir a su plena inclusi\u00f3n, integraci\u00f3n y participaci\u00f3n en la sociedad. Lo dispuesto en la presente Convenci\u00f3n no se interpreta como una limitaci\u00f3n a derechos o beneficios m\u00e1s amplios o adicionales que reconozcan el derecho internacional o las legislaciones internas de los Estados Parte, a favor de la persona mayor.<\/p>\n<p>En el \u00e1mbito nacional, los \u00faltimos meses de 2013, un grupo de entidades y personalidades con marcada trayectoria en el \u00e1mbito nacional en diversas problem\u00e1ticas de este sector, impulsados fundamentalmente por OSMISS, fundaron e integraron el Foro Interdisciplinario para Personas Mayores (FIPeM), un \u00e1mbito de participaci\u00f3n, reflexi\u00f3n y compromiso, cuya finalidad es proponer pol\u00edticas p\u00fablicas destinadas a la inclusi\u00f3n de las personas mayores en la vida comunitaria, contribuir a cambiar la mirada sobre ellas y superar su marginaci\u00f3n, que tanto empobrece el entramado social.<\/p>\n<p>En este sentido, el FIPeM llev\u00f3 a cabo tres Congresos de Pol\u00edticas P\u00fablicas con una fuerte participaci\u00f3n de organizaciones sociales, representantes del sector p\u00fablico, del \u00e1mbito acad\u00e9mico y de los distintos credos religiosos.<br \/>\nEn dichos eventos se impuls\u00f3 el an\u00e1lisis y el debate de la situaci\u00f3n de los adultos mayores y se redactaron propuestas que fueron elevadas luego al Congreso de la Naci\u00f3n, al Poder Ejecutivo y al Vaticano, y fueron expuestas e incluidas en las cumbres sociales del MERCOSUR y en el Foro Ciudadano del UNASUR.<br \/>\nAlgunos de los avances obtenidos se detallan a continuaci\u00f3n:<\/p>\n<p>El 17 de julio de 2015, en Brasilia, en la Cumbre Pol\u00edtica del MERCOSUR, el FIPeM a traves la Comisi\u00f3n de Personas Adultas Mayores participante de la Comisi\u00f3n Argentina, impuls\u00f3 en la declaraci\u00f3n para Presidentes un punto que reza:<\/p>\n<p><em>\u201cLas organizaciones sociales presentes en esta cumbre reconocen la contribuci\u00f3n de la regi\u00f3n de sus gobiernos y de los pa\u00edses de los actores sociales en la declaraci\u00f3n de la OEA del 15 de junio 2015, que expres\u00f3 la necesidad de contar con un instrumento regional, jur\u00eddicamente vinculante para proteger los derechos humanos de las personas mayores y promueve el envejecimiento activo en todos los niveles que garanticen su dignidad durante toda su vida&#8230;\u201c<\/em><\/p>\n<p>En la Cumbre del Mercosur realizada el 17 y 18 de diciembre del mismo a\u00f1o, en la ciudad de Atyra-Paraguay, se avanz\u00f3 sobre puntos exclusivos de los que no se hab\u00eda hablado hasta el momento. Se trataron temas sobre las Personas Mayores y su inclusi\u00f3n social y se logr\u00f3 hacer presentes en la Declaratoria para Presidentes participantes de la Cumbre, las ideas que promueve y sostiene el FIPeM y las conclusiones generadas a partir del 1er Congreso Nacional de Pol\u00edticas para Personas Mayores.<\/p>\n<p>De esta manera, se logr\u00f3 plasmar y hacer real la posibilidad de crear una Secretar\u00eda para la Tercera Edad en el PARLASUR, cuya base y prop\u00f3sito es generar herramientas de participaci\u00f3n social, que tengan como punto de partida la diversidad e integraci\u00f3n plena de las Personas Mayores y garantice el cumplimiento y la protecci\u00f3n de sus derechos:<\/p>\n<p><em>\u201cEn reconocimiento de los DDHH plasmados en la &#8220;Convenci\u00f3n Interamericana sobre la protecci\u00f3n de los Derechos Humanos de las Personas Mayores&#8221;, consideramos que el respeto a dicha franja etaria es de vital importancia para una sociedad inclusiva que valora su historia, la sabidur\u00eda y su experiencia. En tal sentido solicitamos que el Consejo del Mercado Com\u00fan acceda a la recomendaci\u00f3n efectuada por el PARLASUR, mediante Recomendaci\u00f3n MERCOSUR\/PM\/SO\/REC. 02\/2009, de creaci\u00f3n de la Secretar\u00eda Permanente de Adultos Mayores del Mercosur para garantizar sus derechos observando el cumplimiento de los mismos.\u201c<\/em><\/p>\n<p>En el Foro Ciudadano de la UNASUR llevado a cabo en Quito entre el 16 y el 18 de noviembre de 2016 y 29 ,y el 30 de noviembre de 2017 el Foro logr\u00f3 insertar en la agenda sobre Adultos Mayores la importancia de la participaci\u00f3n de la sociedad civil y se aprobaron los puntos del documento generado por las comisiones que integraba.<br \/>\nSe destac\u00f3 la vital importancia de mejorar y promover los Derechos de los Adultos Mayores y se se\u00f1al\u00f3 la necesidad de adecuar las estructuras de la UNASUR para producir pol\u00edticas en beneficio de esta franja etaria, como parte integrante de los derechos de nuestros pueblos. Se apuntaba as\u00ed a cambiar el paradigma del envejecimiento por una nueva cultura del respeto a la vejez, basada en la \u00e9tica, la diversidad y la dignidad.<\/p>\n<p>Se insisti\u00f3 en impulsar la ratificaci\u00f3n de la Convenci\u00f3n de la OEA del 15 de junio del a\u00f1o 2015.<br \/>\nSe acord\u00f3 crear un observatorio de vigilancia para los derechos de las Personas Mayores dentro de la regi\u00f3n, y estructurar en UNASUR pol\u00edticas para el fortalecimiento de la seguridad social, recreaci\u00f3n y derechos en general.<br \/>\nEn todos los \u00e1mbitos de participaci\u00f3n, el Foro impulsado por OSMISS impuls\u00f3 la ratificaci\u00f3n de esta Convenci\u00f3n de la OEA como instrumento jur\u00eddico regional para garantizar el derecho a la igualdad, a la vida, a la salud y la dignidad en la vejez, a la independencia y a la autonom\u00eda, a la vivienda, a la participaci\u00f3n y a la integraci\u00f3n comunitaria, a la seguridad y a vivir una vida sin violencia.<\/p>\n<p>Hoy podemos celebrar la incorporaci\u00f3n de la Convenci\u00f3n de la OEA como parte del derecho vigente en nuestro pa\u00eds que contribuye al fortalecimiento de medidas legislativas, administrativas, judiciales y al dise\u00f1o e implementaci\u00f3n de pol\u00edticas p\u00fablicas de promoci\u00f3n de los derechos de las personas mayores.<\/p>\n<p>El Foro breg\u00f3 en cada una de sus participaciones por la ratificaci\u00f3n de la Convenci\u00f3n. Sin embargo, queda a\u00fan un largo camino a transitar.<\/p>\n<p>Los derechos de las personas mayores derivan de la centralidad de la dignidad humana, por lo cual exigen una tutela y promoci\u00f3n permanente, que no debe depender de la reserva de lo posible o de las disponibilidades del presupuesto estatal, sino del derecho fundamental a una buena administraci\u00f3n y a una administraci\u00f3n efectivamente servicial.<\/p>\n<p>Por \u00faltimo, es importante se\u00f1alar que el marco legal es el correcto, pero la sociedad a\u00fan no lo ha internalizado culturalmente. Es nuestra conducta, nuestro h\u00e1bito cultural, el que acepta o rechaza lo que plantea la ley. Son numerosas a\u00fan las expresiones discriminatorias sobre la vejez. No se fomenta el respeto al curso de la vida. Por el contrario, el prejuicio hace que la toma de distancia se convierta en el primer paso del camino que nos aleja del otro. Todo ello debe cambiar.<\/p>\n<p>El Estado <em>\u2013con su andamiaje institucional y sus programas de acci\u00f3n y de comunicaci\u00f3n-<\/em> y los numerosos actores de la sociedad deben comprometerse a favor de un genuino cambio de paradigma cultural sobre la vejez, que garantice igualdad de trato, basada en el derecho a la dignidad en todas las etapas del curso de vida.<\/p>\n<hr \/>\n<p><img loading=\"lazy\" decoding=\"async\" class=\"alignnone wp-image-310 size-full\" title=\"Ing. N\u00e9stor E. Fern\u00e1ndez Presidente de OSMISS\" src=\"https:\/\/osmiss.org.ar\/news2\/wp-content\/uploads\/2018\/05\/fotopresidencia2.jpg\" alt=\"Imagen del Ing. N\u00e9stor E. Fern\u00e1ndez\" width=\"150\" height=\"150\" srcset=\"https:\/\/osmiss.org.ar\/news2\/wp-content\/uploads\/2018\/05\/fotopresidencia2.jpg 150w, https:\/\/osmiss.org.ar\/news2\/wp-content\/uploads\/2018\/05\/fotopresidencia2-60x60.jpg 60w\" sizes=\"auto, (max-width: 150px) 100vw, 150px\" \/><\/p>\n<p><em><strong>Ing. N\u00e9stor E. Fern\u00e1ndez<\/strong><\/em><br \/>\n<em><strong>Presidente de OSMISS<\/strong><\/em><\/p>\n","protected":false},"excerpt":{"rendered":"<p>El tratamiento del tema de envejecimiento a nivel internacional ha tenido una evoluci\u00f3n importante en el contexto de la historia de las Naciones Unidas intentando crear instrumentos de protecci\u00f3n de este \u00e1mbito de la poblaci\u00f3n, &hellip; <\/p>\n","protected":false},"author":2,"featured_media":768,"comment_status":"closed","ping_status":"closed","sticky":false,"template":"","format":"standard","meta":{"om_disable_all_campaigns":false,"_monsterinsights_skip_tracking":false,"_uf_show_specific_survey":0,"_uf_disable_surveys":false,"footnotes":""},"categories":[22,24],"tags":[79,98,102,106,135],"class_list":["post-495","post","type-post","status-publish","format-standard","has-post-thumbnail","hentry","category-editoriales","category-fipem","tag-fipem","tag-mercosur","tag-oea","tag-parlasur","tag-unasur","grid-sizer"],"aioseo_notices":[],"_links":{"self":[{"href":"https:\/\/osmiss.org.ar\/news2\/wp-json\/wp\/v2\/posts\/495","targetHints":{"allow":["GET"]}}],"collection":[{"href":"https:\/\/osmiss.org.ar\/news2\/wp-json\/wp\/v2\/posts"}],"about":[{"href":"https:\/\/osmiss.org.ar\/news2\/wp-json\/wp\/v2\/types\/post"}],"author":[{"embeddable":true,"href":"https:\/\/osmiss.org.ar\/news2\/wp-json\/wp\/v2\/users\/2"}],"replies":[{"embeddable":true,"href":"https:\/\/osmiss.org.ar\/news2\/wp-json\/wp\/v2\/comments?post=495"}],"version-history":[{"count":2,"href":"https:\/\/osmiss.org.ar\/news2\/wp-json\/wp\/v2\/posts\/495\/revisions"}],"predecessor-version":[{"id":830,"href":"https:\/\/osmiss.org.ar\/news2\/wp-json\/wp\/v2\/posts\/495\/revisions\/830"}],"wp:featuredmedia":[{"embeddable":true,"href":"https:\/\/osmiss.org.ar\/news2\/wp-json\/wp\/v2\/media\/768"}],"wp:attachment":[{"href":"https:\/\/osmiss.org.ar\/news2\/wp-json\/wp\/v2\/media?parent=495"}],"wp:term":[{"taxonomy":"category","embeddable":true,"href":"https:\/\/osmiss.org.ar\/news2\/wp-json\/wp\/v2\/categories?post=495"},{"taxonomy":"post_tag","embeddable":true,"href":"https:\/\/osmiss.org.ar\/news2\/wp-json\/wp\/v2\/tags?post=495"}],"curies":[{"name":"wp","href":"https:\/\/api.w.org\/{rel}","templated":true}]}}