{"id":498,"date":"2008-12-03T15:43:58","date_gmt":"2008-12-03T18:43:58","guid":{"rendered":"http:\/\/www.osmiss.com.ar\/news\/?p=498"},"modified":"2008-12-03T15:43:58","modified_gmt":"2008-12-03T18:43:58","slug":"varices-de-miembros-inferiores","status":"publish","type":"post","link":"https:\/\/osmiss.org.ar\/news2\/2008\/12\/03\/varices-de-miembros-inferiores\/","title":{"rendered":"V\u00e1rices de miembros inferiores"},"content":{"rendered":"<p>Las v\u00e1rices de los miembros inferiores es definida como la enfermedad que afecta al sistema venoso, de curso evolutivo, con gran tendencia a la cronicidad. Es la m\u00e1s com\u00fan de las enfermedades vasculares perif\u00e9ricas.<br \/>\nSi no son tratadas a tiempo las v\u00e1rices provocan trastornos tr\u00e1ficos d\u00e9rmicos tales como hiperpigmentaci\u00f3n en el trayecto venoso dilatado, eczema con intenso prurito denominado eczema varicoso y \u00falceras.<br \/>\nEl sistema venoso de retorno de los miembros inferiores consta de tres sistemas importantes: sistema venoso profundo; sistema venoso superficial y sistema venoso comunicante.<\/p>\n<h3>Clasificaci\u00f3n<\/h3>\n<p>Las v\u00e1rices siempre se han clasificado en dos grandes grupos:<\/p>\n<ul>\n<li>V\u00e1rices primarias o esenciales.<\/li>\n<li>V\u00e1rices secundarias.<\/li>\n<\/ul>\n<h3>Sintomatolog\u00eda<\/h3>\n<p>Las v\u00e1rices primarias tienen como s\u00edntomas acompa\u00f1antes a las dilataciones venosas: ardor plantar y en el trayecto de las venas dilatadas; todas estas molestias desaparecen cuando el paciente camina o adopta la posici\u00f3n horizontal (acostado).<br \/>\nLas v\u00e1rices secundarias en cambio presentan dolor, cansancio y pesadez de piernas al estar mucho tiempo de pie e hinchaz\u00f3n de la pierna afectada (edema venoso); estas molestias aumentan cuando el paciente camina y demoran mucho en desaparecer cuando el paciente se acuesta.<\/p>\n<h3>Complicaciones de las v\u00e1rices<\/h3>\n<p>Son varias. En orden de frecuencia tenemos:<\/p>\n<ul>\n<li>Varicoflebitis, proceso eminentemente inflamatorio; no infeccioso, cursa con febr\u00edcula, dolor en el trayecto venoso comprometido y enrojecimiento de la piel, cede simplemente con antinflamatorios.<\/li>\n<li>Tromboflebitis: a los s\u00edntomas de la flebitis se agrega induraci\u00f3n de la vena comprometida; cede con antiagregativos plaquetarios, heparinoides, vendaje compresivo<\/li>\n<\/ul>\n<p>El tratamiento definitivo es quir\u00fargico; retirar las v\u00e1rices.<\/p>\n<h3>Tratamiento<\/h3>\n<p>En el tratamiento quir\u00fargico se usa anestesia epidural, el paciente deambula apenas cesa el efecto anest\u00e9sico y puede salir de alta a su domicilio el mismo d\u00eda. Se administran analg\u00e9sicos orales. Las vendas se retiran al tercer d\u00eda y los puntos al s\u00e9ptimo d\u00eda.<\/p>\n<p>Las indicaciones operatorias en un paciente con v\u00e1rices esenciales corresponden: cuando la sintomatolog\u00eda se hace rebelde al tratamiento m\u00e9dico-diet\u00e9tico-farmacol\u00f3gico y cuando aparecen las complicaciones antes mencionadas.<\/p>\n","protected":false},"excerpt":{"rendered":"<p>Las v\u00e1rices de los miembros inferiores es definida como la enfermedad que afecta al sistema venoso, de curso evolutivo, con gran tendencia a la cronicidad. Es la m\u00e1s com\u00fan de las enfermedades vasculares perif\u00e9ricas. Si &hellip; <\/p>\n","protected":false},"author":1,"featured_media":500,"comment_status":"closed","ping_status":"closed","sticky":false,"template":"","format":"standard","meta":{"om_disable_all_campaigns":false,"_monsterinsights_skip_tracking":false,"_uf_show_specific_survey":0,"_uf_disable_surveys":false,"footnotes":""},"categories":[26],"tags":[61,67,111,113,114,133,137],"class_list":["post-498","post","type-post","status-publish","format-standard","has-post-thumbnail","hentry","category-promociondelasalud","tag-cuidado-de-la-salud","tag-diabetes","tag-prevencion","tag-promocion","tag-promocion-y-prevencion","tag-tratamiento","tag-varices","grid-sizer"],"aioseo_notices":[],"_links":{"self":[{"href":"https:\/\/osmiss.org.ar\/news2\/wp-json\/wp\/v2\/posts\/498","targetHints":{"allow":["GET"]}}],"collection":[{"href":"https:\/\/osmiss.org.ar\/news2\/wp-json\/wp\/v2\/posts"}],"about":[{"href":"https:\/\/osmiss.org.ar\/news2\/wp-json\/wp\/v2\/types\/post"}],"author":[{"embeddable":true,"href":"https:\/\/osmiss.org.ar\/news2\/wp-json\/wp\/v2\/users\/1"}],"replies":[{"embeddable":true,"href":"https:\/\/osmiss.org.ar\/news2\/wp-json\/wp\/v2\/comments?post=498"}],"version-history":[{"count":0,"href":"https:\/\/osmiss.org.ar\/news2\/wp-json\/wp\/v2\/posts\/498\/revisions"}],"wp:featuredmedia":[{"embeddable":true,"href":"https:\/\/osmiss.org.ar\/news2\/wp-json\/wp\/v2\/media\/500"}],"wp:attachment":[{"href":"https:\/\/osmiss.org.ar\/news2\/wp-json\/wp\/v2\/media?parent=498"}],"wp:term":[{"taxonomy":"category","embeddable":true,"href":"https:\/\/osmiss.org.ar\/news2\/wp-json\/wp\/v2\/categories?post=498"},{"taxonomy":"post_tag","embeddable":true,"href":"https:\/\/osmiss.org.ar\/news2\/wp-json\/wp\/v2\/tags?post=498"}],"curies":[{"name":"wp","href":"https:\/\/api.w.org\/{rel}","templated":true}]}}