{"id":507,"date":"2008-12-01T17:02:02","date_gmt":"2008-12-01T20:02:02","guid":{"rendered":"http:\/\/www.osmiss.com.ar\/news\/?p=507"},"modified":"2008-12-01T17:02:02","modified_gmt":"2008-12-01T20:02:02","slug":"actividades-de-la-mutual-diciembre-2008","status":"publish","type":"post","link":"https:\/\/osmiss.org.ar\/news2\/2008\/12\/01\/actividades-de-la-mutual-diciembre-2008\/","title":{"rendered":"Actividades de la Mutual \u2013 Diciembre 2008"},"content":{"rendered":"<p>OSMiSS mantiene varios programas en el marco de un convenio firmado con la Mutualidad del C\u00edrculo de Ministros, Secretarios y Subsecretarios del PEN. De acuerdo al mismo, la Mutualidad realiza servicios sociales promocionales acordados con esta Obra Social, a los que tienen acceso los afiliados de OSMiSS.<\/p>\n<p>Programa de Prevenci\u00f3n de Enfermedades Cardiovasculares<br \/>\nDe acuerdo al Convenio oportunamente celebrado entre OSMiSS y la Mutualidad, durante el transcurso de todo el mes de octubre se realiz\u00f3 un ciclo de exposiciones y actividades aplicadas, sobre la Prevenci\u00f3n de Enfermedades Cardiovasculares (P.E.C.)<br \/>\nEl programa abarc\u00f3 los siguientes temas:<\/p>\n<ul>\n<li>Cuidado y prevenci\u00f3n de la Hipertensi\u00f3n Arterial, Dislipemia, Sobrepeso y Obesidad; Alimentaci\u00f3n saludable y Promoci\u00f3n de la actividad f\u00edsica.<\/li>\n<li>Los temas se desarrollaron en base a clases explicativas, charlas-taller, charlas-conferencias y ejercitaci\u00f3n f\u00edsica.<\/li>\n<li>Las tareas docentes y operativas estuvieron a cargo de la Mutualidad, bajo la direcci\u00f3n del Lic. Julio Skoporada, con la colaboraci\u00f3n de las Lics. Agustina Beacon, Claudia Espinosa y Guadalupe Laur\u00eda.<\/li>\n<\/ul>\n<h3>Programa de Capacitaci\u00f3n en Computaci\u00f3n<\/h3>\n<p>Son muchos los asociados que han decidido capacitarse en los cursos de computaci\u00f3n que brinda la Mutualidad por medio de un acuerdo con el Instituto Argentino de Computaci\u00f3n (IAC).<br \/>\nSe incorporaron diferentes niveles, para facilitar la adaptaci\u00f3n a las necesidades de cada uno.<\/p>\n<h3>Espect\u00e1culos art\u00edsticos<\/h3>\n<p>OSMiSS ve con benepl\u00e1cito los programas de concurrencia a diversas expresiones art\u00edsticas que realiza la Mutualidad, en base al otorgamiento de entradas a los afiliados interesados, mediante el sistema de sorteo.<\/p>\n<p>En este sentido, OSMiSS considera oportuno seguir trabajando con la Mutualidad, para ofrecer a nuestros asociados servicios y actividades diversificadas. Para esta finalidad podr\u00e1 comunicarse a: talleres, cursos y mucho mas!!!<\/p>\n<p>&nbsp;<\/p>\n<pre><strong>Mutual del C\u00edrculo de Ministros del Poder Ejecutivo Nacional<\/strong> \nDomicilio: Adolfo Alsina 943, 7\u00ba Piso, Oficina 703 - CABA \nTel\u00e9fono:\u00a04342-4802\/4870 \nE- mail: <a href=\"mailto:mutualdelcirculo@gmail.com\">mutualdelcirculo@gmail.com<\/a> \nWEB:\u00a0<a href=\"http:\/\/mutualdelcirculopen.com.ar\/\">www.mutualdelcirculopen.com.ar<\/a><\/pre>\n","protected":false},"excerpt":{"rendered":"<p>OSMiSS mantiene varios programas en el marco de un convenio firmado con la Mutualidad del C\u00edrculo de Ministros, Secretarios y Subsecretarios del PEN. De acuerdo al mismo, la Mutualidad realiza servicios sociales promocionales acordados con &hellip; <\/p>\n","protected":false},"author":3,"featured_media":510,"comment_status":"closed","ping_status":"closed","sticky":false,"template":"","format":"standard","meta":{"om_disable_all_campaigns":false,"_monsterinsights_skip_tracking":false,"_uf_show_specific_survey":0,"_uf_disable_surveys":false,"footnotes":""},"categories":[25],"tags":[29,61,127,129,140,141],"class_list":["post-507","post","type-post","status-publish","format-standard","has-post-thumbnail","hentry","category-mutual","tag-actividades","tag-cuidado-de-la-salud","tag-talle-de-la-memoria","tag-talleres","tag-visitas","tag-visitas-guiadas","grid-sizer"],"aioseo_notices":[],"_links":{"self":[{"href":"https:\/\/osmiss.org.ar\/news2\/wp-json\/wp\/v2\/posts\/507","targetHints":{"allow":["GET"]}}],"collection":[{"href":"https:\/\/osmiss.org.ar\/news2\/wp-json\/wp\/v2\/posts"}],"about":[{"href":"https:\/\/osmiss.org.ar\/news2\/wp-json\/wp\/v2\/types\/post"}],"author":[{"embeddable":true,"href":"https:\/\/osmiss.org.ar\/news2\/wp-json\/wp\/v2\/users\/3"}],"replies":[{"embeddable":true,"href":"https:\/\/osmiss.org.ar\/news2\/wp-json\/wp\/v2\/comments?post=507"}],"version-history":[{"count":0,"href":"https:\/\/osmiss.org.ar\/news2\/wp-json\/wp\/v2\/posts\/507\/revisions"}],"wp:featuredmedia":[{"embeddable":true,"href":"https:\/\/osmiss.org.ar\/news2\/wp-json\/wp\/v2\/media\/510"}],"wp:attachment":[{"href":"https:\/\/osmiss.org.ar\/news2\/wp-json\/wp\/v2\/media?parent=507"}],"wp:term":[{"taxonomy":"category","embeddable":true,"href":"https:\/\/osmiss.org.ar\/news2\/wp-json\/wp\/v2\/categories?post=507"},{"taxonomy":"post_tag","embeddable":true,"href":"https:\/\/osmiss.org.ar\/news2\/wp-json\/wp\/v2\/tags?post=507"}],"curies":[{"name":"wp","href":"https:\/\/api.w.org\/{rel}","templated":true}]}}