{"id":529,"date":"2009-06-02T16:00:00","date_gmt":"2009-06-02T19:00:00","guid":{"rendered":"http:\/\/www.osmiss.com.ar\/news\/?p=529"},"modified":"2009-06-02T16:00:00","modified_gmt":"2009-06-02T19:00:00","slug":"influenza-o-gripe","status":"publish","type":"post","link":"https:\/\/osmiss.org.ar\/news2\/2009\/06\/02\/influenza-o-gripe\/","title":{"rendered":"\u00bfQu\u00e9 es la Influenza o Gripe?"},"content":{"rendered":"<p>La Influenza o Gripe es una Infecci\u00f3n respiratoria aguda viral, que se\u00a0 transmite f\u00e1cilmente de persona a persona, y que puede afectarnos en todas las edades.<\/p>\n<p>El virus que causa la gripe es el de la Influenza. Puede causar casos espor\u00e1dicos o epidemias (muchos casos en poco tiempo y en un lugar) y hasta pandemias (gran cantidad de casos en varios pa\u00edses).<\/p>\n<p>El tratamiento de la gripe, de no mediar una complicaci\u00f3n bacteriana (que debe ser diagnosticada por un m\u00e9dico), no requiere la administraci\u00f3n de antibi\u00f3ticos.<\/p>\n<p>Generalmente la gripe evoluciona de forma favorable pero puede presentar formas graves que requieren internaci\u00f3n, especialmente en ni\u00f1os, adultos mayores de 65 a\u00f1os y enfermos cr\u00f3nicos o con factores de riesgo de cualquier edad.<\/p>\n<p>Una de las complicaciones m\u00e1s graves de la gripe es la neumon\u00eda.<\/p>\n<h6><a href=\"http:\/\/www.osmiss.com.ar\/news\/index.php\/2009\/06\/01\/infecciones-respiratorias-agudas-ira\/\">Leer m\u00e1s\u00a0Infecciones Respiratorias Agudas (IRA)<\/a><\/h6>\n","protected":false},"excerpt":{"rendered":"<p>La Influenza o Gripe es una Infecci\u00f3n respiratoria aguda viral, que se\u00a0 transmite f\u00e1cilmente de persona a persona, y que puede afectarnos en todas las edades. El virus que causa la gripe es el de &hellip; <\/p>\n","protected":false},"author":1,"featured_media":0,"comment_status":"closed","ping_status":"closed","sticky":false,"template":"","format":"standard","meta":{"om_disable_all_campaigns":false,"_monsterinsights_skip_tracking":false,"_uf_show_specific_survey":0,"_uf_disable_surveys":false,"footnotes":""},"categories":[26],"tags":[61,83,100,111,113,114,122,8],"class_list":["post-529","post","type-post","status-publish","format-standard","hentry","category-promociondelasalud","tag-cuidado-de-la-salud","tag-gripe","tag-neumonia","tag-prevencion","tag-promocion","tag-promocion-y-prevencion","tag-salud","tag-vacunacion","grid-sizer"],"aioseo_notices":[],"_links":{"self":[{"href":"https:\/\/osmiss.org.ar\/news2\/wp-json\/wp\/v2\/posts\/529","targetHints":{"allow":["GET"]}}],"collection":[{"href":"https:\/\/osmiss.org.ar\/news2\/wp-json\/wp\/v2\/posts"}],"about":[{"href":"https:\/\/osmiss.org.ar\/news2\/wp-json\/wp\/v2\/types\/post"}],"author":[{"embeddable":true,"href":"https:\/\/osmiss.org.ar\/news2\/wp-json\/wp\/v2\/users\/1"}],"replies":[{"embeddable":true,"href":"https:\/\/osmiss.org.ar\/news2\/wp-json\/wp\/v2\/comments?post=529"}],"version-history":[{"count":0,"href":"https:\/\/osmiss.org.ar\/news2\/wp-json\/wp\/v2\/posts\/529\/revisions"}],"wp:attachment":[{"href":"https:\/\/osmiss.org.ar\/news2\/wp-json\/wp\/v2\/media?parent=529"}],"wp:term":[{"taxonomy":"category","embeddable":true,"href":"https:\/\/osmiss.org.ar\/news2\/wp-json\/wp\/v2\/categories?post=529"},{"taxonomy":"post_tag","embeddable":true,"href":"https:\/\/osmiss.org.ar\/news2\/wp-json\/wp\/v2\/tags?post=529"}],"curies":[{"name":"wp","href":"https:\/\/api.w.org\/{rel}","templated":true}]}}