{"id":531,"date":"2009-06-02T16:33:29","date_gmt":"2009-06-02T19:33:29","guid":{"rendered":"http:\/\/www.osmiss.com.ar\/news\/?p=531"},"modified":"2009-06-02T16:33:29","modified_gmt":"2009-06-02T19:33:29","slug":"neumonia-2","status":"publish","type":"post","link":"https:\/\/osmiss.org.ar\/news2\/2009\/06\/02\/neumonia-2\/","title":{"rendered":"\u00bfQu\u00e9 es la Neumon\u00eda?"},"content":{"rendered":"<p>La Neumon\u00eda es una infecci\u00f3n respiratoria aguda bacteriana o viral que afecta a los pulmones, y que se presenta con tos con o sin expectoraci\u00f3n, fiebre, dificultad respiratoria que puede ser severa y a veces requieren internaci\u00f3n.<\/p>\n<p>El tratamiento de la neumon\u00eda, de ser confirmada cl\u00ednica o radiol\u00f3gicamente por el m\u00e9dico, requiere la administraci\u00f3n de antibi\u00f3ticos.<\/p>\n<p>La evoluci\u00f3n de neumon\u00eda suele ser favorable cuando la consulta es oportuna y se aplican tratamientos adecuados,\u00a0 con curaci\u00f3n total en la mayor\u00eda de los casos.<\/p>\n<p>La neumon\u00eda es m\u00e1s grave en lactantes, ni\u00f1os menores de cinco a\u00f1os, ancianos y pacientes de riesgo (desnutridos, inmunocomprometidos, etc.). En ancianos el cuadro puede ser menos caracter\u00edstico, de comienzo lento pudiendo agravarse.<\/p>\n<h6><a href=\"http:\/\/www.osmiss.com.ar\/news\/index.php\/2009\/06\/01\/infecciones-respiratorias-agudas-ira\/\">Leer m\u00e1s\u00a0Infecciones Respiratorias Agudas (IRA)<\/a><\/h6>\n","protected":false},"excerpt":{"rendered":"<p>La Neumon\u00eda es una infecci\u00f3n respiratoria aguda bacteriana o viral que afecta a los pulmones, y que se presenta con tos con o sin expectoraci\u00f3n, fiebre, dificultad respiratoria que puede ser severa y a veces &hellip; <\/p>\n","protected":false},"author":1,"featured_media":0,"comment_status":"closed","ping_status":"closed","sticky":false,"template":"","format":"standard","meta":{"om_disable_all_campaigns":false,"_monsterinsights_skip_tracking":false,"_uf_show_specific_survey":0,"_uf_disable_surveys":false,"footnotes":""},"categories":[26],"tags":[35,61,83,100,111,113,114,8],"class_list":["post-531","post","type-post","status-publish","format-standard","hentry","category-promociondelasalud","tag-antigripal","tag-cuidado-de-la-salud","tag-gripe","tag-neumonia","tag-prevencion","tag-promocion","tag-promocion-y-prevencion","tag-vacunacion","grid-sizer"],"aioseo_notices":[],"_links":{"self":[{"href":"https:\/\/osmiss.org.ar\/news2\/wp-json\/wp\/v2\/posts\/531","targetHints":{"allow":["GET"]}}],"collection":[{"href":"https:\/\/osmiss.org.ar\/news2\/wp-json\/wp\/v2\/posts"}],"about":[{"href":"https:\/\/osmiss.org.ar\/news2\/wp-json\/wp\/v2\/types\/post"}],"author":[{"embeddable":true,"href":"https:\/\/osmiss.org.ar\/news2\/wp-json\/wp\/v2\/users\/1"}],"replies":[{"embeddable":true,"href":"https:\/\/osmiss.org.ar\/news2\/wp-json\/wp\/v2\/comments?post=531"}],"version-history":[{"count":0,"href":"https:\/\/osmiss.org.ar\/news2\/wp-json\/wp\/v2\/posts\/531\/revisions"}],"wp:attachment":[{"href":"https:\/\/osmiss.org.ar\/news2\/wp-json\/wp\/v2\/media?parent=531"}],"wp:term":[{"taxonomy":"category","embeddable":true,"href":"https:\/\/osmiss.org.ar\/news2\/wp-json\/wp\/v2\/categories?post=531"},{"taxonomy":"post_tag","embeddable":true,"href":"https:\/\/osmiss.org.ar\/news2\/wp-json\/wp\/v2\/tags?post=531"}],"curies":[{"name":"wp","href":"https:\/\/api.w.org\/{rel}","templated":true}]}}