{"id":533,"date":"2009-06-02T16:34:49","date_gmt":"2009-06-02T19:34:49","guid":{"rendered":"http:\/\/www.osmiss.com.ar\/news\/?p=533"},"modified":"2009-06-02T16:34:49","modified_gmt":"2009-06-02T19:34:49","slug":"bronquiolitis","status":"publish","type":"post","link":"https:\/\/osmiss.org.ar\/news2\/2009\/06\/02\/bronquiolitis\/","title":{"rendered":"\u00bfQu\u00e9 es la Bronquiolitis?"},"content":{"rendered":"<p>La Bronquiolitis es una infecci\u00f3n respiratoria aguda viral, que ocasiona inflamaci\u00f3n de la v\u00eda a\u00e9rea inferior.<\/p>\n<p>Afecta a ni\u00f1os peque\u00f1os, generalmente menores de dos a\u00f1os. Puede ser de mayor gravedad en los menores de tres meses, en desnutridos, ni\u00f1os que nacieron con bajo peso o que fueron prematuros o que padecen cardiopat\u00edas cong\u00e9nitas.<\/p>\n<p>El cuadro comienza con congesti\u00f3n de la nariz, tos, a veces fiebre, presentando luego dificultad respiratoria que puede manifestarse por respiraci\u00f3n r\u00e1pida (taquipnea), tiraje (se marcan las costillas al inspirar) y broncoespasmo con silbidos de pecho (sibilancias). Pueden observarse momentos sin respiraci\u00f3n (apneas) en lactantes menores de un mes.<\/p>\n<p>La bronquiolitis var\u00eda en su severidad, desde cuadros leves con tos y sibilancias aisladas hasta dificultad respiratoria progresiva que puede requerir ox\u00edgeno o internaci\u00f3n.<\/p>\n<p>Habitualmente la bronquiolitis no requiere antibi\u00f3ticos y su evoluci\u00f3n suele ser favorable.<\/p>\n<h6><a href=\"http:\/\/www.osmiss.com.ar\/news\/index.php\/2009\/06\/01\/infecciones-respiratorias-agudas-ira\/\">Leer m\u00e1s\u00a0Infecciones Respiratorias Agudas (IRA)<\/a><\/h6>\n","protected":false},"excerpt":{"rendered":"<p>La Bronquiolitis es una infecci\u00f3n respiratoria aguda viral, que ocasiona inflamaci\u00f3n de la v\u00eda a\u00e9rea inferior. Afecta a ni\u00f1os peque\u00f1os, generalmente menores de dos a\u00f1os. Puede ser de mayor gravedad en los menores de tres &hellip; <\/p>\n","protected":false},"author":1,"featured_media":0,"comment_status":"closed","ping_status":"closed","sticky":false,"template":"","format":"standard","meta":{"om_disable_all_campaigns":false,"_monsterinsights_skip_tracking":false,"_uf_show_specific_survey":0,"_uf_disable_surveys":false,"footnotes":""},"categories":[26],"tags":[35,43,44,83,87,100,114,8,139],"class_list":["post-533","post","type-post","status-publish","format-standard","hentry","category-promociondelasalud","tag-antigripal","tag-bronquiolitis","tag-bronquitis","tag-gripe","tag-infeccion","tag-neumonia","tag-promocion-y-prevencion","tag-vacunacion","tag-viral","grid-sizer"],"aioseo_notices":[],"_links":{"self":[{"href":"https:\/\/osmiss.org.ar\/news2\/wp-json\/wp\/v2\/posts\/533","targetHints":{"allow":["GET"]}}],"collection":[{"href":"https:\/\/osmiss.org.ar\/news2\/wp-json\/wp\/v2\/posts"}],"about":[{"href":"https:\/\/osmiss.org.ar\/news2\/wp-json\/wp\/v2\/types\/post"}],"author":[{"embeddable":true,"href":"https:\/\/osmiss.org.ar\/news2\/wp-json\/wp\/v2\/users\/1"}],"replies":[{"embeddable":true,"href":"https:\/\/osmiss.org.ar\/news2\/wp-json\/wp\/v2\/comments?post=533"}],"version-history":[{"count":0,"href":"https:\/\/osmiss.org.ar\/news2\/wp-json\/wp\/v2\/posts\/533\/revisions"}],"wp:attachment":[{"href":"https:\/\/osmiss.org.ar\/news2\/wp-json\/wp\/v2\/media?parent=533"}],"wp:term":[{"taxonomy":"category","embeddable":true,"href":"https:\/\/osmiss.org.ar\/news2\/wp-json\/wp\/v2\/categories?post=533"},{"taxonomy":"post_tag","embeddable":true,"href":"https:\/\/osmiss.org.ar\/news2\/wp-json\/wp\/v2\/tags?post=533"}],"curies":[{"name":"wp","href":"https:\/\/api.w.org\/{rel}","templated":true}]}}