{"id":536,"date":"2009-06-02T16:39:49","date_gmt":"2009-06-02T19:39:49","guid":{"rendered":"http:\/\/www.osmiss.com.ar\/news\/?p=536"},"modified":"2009-06-02T16:39:49","modified_gmt":"2009-06-02T19:39:49","slug":"infecciones-respiratorias-agudas-ira","status":"publish","type":"post","link":"https:\/\/osmiss.org.ar\/news2\/2009\/06\/02\/infecciones-respiratorias-agudas-ira\/","title":{"rendered":"Infecciones Respiratorias Agudas (IRA)"},"content":{"rendered":"<p>Las IRA constituyen un grupo importante de enfermedades causadas tanto por virus como por bacterias. La posibilidad de contraerlas es alta en personas de cualquier edad; pero son muy frecuentes antes de los cinco a\u00f1os de edad y a partir de los 65 a\u00f1os.<\/p>\n<p>Las IRA son la primera causa de consulta ambulatoria, y se ubican entre las primeras cinco causas de hospitalizaci\u00f3n y de mortalidad en la poblaci\u00f3n general de Argentina.<\/p>\n<p>La mayor\u00eda de los episodios de IRA no reviste gravedad y evolucionan favorablemente en pocos d\u00edas. Sin embargo, la enfermedad tipo Influenza (ETI), la neumon\u00eda en personas de cualquier edad (pero principalmente en menores de cinco a\u00f1os y en adultos de 65 a\u00f1os y m\u00e1s) y bronquiolitis en menores de 2 a\u00f1os, pueden ser graves.<\/p>\n<hr \/>\n<h3><strong>Enfermedad Tipo Influenza (ETI):<\/strong><\/h3>\n<p>Enfermedad respiratoria aguda febril (T&gt;38\u00baC) con mialgias y\/o postraci\u00f3n, acompa\u00f1ada de tos, con o sin dolor de garganta, en ausencia de otro diagn\u00f3stico confirmado.<\/p>\n<h6><a href=\"http:\/\/www.osmiss.com.ar\/news\/index.php\/2009\/06\/01\/influenza-o-gripe\/\">Leer m\u00e1s\u00a0<strong>\u00bfQu\u00e9 es la Influenza o Gripe?<\/strong><\/a><\/h6>\n<hr \/>\n<h3><strong>Neumon\u00eda:<\/strong><\/h3>\n<p>Enfermedad respiratoria aguda febril (T&gt;38\u00baC) con tos o dos o m\u00e1s de los siguientes signos: taquipnea, tiraje, disminuci\u00f3n de la entrada de aire, matidez o crepitantes (rales finos al final de la espiraci\u00f3n); con o sin confirmaci\u00f3n radiol\u00f3gica (infiltrado\u00a0 lobar o segmentario, con o sin derrame pleural).<\/p>\n<h6><a href=\"http:\/\/www.osmiss.com.ar\/news\/index.php\/2009\/06\/01\/neumonia-2\/\">Leer m\u00e1s\u00a0<strong>\u00bfQu\u00e9 es la Neumon\u00eda?<\/strong><\/a><\/h6>\n<hr \/>\n<h3><strong>Bronquiolitis\u00a0<\/strong>(en menores de 2 a\u00f1os):<\/h3>\n<p>Enfermedad respiratoria aguda con s\u00edntomas de obstrucci\u00f3n bronquial perif\u00e9rica (uno o m\u00e1s de los siguientes signos: espiraci\u00f3n prolongada, sibilancias, taquipnea, tiraje), con o sin fiebre; con o sin confirmaci\u00f3n de laboratorio por aislamiento viral, detecci\u00f3n de ant\u00edgenos en secreci\u00f3n naso-far\u00edngea o conversi\u00f3n serol\u00f3gica.<\/p>\n<h6><a href=\"http:\/\/www.osmiss.com.ar\/news\/index.php\/2009\/06\/01\/bronquiolitis\/\">Leer m\u00e1s<strong>\u00a0\u00bfQu\u00e9 es la Bronquiolitis?<\/strong><\/a><\/h6>\n","protected":false},"excerpt":{"rendered":"<p>Las IRA constituyen un grupo importante de enfermedades causadas tanto por virus como por bacterias. La posibilidad de contraerlas es alta en personas de cualquier edad; pero son muy frecuentes antes de los cinco a\u00f1os &hellip; <\/p>\n","protected":false},"author":1,"featured_media":0,"comment_status":"closed","ping_status":"closed","sticky":false,"template":"","format":"standard","meta":{"om_disable_all_campaigns":false,"_monsterinsights_skip_tracking":false,"_uf_show_specific_survey":0,"_uf_disable_surveys":false,"footnotes":""},"categories":[26],"tags":[30,89,116],"class_list":["post-536","post","type-post","status-publish","format-standard","hentry","category-promociondelasalud","tag-agudas","tag-infecciones","tag-respiratorias","grid-sizer"],"aioseo_notices":[],"_links":{"self":[{"href":"https:\/\/osmiss.org.ar\/news2\/wp-json\/wp\/v2\/posts\/536","targetHints":{"allow":["GET"]}}],"collection":[{"href":"https:\/\/osmiss.org.ar\/news2\/wp-json\/wp\/v2\/posts"}],"about":[{"href":"https:\/\/osmiss.org.ar\/news2\/wp-json\/wp\/v2\/types\/post"}],"author":[{"embeddable":true,"href":"https:\/\/osmiss.org.ar\/news2\/wp-json\/wp\/v2\/users\/1"}],"replies":[{"embeddable":true,"href":"https:\/\/osmiss.org.ar\/news2\/wp-json\/wp\/v2\/comments?post=536"}],"version-history":[{"count":0,"href":"https:\/\/osmiss.org.ar\/news2\/wp-json\/wp\/v2\/posts\/536\/revisions"}],"wp:attachment":[{"href":"https:\/\/osmiss.org.ar\/news2\/wp-json\/wp\/v2\/media?parent=536"}],"wp:term":[{"taxonomy":"category","embeddable":true,"href":"https:\/\/osmiss.org.ar\/news2\/wp-json\/wp\/v2\/categories?post=536"},{"taxonomy":"post_tag","embeddable":true,"href":"https:\/\/osmiss.org.ar\/news2\/wp-json\/wp\/v2\/tags?post=536"}],"curies":[{"name":"wp","href":"https:\/\/api.w.org\/{rel}","templated":true}]}}