{"id":547,"date":"2009-06-02T17:17:59","date_gmt":"2009-06-02T20:17:59","guid":{"rendered":"http:\/\/www.osmiss.com.ar\/news\/?p=547"},"modified":"2022-03-31T12:01:34","modified_gmt":"2022-03-31T15:01:34","slug":"informe-referencial-sobre-las-infecciones-respiratorias-agudas-y-agudas-graves","status":"publish","type":"post","link":"https:\/\/osmiss.org.ar\/news2\/2009\/06\/02\/informe-referencial-sobre-las-infecciones-respiratorias-agudas-y-agudas-graves\/","title":{"rendered":"Informe referencial sobre las infecciones respiratorias agudas y agudas graves."},"content":{"rendered":"<p>Nos ha parecido importante, publicar las siguientes notas sobre los procesos infecciosos que preocupan a toda la poblaci\u00f3n en estos d\u00edas, basada en la informaci\u00f3n relevada en el Ministerio de Salud de la Naci\u00f3n.<\/p>\n<p>Los puntos 1 y 2 contienen abundantes conceptos t\u00e9cnicos, pero se decidi\u00f3 mantenerlos para fundamentar mejor las explicaciones que siguen a los mismos.<\/p>\n<hr \/>\n<ol>\n<li><strong>Infecciones Respiratorias Agudas (IRA)<br \/>\n<\/strong><a href=\"http:\/\/www.osmiss.com.ar\/news\/index.php\/2009\/06\/01\/infecciones-respiratorias-agudas-ira\/\">Seguir leyendo sobre IRA<\/a><strong><br \/>\n<\/strong><\/li>\n<li><strong>Infecciones Respiratorias Agudas Graves (IRAG)<br \/>\n<\/strong><a href=\"http:\/\/www.osmiss.com.ar\/news\/index.php\/2009\/06\/01\/infecciones-respiratorias-agudas-graves-irag\/\">Seguir leyendo sobre IRAG<\/a><\/li>\n<\/ol>\n<hr \/>\n<p><strong>\u00bfQu\u00e9 es la Influenza o Gripe?<\/strong><\/p>\n<h6><a href=\"http:\/\/www.osmiss.com.ar\/news\/index.php\/2009\/06\/01\/influenza-o-gripe\/\">Leer nota sobre\u00a0\u00a0<strong>\u00bfQu\u00e9 es la Influenza o Gripe?<\/strong><\/a><\/h6>\n<hr \/>\n<p><strong>\u00bfQu\u00e9 es la Neumon\u00eda?<\/strong><\/p>\n<h6><a href=\"http:\/\/www.osmiss.com.ar\/news\/index.php\/2009\/06\/01\/neumonia-2\/\">Leer nota sobre\u00a0<strong>\u00bfQu\u00e9 es la Neumon\u00eda?<\/strong><\/a><\/h6>\n<hr \/>\n<p><strong>\u00bfQu\u00e9 es la Bronquiolitis?<\/strong><\/p>\n<h6><a href=\"http:\/\/www.osmiss.com.ar\/news\/index.php\/2009\/06\/01\/bronquiolitis\/\">Leer nota sobre\u00a0<strong>\u00bfQu\u00e9 es la Bronquiolitis?<\/strong><\/a><\/h6>\n<hr \/>\n<p><a href=\"http:\/\/www.osmiss.com.ar\/news\/index.php\/2009\/06\/01\/infecciones-respiratorias-agudas-graves-irag\/\"><strong>\u00bfC\u00f3mo se contagian las infecciones respiratorias agudas?<\/strong><\/a><br \/>\n<a href=\"http:\/\/www.osmiss.com.ar\/news\/index.php\/2009\/06\/01\/infecciones-respiratorias-agudas-graves-irag\/\"><strong>\u00bfQu\u00e9 se debe hacer frente a una infecci\u00f3n respiratoria aguda?<br \/>\n<\/strong><strong>\u00bfQu\u00e9 se puede hacer para prevenir las infecciones respiratorias?<\/strong><\/a><\/p>\n<hr \/>\n<p><a href=\"http:\/\/www.osmiss.com.ar\/news\/index.php\/2009\/07\/01\/alerta-influenza-a-influenza-a-h1n1-cepa-porcina\/\"><strong>Alerta para Vigilancia y Respuesta ante el aumento de casos de Gripe producida por una nueva cepa de virus Influenza A (Influenza A H1N1, cepa porcina).<\/strong><\/a><\/p>\n<p><strong><em><u>Referencia:<\/u><\/em><\/strong><em> Informe realizado sobre la base de informaci\u00f3n relevada en el Ministerio de Salud de la Naci\u00f3n.<\/em><\/p>\n","protected":false},"excerpt":{"rendered":"<p>Nos ha parecido importante, publicar las siguientes notas sobre los procesos infecciosos que preocupan a toda la poblaci\u00f3n en estos d\u00edas, basada en la informaci\u00f3n relevada en el Ministerio de Salud de la Naci\u00f3n. Los &hellip; <\/p>\n","protected":false},"author":2,"featured_media":795,"comment_status":"closed","ping_status":"closed","sticky":false,"template":"","format":"standard","meta":{"om_disable_all_campaigns":false,"_monsterinsights_skip_tracking":false,"_uf_show_specific_survey":0,"_uf_disable_surveys":false,"footnotes":""},"categories":[22,26],"tags":[],"class_list":["post-547","post","type-post","status-publish","format-standard","has-post-thumbnail","hentry","category-editoriales","category-promociondelasalud","grid-sizer"],"aioseo_notices":[],"_links":{"self":[{"href":"https:\/\/osmiss.org.ar\/news2\/wp-json\/wp\/v2\/posts\/547","targetHints":{"allow":["GET"]}}],"collection":[{"href":"https:\/\/osmiss.org.ar\/news2\/wp-json\/wp\/v2\/posts"}],"about":[{"href":"https:\/\/osmiss.org.ar\/news2\/wp-json\/wp\/v2\/types\/post"}],"author":[{"embeddable":true,"href":"https:\/\/osmiss.org.ar\/news2\/wp-json\/wp\/v2\/users\/2"}],"replies":[{"embeddable":true,"href":"https:\/\/osmiss.org.ar\/news2\/wp-json\/wp\/v2\/comments?post=547"}],"version-history":[{"count":1,"href":"https:\/\/osmiss.org.ar\/news2\/wp-json\/wp\/v2\/posts\/547\/revisions"}],"predecessor-version":[{"id":800,"href":"https:\/\/osmiss.org.ar\/news2\/wp-json\/wp\/v2\/posts\/547\/revisions\/800"}],"wp:featuredmedia":[{"embeddable":true,"href":"https:\/\/osmiss.org.ar\/news2\/wp-json\/wp\/v2\/media\/795"}],"wp:attachment":[{"href":"https:\/\/osmiss.org.ar\/news2\/wp-json\/wp\/v2\/media?parent=547"}],"wp:term":[{"taxonomy":"category","embeddable":true,"href":"https:\/\/osmiss.org.ar\/news2\/wp-json\/wp\/v2\/categories?post=547"},{"taxonomy":"post_tag","embeddable":true,"href":"https:\/\/osmiss.org.ar\/news2\/wp-json\/wp\/v2\/tags?post=547"}],"curies":[{"name":"wp","href":"https:\/\/api.w.org\/{rel}","templated":true}]}}