{"id":56,"date":"2013-09-01T10:00:43","date_gmt":"2013-09-01T13:00:43","guid":{"rendered":"http:\/\/www.osmiss.com.ar\/news\/?p=56"},"modified":"2022-03-31T14:55:01","modified_gmt":"2022-03-31T17:55:01","slug":"algunas-reflexiones-sobre-la-administracion-de-la-salud","status":"publish","type":"post","link":"https:\/\/osmiss.org.ar\/news2\/2013\/09\/01\/algunas-reflexiones-sobre-la-administracion-de-la-salud\/","title":{"rendered":"Algunas reflexiones sobre la administraci\u00f3n de la salud"},"content":{"rendered":"<p>En el momento actual, podemos se\u00f1alar que las principales estructuras para la atenci\u00f3n de la salud que incluyen a la mayor\u00eda de las prestadoras son: las Obras Sociales, las Instituciones de Medicina Prepaga y el Sistema de Salud Estatal.<\/p>\n<p>Las primeras dan prevalencia al sentido solidario de la atenci\u00f3n, normalmente independiente del monto del aporte mediante un plan m\u00e9dico obligatorio (P.M.O.).<\/p>\n<p class=\"web2\" align=\"justify\">\u00a0\u00a0\u00a0\u00a0 En cuanto a las segundas se maneja contractualmente con diversos planes que contienen diferentes niveles de prestaci\u00f3n, a\u00fan cuando deben referenciarse como m\u00ednimo al P.M.O.. Aqu\u00ed, las instituciones solamente est\u00e1n comprometidas a otorgar los servicios convenidos en la oportunidad que se requieran.<\/p>\n<p>\u00a0\u00a0\u00a0\u00a0 Los usuarios acceden a la cobertura elegida de acuerdo a los aportes realizados, no teniendo en cuenta el concepto de solidaridad que le es imputable a las Obras Sociales.<\/p>\n<p>El Estado (nacional, provincial y\/o municipal) utiliza el concepto de atenci\u00f3n m\u00e9dica gratuita y dedica la asignaci\u00f3n de recursos p\u00fablicos al cuidado de la salud, distribuyendo el costo de los servicios entre los contribuyentes. Tambi\u00e9n, frente a las necesidades financieras derivadas de los crecientes costos de atenci\u00f3n de la salud se formalizo el cobro por parte de hospitales p\u00fablicos de los servicios brindados a los afiliados de las Obras Sociales y Prepagas.<\/p>\n<p>La necesidad de homogeneizar el sistema y de respetar el criterio de libre elecci\u00f3n y de una medicina solidaria marca la necesidad de impulsar en el \u00e1mbito de la salud la implementaci\u00f3n de dos acciones relevantes en la atenci\u00f3n de los beneficiarios del sistema:<\/p>\n<ol>\n<li>La vigencia del Plan M\u00e9dico Obligatorio (PMO), a trav\u00e9s del cual se iguala la atenci\u00f3n de los servicios obligatoriamente en todas las Instituciones de Atenci\u00f3n M\u00e9dica (IAM) y el Hospital P\u00fablico.<\/li>\n<li>La desregulaci\u00f3n, donde se contempla la libertad de elecci\u00f3n de la instituci\u00f3n m\u00e9dico-social.<\/li>\n<\/ol>\n<p>La implementaci\u00f3n de estas dos acciones a conducido a concretar relativas mejoras en la calidad de los servicios y en la satisfacci\u00f3n de los usuarios, ello en un marco estrat\u00e9gico por dem\u00e1s complicado por:<\/p>\n<ol>\n<li>En relaci\u00f3n con la demanda de servicios:<br \/>\ni. Una poblaci\u00f3n usuaria en crecimiento, con un alto proceso de urbanizaci\u00f3n y envejecimiento.<br \/>\nii. Un aumento acelerado de la degradaci\u00f3n de grupos sociales derivados de la desocupaci\u00f3n, marginaci\u00f3n y pauperismo.<br \/>\niii. Modificaci\u00f3n de los perfiles patol\u00f3gicos (drogadicci\u00f3n, enfermedades de transmisi\u00f3n sexual, accidentes, psiqui\u00e1tricas, etc.).<\/li>\n<li>En relaci\u00f3n con la oferta de servicios:<br \/>\ni. Urgencias en producir una mejora en la gesti\u00f3n del \u00e1rea de atenci\u00f3n de la salud.<br \/>\nii. Oferta diversificada que se presta a una poblaci\u00f3n postergada por el alto costo de la salud, con alta urbanizaci\u00f3n y envejecida.<br \/>\niii. Incremento en el costo de las prestaciones por la presi\u00f3n de los avances tecnol\u00f3gicos de complejidad creciente y de los costos fijos de ordenamiento institucional.<br \/>\niv. Aumento de los costos de formaci\u00f3n de personal, entrenamiento permanente y lucro cesante que ocasiona la adaptaci\u00f3n de nuevas tecnolog\u00edas.<br \/>\nv. Falta de una adecuada interrelaci\u00f3n entre instituciones p\u00fablicas, semi-p\u00fablicas y privadas.<\/li>\n<\/ol>\n<p>A\u00fan cuando solo pueden valorarse estas reflexiones realizadas como un elemento referencial de la situaci\u00f3n del sector en la problem\u00e1tica de la administraci\u00f3n de nuestra Obra Social nos permite visualizar la intensa labor a desarrollar para orientar las acciones con criterio social, para considerar a la salud como una actividad unitaria, es decir, que todas las actividades sanitarias apunten hacia una misma meta social: la prevenci\u00f3n de la enfermedad y el fomento y restauraci\u00f3n de la salud.<\/p>\n<hr \/>\n<p><img loading=\"lazy\" decoding=\"async\" class=\"alignnone wp-image-279 size-full\" title=\"Ing. N\u00e9stor E. Fern\u00e1ndez Presidente de OSMISS\" src=\"https:\/\/osmiss.org.ar\/news2\/wp-content\/uploads\/2018\/05\/fotopresidencia.jpg\" alt=\"Imagen del Ing. N\u00e9stor E. Fern\u00e1ndez\" width=\"150\" height=\"150\" srcset=\"https:\/\/osmiss.org.ar\/news2\/wp-content\/uploads\/2018\/05\/fotopresidencia.jpg 150w, https:\/\/osmiss.org.ar\/news2\/wp-content\/uploads\/2018\/05\/fotopresidencia-60x60.jpg 60w\" sizes=\"auto, (max-width: 150px) 100vw, 150px\" \/><\/p>\n<p class=\"web\" align=\"justify\"><em><strong>Ing. N\u00e9stor E. Fern\u00e1ndez<\/strong><\/em><br \/>\n<em><strong>Presidente<\/strong><\/em><\/p>\n","protected":false},"excerpt":{"rendered":"<p>En el momento actual, podemos se\u00f1alar que las principales estructuras para la atenci\u00f3n de la salud que incluyen a la mayor\u00eda de las prestadoras son: las Obras Sociales, las Instituciones de Medicina Prepaga y el &hellip; <\/p>\n","protected":false},"author":2,"featured_media":769,"comment_status":"closed","ping_status":"open","sticky":false,"template":"","format":"standard","meta":{"om_disable_all_campaigns":false,"_monsterinsights_skip_tracking":false,"_uf_show_specific_survey":0,"_uf_disable_surveys":false,"footnotes":""},"categories":[22],"tags":[],"class_list":["post-56","post","type-post","status-publish","format-standard","has-post-thumbnail","hentry","category-editoriales","grid-sizer"],"aioseo_notices":[],"_links":{"self":[{"href":"https:\/\/osmiss.org.ar\/news2\/wp-json\/wp\/v2\/posts\/56","targetHints":{"allow":["GET"]}}],"collection":[{"href":"https:\/\/osmiss.org.ar\/news2\/wp-json\/wp\/v2\/posts"}],"about":[{"href":"https:\/\/osmiss.org.ar\/news2\/wp-json\/wp\/v2\/types\/post"}],"author":[{"embeddable":true,"href":"https:\/\/osmiss.org.ar\/news2\/wp-json\/wp\/v2\/users\/2"}],"replies":[{"embeddable":true,"href":"https:\/\/osmiss.org.ar\/news2\/wp-json\/wp\/v2\/comments?post=56"}],"version-history":[{"count":2,"href":"https:\/\/osmiss.org.ar\/news2\/wp-json\/wp\/v2\/posts\/56\/revisions"}],"predecessor-version":[{"id":844,"href":"https:\/\/osmiss.org.ar\/news2\/wp-json\/wp\/v2\/posts\/56\/revisions\/844"}],"wp:featuredmedia":[{"embeddable":true,"href":"https:\/\/osmiss.org.ar\/news2\/wp-json\/wp\/v2\/media\/769"}],"wp:attachment":[{"href":"https:\/\/osmiss.org.ar\/news2\/wp-json\/wp\/v2\/media?parent=56"}],"wp:term":[{"taxonomy":"category","embeddable":true,"href":"https:\/\/osmiss.org.ar\/news2\/wp-json\/wp\/v2\/categories?post=56"},{"taxonomy":"post_tag","embeddable":true,"href":"https:\/\/osmiss.org.ar\/news2\/wp-json\/wp\/v2\/tags?post=56"}],"curies":[{"name":"wp","href":"https:\/\/api.w.org\/{rel}","templated":true}]}}