{"id":628,"date":"2018-12-14T13:19:11","date_gmt":"2018-12-14T16:19:11","guid":{"rendered":"http:\/\/www.osmiss.com.ar\/news\/?p=628"},"modified":"2022-04-01T16:40:17","modified_gmt":"2022-04-01T19:40:17","slug":"participacion-del-fipem-osmiss-en-onu","status":"publish","type":"post","link":"https:\/\/osmiss.org.ar\/news2\/2018\/12\/14\/participacion-del-fipem-osmiss-en-onu\/","title":{"rendered":"Participaci\u00f3n del OSMISS-FIPeM en ONU"},"content":{"rendered":"<h3><span style=\"color: #00ccff;\">Participaci\u00f3n del FIPeM-OSMISS en ONU<\/span><\/h3>\n<p>La Conferencia DPI \/ ONG de la ONU es el principal evento en el calendario de ONG en las Naciones Unidas. Por lo general, atrae a unos 2.000 representantes de m\u00e1s de 300 organizaciones no gubernamentales que representan a m\u00e1s de 80 pa\u00edses. Cada conferencia se centra en un tema diferente de inter\u00e9s de las Naciones Unidas relacionado con el trabajo de la sociedad civil y las ONG. Este foro internacional tambi\u00e9n re\u00fane a altos funcionarios del sistema de las Naciones Unidas, importantes ONGs internacionales, acad\u00e9micos, formadores de opini\u00f3n p\u00fablica y med\u00edos de comunicaci\u00f3n internacionales para debatir cuestiones de inter\u00e9s mundial. Como prop\u00f3sito y participaci\u00f3n La Conferencia ofrece a las ONGs la oportunidad de poner una perspectiva global sobre un terna espec\u00edfico. En los \u00faltimos a\u00f1os, la atenci\u00f3n se ha centrado en el cambio clim\u00e1tico, los derechos humanos, el desarme, la salud mundial, la sostenibilidad y el voluntariado. Esta importante reuni\u00f3n es tambi\u00e9n una oportunidad \u00fanica para que las ONGs establezcan redes y compartan las mejores pr\u00e1cticas a nivel internacional. La participaci\u00f3n en la Conferencia DPI \/ ONG de la ONU est\u00e1 abierta a representantes de ONGs asociadas con DPI y \/ o en estado consultivo con ECOSOC. Las ONGs no incluidas en estos grupos tambi\u00e9n pueden inscribirse en la Conferencia; sin embargo, requieren el respaldo de una entidad de las Naciones Unidas que est\u00e9 familiarizada con su trabajo y puedan proporcionar comentarios sobre su elegibilidad. La Conferencia DPI \/ ONG de la ONU explora formas y medios para fortalecer la colaboraci\u00f3n entre las comunidades locales y las instituciones globales. La reuni\u00f3n de tres d\u00edas de ONGs est\u00e1 organizada por el Departamento de Informaci\u00f3n P\u00fablica (DPI) en cooperaci\u00f3n con el Comit\u00e9 Ejecutivo ONG \/ DPI y la participaci\u00f3n de sus ONGs asociadas y ONGs que tienen estatus consultivo ante el Consejo Econ\u00f3mico y Social de las Naciones Unidas. Si se celebra fuera de la Sede de las Naciones Unidas en Nueva York, el Departamento de Informaci\u00f3n P\u00fablica se pone en contacto con las autoridades pertinentes del pa\u00eds anfitri\u00f3n, a nivel local y nacional.<\/p>\n<p>La Conferencia apunta a construir sobre lo que ya se ha logrado mediante una mayor participaci\u00f3n de ONG y la sociedad civil en muchos de los debates que tienen lugar en las Naciones Unidas, incluidas las audiencias interactivas informales del Presidente de la Asamblea General con ONG, representantes de la sociedad civil y el sector privado. Se pide a los oradores en la Conferencia que ilustren su trabajo sobre el terreno con ejemplos reales de asociaciones eficaces para lograr la agenda de las Naciones Unidas, incluidos los Objetivos de Desarrollo Sostenible (ODS). Para garantizar el intercambio m\u00e1s amplio posible de puntos de vista y experiencias, se invita a todas las delegaciones de las ONG a designar representantes juveniles menores de 32 a\u00f1os.<\/p>\n<p>Como la reuni\u00f3n m\u00e1s grande para las ONG que tiene lugar en las Naciones Unidas, la Conferencia se ha convertido en un foro establecido para la creaci\u00f3n de redes y el intercambio de puntos de vista, opiniones, experiencia y mejores pr\u00e1cticas sobre temas relevantes. Adem\u00e1s de esto, en los \u00faltimos tiempos se ha movido hacia la creaci\u00f3n de asociaciones estrat\u00e9gicas invitando a los representantes de los Estados Miembros a entablar di\u00e1logos con los participantes de la Conferencia. La Conferencia tiene como objetivo proporcionar un foro de creaci\u00f3n de pol\u00edticas para la colaboraci\u00f3n de las ONG con las Naciones Unidas.<\/p>\n<p>Es en este contexto que el FIPeM impulsado por OSMISS y en un marco de colaboraci\u00f3n con ANU-AR propone instalar la discusi\u00f3n sobre la reformulaci\u00f3n cultural debe darse en el seno de la sociedad que tiene la suerte de confrontar el desaf\u00edo que nos presenta por primera vez el envejecimiento poblacional mundial.<\/p>\n<p>Esto solo es posible con la articulaci\u00f3n de los lazos de cooperaci\u00f3n rec\u00edproca entre los Estados y las ONGs, mediante la realizaci\u00f3n de actividades en conjunto, por las cuales se persigan la satisfacci\u00f3n de los derechos reconocidos a las personas mayores y en particular los de mayor vulnerabilidad.<\/p>\n<p>Desde OSMISS-FIPeM se propone igual dignidad en todo el curso de vida La \u00abdignidad\u00bb es una palabra clave que ha caracterizado el proceso de recuperaci\u00f3n en humanidad.<\/p>\n<p>Nuestra historia reciente se distingue por la indudable centralidad de la promoci\u00f3n de la dignidad humana contra las m\u00faltiples violencias y discriminaciones, que no han faltado, a lo largo de los siglos.<\/p>\n<p>Hoy, la promoci\u00f3n de los derechos humanos desempe\u00f1a un papel central en el compromiso de quienes fundaron el OSMISS-FIPeM, con el fin de favorecer la dignidad de la persona en todo el curso de vida.<\/p>\n<p>Persisten aun demasiadas situaciones en las que los seres humanos son tratados como objetos, a los cuales se puede programar la concepci\u00f3n, la configuraci\u00f3n y la utilidad, y que despu\u00e9s pueden ser desechados cuando ya no sirven, por considerarlos d\u00e9biles, enfermos o tan solo viejos.<\/p>\n<p>Promover la dignidad de la persona significa reconocer que posee derechos inalienables, de los cuales no puede ser privada arbitrariamente por nadie y, menos a\u00fan, en beneficio de intereses econ\u00f3micos.<\/p>\n<p>As\u00ed, hablar de la dignidad trascendente del hombre, significa sobre todo mirar al hombre no como un absoluto, sino como un ser relacional. Una de las enfermedades que est\u00e1n m\u00e1s extendidas: la soledad.<\/p>\n<p>Es necesario entrelazar relaciones, construir v\u00ednculos, construir en la diversidad y en el convencimiento pleno que la vida merece ser vivida dignamente en todo su curso vital.<\/p>\n<p>Para comenzar el cambio de paradigma el FIPeM, con la asistencia de OSMISS, trazo un plan de acci\u00f3n que aborda la promoci\u00f3n de los derechos, la capacitaci\u00f3n, el mejoramiento de la accesibilidad que permite la integraci\u00f3n, el fomento de la accesibilidad intergeneracional y el empoderamientos de las personas mayores, estrategia sostenida en el \u00e1mbito internacional.<\/p>\n<p>Los cursos de acci\u00f3n promovidos por OSMISS-FIPeM incluye acciones desarrolladas en \u00e1mbitos relacionados con:<\/p>\n<h4><span style=\"color: #00ccff;\"><strong>Prevenci\u00f3n<\/strong><\/span><\/h4>\n<ul>\n<li>Asistencia primaria de las personas mayores.<\/li>\n<li>Protecci\u00f3n de los derechos de las personas mayores Accesibilidad Integral.<\/li>\n<\/ul>\n<h4><span style=\"color: #00ccff;\"><strong>Protagonismo<\/strong><\/span><\/h4>\n<ul>\n<li>Inclusi\u00f3n Social para las personas mayores<\/li>\n<li>Capacitaci\u00f3n y log\u00edstica en nuevas tecnolog\u00edas<\/li>\n<li>Formaci\u00f3n para la inclusi\u00f3n de las personas mayores.<\/li>\n<li>Relaciones interinstitucionales<\/li>\n<\/ul>\n<p><strong>&nbsp;<\/strong><\/p>\n<h4><span style=\"color: #00ccff;\"><strong>Promoci\u00f3n<\/strong><\/span><\/h4>\n<ul>\n<li>Dependencia y Asistencia integral<\/li>\n<li>Hogares de residencia permanente. (REPAM)<\/li>\n<li>Servicios y sistemas alternativos a la institucionalizaci\u00f3n (Atenci\u00f3n progresiva)<\/li>\n<\/ul>\n<h4><span style=\"color: #00ccff;\"><strong>Inclusi\u00f3n<\/strong><\/span><\/h4>\n<ul>\n<li>Monitoreo y planificaci\u00f3n estrat\u00e9gica<\/li>\n<li>Gesti\u00f3n y planificaci\u00f3n<\/li>\n<li>Observatorio de pol\u00edticas p\u00fablicas<\/li>\n<li>Dichos programas ser\u00e1n sostenidos por la acci\u00f3n concurrente del OSMISS y FIPeM para su aplicaci\u00f3n en Argentina y en el \u00e1mbito internacional.<\/li>\n<\/ul>\n<hr>\n<pre>&nbsp;<\/pre>\n\n\n<div class=\"wp-block-columns is-layout-flex wp-container-core-columns-is-layout-8f761849 wp-block-columns-is-layout-flex\">\n<div class=\"wp-block-column is-layout-flow wp-block-column-is-layout-flow\">\n<figure class=\"wp-block-image size-full\"><img loading=\"lazy\" decoding=\"async\" width=\"150\" height=\"150\" src=\"https:\/\/osmiss.org.ar\/news2\/wp-content\/uploads\/2018\/05\/fotopresidencia2.jpg\" alt=\"N\u00e9stor E. Fern\u00e1ndez\" class=\"wp-image-310\" srcset=\"https:\/\/osmiss.org.ar\/news2\/wp-content\/uploads\/2018\/05\/fotopresidencia2.jpg 150w, https:\/\/osmiss.org.ar\/news2\/wp-content\/uploads\/2018\/05\/fotopresidencia2-60x60.jpg 60w\" sizes=\"auto, (max-width: 150px) 100vw, 150px\" \/><\/figure>\n\n\n\n<p class=\"wp-block-paragraph\"><em><strong>Ing. N\u00e9stor E. Fern\u00e1ndez &#8211; Presidente de OSMISS<\/strong><\/em><\/p>\n<\/div>\n\n\n\n<div class=\"wp-block-column is-layout-flow wp-block-column-is-layout-flow\">\n<figure class=\"wp-block-image size-full\"><img loading=\"lazy\" decoding=\"async\" width=\"150\" height=\"150\" src=\"https:\/\/osmiss.org.ar\/news2\/wp-content\/uploads\/2022\/04\/fotoquici.jpg\" alt=\"Imagen de Lic. Luis Quici\" class=\"wp-image-883\" srcset=\"https:\/\/osmiss.org.ar\/news2\/wp-content\/uploads\/2022\/04\/fotoquici.jpg 150w, https:\/\/osmiss.org.ar\/news2\/wp-content\/uploads\/2022\/04\/fotoquici-60x60.jpg 60w\" sizes=\"auto, (max-width: 150px) 100vw, 150px\" \/><\/figure>\n\n\n\n<p class=\"wp-block-paragraph\"><em><strong>Lic. Luis Quici &#8211;&nbsp;Presidente del FIPeM&nbsp;<\/strong><\/em><\/p>\n<\/div>\n\n\n\n<div class=\"wp-block-column is-layout-flow wp-block-column-is-layout-flow\"><\/div>\n<\/div>\n\n\n\n<p class=\"wp-block-paragraph\"><em><strong><br><\/strong><\/em><\/p>\n\n\n\n<hr class=\"wp-block-separator\"\/>\n\n\n\n<pre class=\"wp-block-preformatted\"><em><strong>Referencias:<\/strong><\/em>\n\n<strong>DPI:<\/strong> Departamento de informaci\u00f3n p\u00fablica.\n\n<strong>ONG:<\/strong> Organizaci\u00f3n no Gubernamental\n\n<strong>ONU:<\/strong> Organizaci\u00f3n de Naciones Unidas\n\n<strong>ODS:<\/strong> Desarrollo Sostenible\n\n<strong>OSMISS:<\/strong> <a href=\"http:\/\/www.osmiss.org.ar\/\">Obra Social de Ministros Secretarios y Subsecretarios del PEN<\/a>\n\n<strong>FIPeM:<\/strong> <a href=\"http:\/\/www.fipem.org.ar\/\">Foro interdisciplinario para Personas Mayores<\/a>\n\n<strong>ANU-AR:<\/strong> Asociaci\u00f3n para las Naciones Unidas de Argentina\n\n<strong>REPAM:<\/strong> Residencia para Mayores\n\n<strong>ECOSOC:<\/strong> Consejo econ\u00f3mico y Social de Naciones Unidas.<\/pre>\n","protected":false},"excerpt":{"rendered":"<p>Participaci\u00f3n del FIPeM-OSMISS en ONU La Conferencia DPI \/ ONG de la ONU es el principal evento en el calendario de ONG en las Naciones Unidas. Por lo general, atrae a unos 2.000 representantes de &hellip; <\/p>\n","protected":false},"author":2,"featured_media":900,"comment_status":"closed","ping_status":"closed","sticky":false,"template":"","format":"standard","meta":{"om_disable_all_campaigns":false,"_monsterinsights_skip_tracking":false,"_uf_show_specific_survey":0,"_uf_disable_surveys":false,"footnotes":""},"categories":[22,24],"tags":[],"class_list":["post-628","post","type-post","status-publish","format-standard","has-post-thumbnail","hentry","category-editoriales","category-fipem","grid-sizer"],"aioseo_notices":[],"_links":{"self":[{"href":"https:\/\/osmiss.org.ar\/news2\/wp-json\/wp\/v2\/posts\/628","targetHints":{"allow":["GET"]}}],"collection":[{"href":"https:\/\/osmiss.org.ar\/news2\/wp-json\/wp\/v2\/posts"}],"about":[{"href":"https:\/\/osmiss.org.ar\/news2\/wp-json\/wp\/v2\/types\/post"}],"author":[{"embeddable":true,"href":"https:\/\/osmiss.org.ar\/news2\/wp-json\/wp\/v2\/users\/2"}],"replies":[{"embeddable":true,"href":"https:\/\/osmiss.org.ar\/news2\/wp-json\/wp\/v2\/comments?post=628"}],"version-history":[{"count":7,"href":"https:\/\/osmiss.org.ar\/news2\/wp-json\/wp\/v2\/posts\/628\/revisions"}],"predecessor-version":[{"id":895,"href":"https:\/\/osmiss.org.ar\/news2\/wp-json\/wp\/v2\/posts\/628\/revisions\/895"}],"wp:featuredmedia":[{"embeddable":true,"href":"https:\/\/osmiss.org.ar\/news2\/wp-json\/wp\/v2\/media\/900"}],"wp:attachment":[{"href":"https:\/\/osmiss.org.ar\/news2\/wp-json\/wp\/v2\/media?parent=628"}],"wp:term":[{"taxonomy":"category","embeddable":true,"href":"https:\/\/osmiss.org.ar\/news2\/wp-json\/wp\/v2\/categories?post=628"},{"taxonomy":"post_tag","embeddable":true,"href":"https:\/\/osmiss.org.ar\/news2\/wp-json\/wp\/v2\/tags?post=628"}],"curies":[{"name":"wp","href":"https:\/\/api.w.org\/{rel}","templated":true}]}}