{"id":655,"date":"2012-03-01T16:31:34","date_gmt":"2012-03-01T19:31:34","guid":{"rendered":"http:\/\/www.osmiss.com.ar\/news\/?p=62"},"modified":"2022-03-31T14:57:13","modified_gmt":"2022-03-31T17:57:13","slug":"reflexiones-sobre-el-cuidado-de-la-salud","status":"publish","type":"post","link":"https:\/\/osmiss.org.ar\/news2\/2012\/03\/01\/reflexiones-sobre-el-cuidado-de-la-salud\/","title":{"rendered":"Reflexiones sobre el cuidado de la salud"},"content":{"rendered":"<blockquote><p><strong>\u2026&#8221; Porque cual es su pensamiento en su coraz\u00f3n, tal es \u00e9l&#8221;&#8230; (PROVERBIOS 23:7)<\/strong><\/p><\/blockquote>\n<p class=\"web2\">\u00a0\u00a0\u00a0\u00a0 Nadie que se ocupe, directa o indirectamente, de la salud de los seres humanos puede ser ajeno al concepto de la esencia de la vida y consecuentemente de los hechos que la modifican. Es en el \u00e1mbito de esta alteraci\u00f3n donde las ciencias de la salud estudian los desv\u00edos buscando corregirlos.<\/p>\n<p class=\"web2\">\u00a0\u00a0\u00a0\u00a0 La concepci\u00f3n de la vida humana se nutre en el convencimiento de que una persona es algo m\u00e1s de lo que se puede enunciar de ella en un momento dado; teni\u00e9ndose cabal conciencia que cuando se busca cualquier situaci\u00f3n individual del ser humano, la misma est\u00e1 articulada en un todo de infinita riqueza.<\/p>\n<p class=\"web2\">\u00a0\u00a0\u00a0\u00a0 Se conoce hoy, que en el ser humano existen poderosos impulsos, indeterminados y libres; que en virtud de ellos, la existencia humana tiende a organizarse socialmente como base esencial de la supervivencia; como tambi\u00e9n que dentro de estas formas sociales existe una gran libertad creadora que, generaci\u00f3n tras generaci\u00f3n, examina su forma para conservarla o recrearla a su ciencia o conciencia.<\/p>\n<p class=\"web2\">\u00a0\u00a0\u00a0\u00a0 Esto pone en evidencia que en el ser humano existe un impulso a la libertad y esta condici\u00f3n nos conduce a un atributo natural que es el libre albedr\u00edo, que no parece ser de naturaleza biol\u00f3gica.<\/p>\n<p class=\"web2\">\u00a0\u00a0\u00a0\u00a0 En esta concepci\u00f3n, se presiente y se vive como presente el fundamento misterioso de la vida, que debe aceptarse como la que rige y palpita en cada ser viviente.<\/p>\n<p class=\"web2\">\u00a0\u00a0\u00a0\u00a0 Se concibe as\u00ed que la tarea de investigar la vida y sus expresiones, que aparenta ser una tarea especializada propia de la biolog\u00eda, no alcanza para interpretar la visi\u00f3n global de los seres humanos en el mundo que habitamos.<\/p>\n<p class=\"web2\">\u00a0\u00a0\u00a0\u00a0 En el marco de esta reflexi\u00f3n general debemos reconocer que el estudio y pr\u00e1ctica de la medicina se desarrolla en la b\u00fasqueda de la salud del cuerpo y la psiquis.<\/p>\n<p class=\"web2\">\u00a0\u00a0\u00a0\u00a0 Desde mediados del siglo pasado la ciencia m\u00e9dica ha realizado importantes progresos. Los cirujanos introdujeron su bistur\u00ed en el coraz\u00f3n y en el cerebro, \u00f3rganos considerados hasta entonces inaccesibles e inviolables. Se impuls\u00f3 el trasplante de \u00f3rganos internos y el reemplazo de \u00f3rganos por reproducciones artificiales, a punto de convertirse en cuestiones de pr\u00e1ctica general. Se avanz\u00f3 en la clonaci\u00f3n y el conocimiento del genoma humano, lo que promueve avances m\u00e1s profundos.<\/p>\n<p class=\"web2\">\u00a0\u00a0\u00a0\u00a0 Los procesos de la farmacolog\u00eda han llegado a un punto en que ya no es una ilusi\u00f3n pensar en controlar las funciones de la memoria, del pensamiento, de la voluntad y paliar el dolor mediante drogas.<\/p>\n<p class=\"web2\">\u00a0\u00a0\u00a0\u00a0 Vemos as\u00ed que, mientras se desarrolla la investigaci\u00f3n en las ciencias de la salud con la finalidad de mejorar la vida humana y en la medida que los m\u00e9dicos emplean esos conocimientos, aumenta el inter\u00e9s p\u00fablico por estas actividades. Hoy la medicina bien usada, puede aportar enormes contribuciones a la calidad de vida de las personas.<\/p>\n<p class=\"web2\">\u00a0\u00a0\u00a0\u00a0 La innovaci\u00f3n tecnol\u00f3gica y sus consecuencias dentro de la globalizaci\u00f3n mundial, nos trae una nueva visi\u00f3n del devenir. En el instante en que la sociedad industrial di\u00f3 paso a la sociedad post-industrial, la medicina y su aplicaci\u00f3n a \u201cla atenci\u00f3n de la salud\u201d ingres\u00f3 en un profundo proceso de cambio, acompa\u00f1ando a una renovada interpretaci\u00f3n del ser humano, donde se presienten, se viven y se indagan los comportamientos y manifestaciones de ese ser que constituye el objeto de la ciencia m\u00e9dica.<\/p>\n<p class=\"web2\">\u00a0\u00a0\u00a0\u00a0 En esta conceptualizaci\u00f3n, el hombre estudiado en el contexto de su lucha por la vida, presenta f\u00edsicamente muy pocos elementos materiales que le sirvan aisladamente para enfrentarla, pero tiene en cambio, como espec\u00edfica facultad de su psiquis, la inteligencia creadora e instrumental. Ahora, tambi\u00e9n, si pretendi\u00e9ramos considerar esta inteligencia sin tener en cuenta la singularidad de su organizaci\u00f3n biol\u00f3gica, no ser\u00eda posible explicar ninguno de estos dos modos de la expresi\u00f3n humana (cuerpo y psiquis).<\/p>\n<p class=\"web2\">\u00a0\u00a0\u00a0\u00a0 Es as\u00ed que para el ser humano, el cuerpo y la psiquis son dos formas de expresi\u00f3n distintas de un proceso \u00fanico y, a su vez, son partes de un mismo sistema biol\u00f3gico.<br \/>\nSeg\u00fan Abraham Maslow , hemos llegado al punto de la historia biol\u00f3gica donde somos ya responsables de nuestra propia evoluci\u00f3n.<\/p>\n<hr \/>\n<p><img loading=\"lazy\" decoding=\"async\" class=\"alignnone wp-image-279 size-full\" title=\"Ing. N\u00e9stor E. Fern\u00e1ndez Presidente de OSMISS\" src=\"https:\/\/osmiss.org.ar\/news2\/wp-content\/uploads\/2018\/05\/fotopresidencia.jpg\" alt=\"Imagen del Ing. N\u00e9stor E. Fern\u00e1ndez\" width=\"150\" height=\"150\" srcset=\"https:\/\/osmiss.org.ar\/news2\/wp-content\/uploads\/2018\/05\/fotopresidencia.jpg 150w, https:\/\/osmiss.org.ar\/news2\/wp-content\/uploads\/2018\/05\/fotopresidencia-60x60.jpg 60w\" sizes=\"auto, (max-width: 150px) 100vw, 150px\" \/><\/p>\n<p class=\"web\"><em><strong>Ing. N\u00e9stor E. Fern\u00e1ndez<\/strong><\/em><br \/>\n<em><strong>Presidente<\/strong><\/em><\/p>\n","protected":false},"excerpt":{"rendered":"<p>\u2026&#8221; Porque cual es su pensamiento en su coraz\u00f3n, tal es \u00e9l&#8221;&#8230; (PROVERBIOS 23:7) \u00a0\u00a0\u00a0\u00a0 Nadie que se ocupe, directa o indirectamente, de la salud de los seres humanos puede ser ajeno al concepto de &hellip; <\/p>\n","protected":false},"author":2,"featured_media":781,"comment_status":"closed","ping_status":"open","sticky":false,"template":"","format":"standard","meta":{"om_disable_all_campaigns":false,"_monsterinsights_skip_tracking":false,"_uf_show_specific_survey":0,"_uf_disable_surveys":false,"footnotes":""},"categories":[22],"tags":[],"class_list":["post-655","post","type-post","status-publish","format-standard","has-post-thumbnail","hentry","category-editoriales","grid-sizer"],"aioseo_notices":[],"_links":{"self":[{"href":"https:\/\/osmiss.org.ar\/news2\/wp-json\/wp\/v2\/posts\/655","targetHints":{"allow":["GET"]}}],"collection":[{"href":"https:\/\/osmiss.org.ar\/news2\/wp-json\/wp\/v2\/posts"}],"about":[{"href":"https:\/\/osmiss.org.ar\/news2\/wp-json\/wp\/v2\/types\/post"}],"author":[{"embeddable":true,"href":"https:\/\/osmiss.org.ar\/news2\/wp-json\/wp\/v2\/users\/2"}],"replies":[{"embeddable":true,"href":"https:\/\/osmiss.org.ar\/news2\/wp-json\/wp\/v2\/comments?post=655"}],"version-history":[{"count":2,"href":"https:\/\/osmiss.org.ar\/news2\/wp-json\/wp\/v2\/posts\/655\/revisions"}],"predecessor-version":[{"id":849,"href":"https:\/\/osmiss.org.ar\/news2\/wp-json\/wp\/v2\/posts\/655\/revisions\/849"}],"wp:featuredmedia":[{"embeddable":true,"href":"https:\/\/osmiss.org.ar\/news2\/wp-json\/wp\/v2\/media\/781"}],"wp:attachment":[{"href":"https:\/\/osmiss.org.ar\/news2\/wp-json\/wp\/v2\/media?parent=655"}],"wp:term":[{"taxonomy":"category","embeddable":true,"href":"https:\/\/osmiss.org.ar\/news2\/wp-json\/wp\/v2\/categories?post=655"},{"taxonomy":"post_tag","embeddable":true,"href":"https:\/\/osmiss.org.ar\/news2\/wp-json\/wp\/v2\/tags?post=655"}],"curies":[{"name":"wp","href":"https:\/\/api.w.org\/{rel}","templated":true}]}}