{"id":656,"date":"2011-12-01T16:35:09","date_gmt":"2011-12-01T19:35:09","guid":{"rendered":"http:\/\/www.osmiss.com.ar\/news\/?p=64"},"modified":"2022-03-31T14:57:35","modified_gmt":"2022-03-31T17:57:35","slug":"tratamiento-y-prevencion-de-la-enfermedad","status":"publish","type":"post","link":"https:\/\/osmiss.org.ar\/news2\/2011\/12\/01\/tratamiento-y-prevencion-de-la-enfermedad\/","title":{"rendered":"Tratamiento y prevenci\u00f3n de la enfermedad"},"content":{"rendered":"<p>Est\u00e1 claro que en el pasado la medicina dedic\u00f3 sus esfuerzos a combatir las enfermedades y a su tratamiento. El resultado de ello fue el desarrollo de la medicina curativa y la disminuci\u00f3n de las tasas de mortalidad. Sin embargo la morbilidad permaneci\u00f3 casi sin variantes, con excepci\u00f3n de ciertos campos de la patolog\u00eda como las enfermedades infecciosas, donde hubo preocupaci\u00f3n por su prevenci\u00f3n.<\/p>\n<div align=\"justify\">\n<p>A finales del siglo XIX y comienzos del XX la medicina preventiva se desarroll\u00f3 como resultado del mejor conocimiento de la etiolog\u00eda de las enfermedades. Puede aqu\u00ed citarse las enfermedades ent\u00e9ricas, las que empezaron a disminuir cuando las comunidades comenzaron a potabilizar el agua y eliminar y controlar adecuadamente las excretas.<\/p>\n<p>A pesar de que se ha avanzado, todav\u00eda la morbilidad humana sigue siendo alta y un porcentaje importante de la poblaci\u00f3n sigue padeciendo enfermedades oportunistas. Esto, se debe, en parte, a que no se conoce la forma de evitar todas y cada una de las enfermedades que afectan a la especie humana y, por otro lado, no toda la poblaci\u00f3n tiene la misma accesibilidad.<\/p>\n<p>Desde este punto de vista, parece l\u00f3gica la necesidad adicional de una mayor protecci\u00f3n de los individuos sanos aumentando la resistencia pasiva a la enfermedad o estableciendo como meta la necesidad de aumentar el porcentaje de poblaci\u00f3n que goza de buena salud. Vemos as\u00ed, que se hace evidente y necesario ampliar el conocimiento en el campo de los factores que promueven la salud y aquellos que causan enfermedades, dando sustento a una prevenci\u00f3n espec\u00edfica de la salud.<\/p>\n<p>La medicina actual no solo se ocupa del tratamiento y prevenci\u00f3n de la enfermedad sino que apunta tambi\u00e9n a la promoci\u00f3n de la salud constituyendo esto un avance importante y esperanzador. La prevenci\u00f3n y tratamiento de la enfermedad, con todo lo indispensable que es, constituye una acci\u00f3n pasiva, pues el lado positivo de la salud debe ser su desarrollo. Por ello, hoy, se tiende a investigar cuales son los factores que mantienen y mejoran la salud.<\/p>\n<p>Hoy se acepta que la salud no es la mera ausencia de enfermedad y que entre esta (la enfermedad) y aquella (la salud) hay una variedad de estados intermedios org\u00e1nicos y ps\u00edquicos que nos aproximan o alejan de la posible mejor\u00eda. Sin embargo, en general, no se pasa de un estado a otro en forma evidente, salvo en contadas excepciones (por ejemplo accidentes).<\/p>\n<p>Los factores que promueven la salud o que la perjudican, necesitan actuar durante un determinado tiempo y con cierta intensidad para producir en el organismo la adaptaci\u00f3n o desadaptaci\u00f3n org\u00e1nica o ps\u00edquica que constituyen la salud o la enfermedad. Surge de aqu\u00ed el concepto de promoci\u00f3n de la salud como fundamento de la medicina adem\u00e1s del de curar y prevenir.<\/p>\n<p>La promoci\u00f3n y protecci\u00f3n de la salud, antiguamente denominada medicina preventiva, incluye todas las t\u00e9cnicas m\u00e9dicas para prevenir la enfermedad y fomentar la salud en el individuo como unidad, actuando en diferentes niveles, por ejemplo:<\/p>\n<ul>\n<li>En el ambiente: modificando los factores biol\u00f3gicos adversos.<\/li>\n<li>En el individuo sano: promoviendo la salud.<\/li>\n<li>En el individuo que presente signos precoces de disturbios patol\u00f3gicos: modificando los h\u00e1bitos y costumbres.<\/li>\n<\/ul>\n<p>Los objetivos fundamentales de la promoci\u00f3n y protecci\u00f3n de la salud son:<\/p>\n<ul>\n<li>El estudio de la etiolog\u00eda y la epidemiolog\u00eda de la salud y la enfermedad, analizando los factores que las influencian, para poder formular medidas preventivas espec\u00edficas.<\/li>\n<li>La educaci\u00f3n del individuo y de la familia en los m\u00e9todos de proteger y promover la salud para prevenir la enfermedad. En este sentido, educaci\u00f3n significa ense\u00f1ar la higiene personal, la creaci\u00f3n de h\u00e1bitos protectores de vida, instrucci\u00f3n sobre alimentaci\u00f3n equilibrada, vestimenta, vivienda higi\u00e9nica, etc.<\/li>\n<li>El control m\u00e9dico de la salud del individuo, en diversas etapas de la vida, a trav\u00e9s de ex\u00e1menes peri\u00f3dicos de salud.<\/li>\n<\/ul>\n<p>En el marco de la protecci\u00f3n y promoci\u00f3n de la salud la OSMISS, conjuntamente con la Mutual del C\u00edrculo de Ministros, Secretarios y Subsecretarios, est\u00e1 avanzando en el desarrollo de conferencias y talleres de inter\u00e9s general, tales como:<\/p>\n<ul>\n<li>Actividades f\u00edsicas del adulto mayor.<\/li>\n<li>Gesti\u00f3n de los cuidados para ser incorporados a la vida cotidiana.<\/li>\n<li>Salud del viajero (recomendaciones).<\/li>\n<\/ul>\n<p>A los efectos de la implementaci\u00f3n de acciones tendientes a posibilitar programas de Promoci\u00f3n y Protecci\u00f3n de la Salud, ambas instituciones planean intensificar su accionar dentro de los lineamientos conceptuales se\u00f1alados.<\/p>\n<\/div>\n<hr \/>\n<div align=\"justify\">\n<p><img loading=\"lazy\" decoding=\"async\" class=\"alignnone wp-image-279 size-full\" title=\"Ing. N\u00e9stor E. Fern\u00e1ndez Presidente de OSMISS\" src=\"https:\/\/osmiss.org.ar\/news2\/wp-content\/uploads\/2018\/05\/fotopresidencia.jpg\" alt=\"Imagen del Ing. N\u00e9stor E. Fern\u00e1ndez\" width=\"150\" height=\"150\" srcset=\"https:\/\/osmiss.org.ar\/news2\/wp-content\/uploads\/2018\/05\/fotopresidencia.jpg 150w, https:\/\/osmiss.org.ar\/news2\/wp-content\/uploads\/2018\/05\/fotopresidencia-60x60.jpg 60w\" sizes=\"auto, (max-width: 150px) 100vw, 150px\" \/><\/p>\n<\/div>\n<p class=\"web\" align=\"justify\"><em><strong>Ing. N\u00e9stor E. Fern\u00e1ndez<\/strong><\/em><br \/>\n<em><strong>Presidente<\/strong><\/em><\/p>\n","protected":false},"excerpt":{"rendered":"<p>Est\u00e1 claro que en el pasado la medicina dedic\u00f3 sus esfuerzos a combatir las enfermedades y a su tratamiento. El resultado de ello fue el desarrollo de la medicina curativa y la disminuci\u00f3n de las &hellip; <\/p>\n","protected":false},"author":2,"featured_media":776,"comment_status":"closed","ping_status":"open","sticky":false,"template":"","format":"standard","meta":{"om_disable_all_campaigns":false,"_monsterinsights_skip_tracking":false,"_uf_show_specific_survey":0,"_uf_disable_surveys":false,"footnotes":""},"categories":[22],"tags":[],"class_list":["post-656","post","type-post","status-publish","format-standard","has-post-thumbnail","hentry","category-editoriales","grid-sizer"],"aioseo_notices":[],"_links":{"self":[{"href":"https:\/\/osmiss.org.ar\/news2\/wp-json\/wp\/v2\/posts\/656","targetHints":{"allow":["GET"]}}],"collection":[{"href":"https:\/\/osmiss.org.ar\/news2\/wp-json\/wp\/v2\/posts"}],"about":[{"href":"https:\/\/osmiss.org.ar\/news2\/wp-json\/wp\/v2\/types\/post"}],"author":[{"embeddable":true,"href":"https:\/\/osmiss.org.ar\/news2\/wp-json\/wp\/v2\/users\/2"}],"replies":[{"embeddable":true,"href":"https:\/\/osmiss.org.ar\/news2\/wp-json\/wp\/v2\/comments?post=656"}],"version-history":[{"count":2,"href":"https:\/\/osmiss.org.ar\/news2\/wp-json\/wp\/v2\/posts\/656\/revisions"}],"predecessor-version":[{"id":850,"href":"https:\/\/osmiss.org.ar\/news2\/wp-json\/wp\/v2\/posts\/656\/revisions\/850"}],"wp:featuredmedia":[{"embeddable":true,"href":"https:\/\/osmiss.org.ar\/news2\/wp-json\/wp\/v2\/media\/776"}],"wp:attachment":[{"href":"https:\/\/osmiss.org.ar\/news2\/wp-json\/wp\/v2\/media?parent=656"}],"wp:term":[{"taxonomy":"category","embeddable":true,"href":"https:\/\/osmiss.org.ar\/news2\/wp-json\/wp\/v2\/categories?post=656"},{"taxonomy":"post_tag","embeddable":true,"href":"https:\/\/osmiss.org.ar\/news2\/wp-json\/wp\/v2\/tags?post=656"}],"curies":[{"name":"wp","href":"https:\/\/api.w.org\/{rel}","templated":true}]}}