{"id":657,"date":"2011-07-01T17:25:05","date_gmt":"2011-07-01T20:25:05","guid":{"rendered":"http:\/\/www.osmiss.com.ar\/news\/?p=73"},"modified":"2022-03-31T14:58:05","modified_gmt":"2022-03-31T17:58:05","slug":"reflexiones-sobre-la-salud-de-los-adultos-mayores","status":"publish","type":"post","link":"https:\/\/osmiss.org.ar\/news2\/2011\/07\/01\/reflexiones-sobre-la-salud-de-los-adultos-mayores\/","title":{"rendered":"Reflexiones sobre la salud de los adultos mayores."},"content":{"rendered":"<p>La perspectiva de salud en los adultos mayores es determinante para definir la calidad de vida que puede presentarse para ellos, siendo necesario enfrentar esta etapa, a partir de los 60 a\u00f1os, con una estrategia predefinida para lograr una vejez saludable. En general, para los adultos mayores, pueden definirse tres etapas (a\u00fan no aceptadas en forma un\u00e1nime):<\/p>\n<ol>\n<li><strong>Tercera Edad:\u00a0<\/strong>Se acepta que comienza, aproximadamente, a los 60 a\u00f1os y se extiende hasta los 80 a\u00f1os.<\/li>\n<li><strong>Cuarta Edad:\u00a0<\/strong>Se considera aceptable plantearla entre los 80 y 100 a\u00f1os.<\/li>\n<li><strong>Longevidad:\u00a0<\/strong>Comenzar\u00eda a partir de los 100 a\u00f1os.<\/li>\n<\/ol>\n<div align=\"justify\">\n<p>\u00a0\u00a0\u00a0\u00a0Cada etapa de los adultos mayores plantea particularidades que resulta necesario comprender.<\/p>\n<p>Desde el nacimiento existe una curva ascendente en el metabolismo y por ende, en la fortaleza y en la vitalidad. A partir de los 30 a\u00f1os y durante un largo tiempo se mantiene una meseta en dichas condiciones. No obstante, poco despu\u00e9s de los 50 se va acentuando el comienzo de una declinaci\u00f3n metab\u00f3lica que repercute en nuestro organismo en general y en algunos \u00f3rganos en particular.<\/p>\n<p>Con distintas maneras de presentarse, entre los 50 y 60 a\u00f1os comienzan a aparecer algunas dolencias, que depender\u00e1n del impacto que ejercen los factores gen\u00e9ticos y los factores medioambientales. Los primeros est\u00e1n inscriptos en nuestros genes, y los \u00faltimos, en muchos casos, son factibles de manejar o modificar por nosotros; es decir, de lo que se trata es de envejecer adecuadamente actuando sobre aquellos elementos que podemos atenuar.<\/p>\n<p>Para determinar c\u00f3mo optimizar nuestra calidad de vida en la tercera edad debemos repasar algunos \u00edtems, como por ejemplo:<\/p>\n<ol>\n<li>Nuestra alimentaci\u00f3n: Qu\u00e9 comemos? Qu\u00e9 bebemos?<\/li>\n<li>Qu\u00e9 actividad f\u00edsica ejercitamos?<\/li>\n<li>Qu\u00e9 actividades intelectuales y sociales adecuadas a nuestra edad desarrollamos?<\/li>\n<\/ol>\n<p>Todo esto, estar\u00e1 condicionado, en parte, por el diagn\u00f3stico y los tratamientos en el caso de alguna patolog\u00eda, y fundamentalmente por los controles m\u00e9dicos. Estos \u00faltimos son necesarios e indispensables, y ser\u00e1 de nuestra absoluta responsabilidad para mantener el control de nuestra vida y lograr una vejez saludable.<\/p>\n<p>Con respecto a la alimentaci\u00f3n, debemos recordar algunos \u00edtems que son propios de las patolog\u00edas o dolencias que podemos padecer: mientras que otros est\u00e1n referidos a criterios de buena salud, por ejemplo:<\/p>\n<ul>\n<li>Limitar la cantidad de az\u00facar que se ingiere en sus distintas formas: tortas, dulces, golosinas.<\/li>\n<li>Observar la cantidad y calidad de grasas de nuestra alimentaci\u00f3n: disminuir las grasas en general, principalmente las de origen animal: grasas de cerdo, manteca, embutidos, piel de pollo, etc.<\/li>\n<li>Consumir l\u00e1cteos descremados.<\/li>\n<li>Limitar el consumo de sal.<\/li>\n<li>Mantener un consumo adecuado de frutas, verduras y legumbres.<\/li>\n<li>Beber abundante agua y tisanas. Evitar o disminuir la ingesta de caf\u00e9 y de bebidas gaseosas, privilegiando, dentro de lo posible los jugos naturales.<\/li>\n<\/ul>\n<p>Todo lo anterior estar\u00e1 determinado por la o las patolog\u00edas que se padecen, las tolerancias individuales y por la indicaci\u00f3n del m\u00e9dico de cabecera.<br \/>\nRecordar la importancia de un buen desayuno, un almuerzo equilibrado y una cena discreta, sin olvidar la colaci\u00f3n y la merienda.<\/p>\n<p>Por \u00faltimo, se plantea el tema de la compa\u00f1\u00eda y la soledad en el adulto mayor.<\/p>\n<p>Ser o pertenecer al grupo de los adultos mayores no implica aislamiento o soledad. Muchos debemos continuar con tareas laborales. Para aqu\u00e9llos que gozan de un merecido retiro existen m\u00faltiples y variadas actividades que pueden mejorar nuestra calidad de vida y relacionarnos con nuestros grupos sociales realizando caminatas, yoga, alguna actividad deportiva adecuada (golf, bowling y otros), si es posible.<\/p>\n<p>Tambi\u00e9n es saludable realizar actividades recreativas (por qu\u00e9 no videojuegos) adecuadas a nuestras posibilidades. Existen grupos terap\u00e9uticos (m\u00e9dicos, psic\u00f3logos) que las utilizan para mantener activas las capacidades cognitivas o recuperarlas en caso de alguna patolog\u00eda.<\/p>\n<p>Hay otras actividades que son sumamente enriquecedoras para la edad adulta como jardiner\u00eda, pintura y alfarer\u00eda, s\u00f3lo por mencionar algunas.<\/p>\n<p>Es importante plantearse una estrategia de vida hallando espacios, grupos de pertenencia, tareas laborales o recreativas que se adecuen a nuestras posibilidades y nos permitan disfrutar de los \u201cserenos a\u00f1os mayores\u201d.<\/p>\n<hr \/>\n<\/div>\n<p><img loading=\"lazy\" decoding=\"async\" class=\"alignnone wp-image-279 size-full\" title=\"Ing. N\u00e9stor E. Fern\u00e1ndez Presidente de OSMISS\" src=\"https:\/\/osmiss.org.ar\/news2\/wp-content\/uploads\/2018\/05\/fotopresidencia.jpg\" alt=\"Imagen del Ing. N\u00e9stor E. Fern\u00e1ndez\" width=\"150\" height=\"150\" srcset=\"https:\/\/osmiss.org.ar\/news2\/wp-content\/uploads\/2018\/05\/fotopresidencia.jpg 150w, https:\/\/osmiss.org.ar\/news2\/wp-content\/uploads\/2018\/05\/fotopresidencia-60x60.jpg 60w\" sizes=\"auto, (max-width: 150px) 100vw, 150px\" \/><\/p>\n<p class=\"web\" align=\"justify\"><em><strong>Ing. N\u00e9stor E. Fern\u00e1ndez<\/strong><\/em><br \/>\n<em><strong>Presidente<\/strong><\/em><\/p>\n","protected":false},"excerpt":{"rendered":"<p>La perspectiva de salud en los adultos mayores es determinante para definir la calidad de vida que puede presentarse para ellos, siendo necesario enfrentar esta etapa, a partir de los 60 a\u00f1os, con una estrategia &hellip; <\/p>\n","protected":false},"author":2,"featured_media":768,"comment_status":"closed","ping_status":"open","sticky":false,"template":"","format":"standard","meta":{"om_disable_all_campaigns":false,"_monsterinsights_skip_tracking":false,"_uf_show_specific_survey":0,"_uf_disable_surveys":false,"footnotes":""},"categories":[22],"tags":[],"class_list":["post-657","post","type-post","status-publish","format-standard","has-post-thumbnail","hentry","category-editoriales","grid-sizer"],"aioseo_notices":[],"_links":{"self":[{"href":"https:\/\/osmiss.org.ar\/news2\/wp-json\/wp\/v2\/posts\/657","targetHints":{"allow":["GET"]}}],"collection":[{"href":"https:\/\/osmiss.org.ar\/news2\/wp-json\/wp\/v2\/posts"}],"about":[{"href":"https:\/\/osmiss.org.ar\/news2\/wp-json\/wp\/v2\/types\/post"}],"author":[{"embeddable":true,"href":"https:\/\/osmiss.org.ar\/news2\/wp-json\/wp\/v2\/users\/2"}],"replies":[{"embeddable":true,"href":"https:\/\/osmiss.org.ar\/news2\/wp-json\/wp\/v2\/comments?post=657"}],"version-history":[{"count":2,"href":"https:\/\/osmiss.org.ar\/news2\/wp-json\/wp\/v2\/posts\/657\/revisions"}],"predecessor-version":[{"id":851,"href":"https:\/\/osmiss.org.ar\/news2\/wp-json\/wp\/v2\/posts\/657\/revisions\/851"}],"wp:featuredmedia":[{"embeddable":true,"href":"https:\/\/osmiss.org.ar\/news2\/wp-json\/wp\/v2\/media\/768"}],"wp:attachment":[{"href":"https:\/\/osmiss.org.ar\/news2\/wp-json\/wp\/v2\/media?parent=657"}],"wp:term":[{"taxonomy":"category","embeddable":true,"href":"https:\/\/osmiss.org.ar\/news2\/wp-json\/wp\/v2\/categories?post=657"},{"taxonomy":"post_tag","embeddable":true,"href":"https:\/\/osmiss.org.ar\/news2\/wp-json\/wp\/v2\/tags?post=657"}],"curies":[{"name":"wp","href":"https:\/\/api.w.org\/{rel}","templated":true}]}}