{"id":658,"date":"2011-04-01T17:26:59","date_gmt":"2011-04-01T20:26:59","guid":{"rendered":"http:\/\/www.osmiss.com.ar\/news\/?p=75"},"modified":"2022-03-31T14:58:47","modified_gmt":"2022-03-31T17:58:47","slug":"riesgos-de-la-tercera-edad","status":"publish","type":"post","link":"https:\/\/osmiss.org.ar\/news2\/2011\/04\/01\/riesgos-de-la-tercera-edad\/","title":{"rendered":"Riesgos de la tercera edad"},"content":{"rendered":"<div align=\"justify\">Del crecimiento demogr\u00e1fico del pa\u00eds se observa que la participaci\u00f3n de las personas incluidas en la tercera edad en el total de la poblaci\u00f3n, va aumentando en una proporci\u00f3n ascendente debido, fundamentalmente, al crecimiento de la expectativa de vida y al decrecimiento relativo de la poblaci\u00f3n de j\u00f3venes y adultos lo que lleva a una modificaci\u00f3n sustancial de la pir\u00e1mide demogr\u00e1fica.<\/div>\n<p align=\"justify\">Esta modificaci\u00f3n ya influyo en forma notable, en la demanda de los servicios de salud, situaci\u00f3n que no se refleja en las correcciones necesarias en la oferta de dichos servicios.<\/p>\n<div align=\"justify\">\n<p>De ah\u00ed que es necesario afrontar, dentro de una sociedad en cambio, una nueva interpretaci\u00f3n y replanteo de la atenci\u00f3n de la salud para la tercera edad a fines de generar, para este grupo etario, la posibilidad de tener un periodo de oportunidad de vida, que si se sabe aprovechar, ello puede ofrecer muchas satisfacciones que no parece posible alcanzarse en el marco de los actuales programas de salud.<\/p>\n<p>Los programas actuales de atenci\u00f3n de la tercera edad se han ocupado principalmente de la atenci\u00f3n de la salud y secundariamente de la protecci\u00f3n de las personas procurando su internaci\u00f3n en residencias geri\u00e1tricas y \/ o institutos de atenci\u00f3n mental para aquellos que por razones ps\u00edquicas lo hiciera necesario.<\/p>\n<\/div>\n<p align=\"justify\">En la tercera edad no solo se plantean problemas m\u00e9dicos espec\u00edficos sino tambi\u00e9n el problema adicional de una expectativa de vida afectada por la revoluci\u00f3n tecnol\u00f3gica por dem\u00e1s acelerada, resultando de ello un proceso de marginaci\u00f3n evidente que impide su inclusi\u00f3n \u00fatil en la sociedad moderna.<\/p>\n<p align=\"justify\">Normalmente, los adultos mayores est\u00e1n condicionados por tres factores fundamentales:<\/p>\n<ol>\n<li>La disminuci\u00f3n progresiva de sus fuerzas vitales por el deterioro natural del organismo.<\/li>\n<li>La acentuaci\u00f3n de los efectos m\u00f3rbidos de las enfermedades cr\u00f3nicas preexistentes, que contin\u00faan independientemente del proceso de envejecimiento.<\/li>\n<li>Las situaciones familiares, econ\u00f3micas y sociales donde los adultos mayores sufren la falta de solidaridad que los aleja de una mejor calidad de vida.<\/li>\n<\/ol>\n<p align=\"justify\">Las enfermedades que con mayor frecuencia afectan a las personas de la tercera edad son las cr\u00f3nicas, b\u00e1sicamente relacionado con las disminuci\u00f3n progresiva de las fuerzas vitales.<\/p>\n<p align=\"justify\">De las estad\u00edsticas de mortalidad es posible se\u00f1alar que las principales enfermedades asignables a los adultos mayores son:<\/p>\n<ol>\n<li>Las cardiovasculares<\/li>\n<li>Los procesos degenerativos<\/li>\n<li>Los accidentes<\/li>\n<li>Las enfermedades metab\u00f3licas<\/li>\n<li>Las deficiencias mentales<\/li>\n<\/ol>\n<p align=\"justify\">Los accidentes merecen una menci\u00f3n especial. Su alta incidencia, deber\u00eda asign\u00e1rsela a la p\u00e9rdida de las defensas psico-org\u00e1nicas de las cuales est\u00e1 dotado el joven o el adulto para evitarlos. Llamado de atenci\u00f3n este para disminuir traumatismos dom\u00e9sticos, laborales y callejeros.<\/p>\n<p align=\"justify\">Otro problema que afecta a los adultos mayores es de car\u00e1cter psico-social, dado que el paso brusco de la actividad a la pasividad y el distanciamiento del circulo de convivencia laboral sin una concientizaci\u00f3n previa, trae un desequilibrio ps\u00edquico que seg\u00fan el individuo puede ir de una simple neurosis a un s\u00edndrome depresivo. Estos trastornos son derivados de la desvinculaci\u00f3n laboral, la desadaptaci\u00f3n social y los desequilibrios econ\u00f3micos.<\/p>\n<p align=\"justify\">Estas situaciones, mas la soledad, lleva a distintos desv\u00edos (Alcoholismo, p\u00e9rdida de la autoestima, etc.) llegando a veces, incluso, al suicidio.<\/p>\n<p align=\"justify\">Se entiende que para evitar estas contingencias debe plantearse, para las personas de la tercera edad, la implementaci\u00f3n de los siguientes criterios:<\/p>\n<ol>\n<li>Mantenci\u00f3n de la actividad psicof\u00edsica<\/li>\n<li>Prevenci\u00f3n y diagnostico temprano de las enfermedades cr\u00f3nicas.<\/li>\n<li>Rehabilitaci\u00f3n psicof\u00edsica lo m\u00e1s completa posible.<\/li>\n<\/ol>\n<p align=\"justify\">La implementaci\u00f3n de estos conceptos en el sistema de salud resultan b\u00e1sicos para el logro de un nuevo enfoque en la atenci\u00f3n de los adultos mayores tendientes a alcanzar los siguientes objetivos:<\/p>\n<ol>\n<li>Vivir una vida tan normal como sea posible, junto a su familia, en sus domicilios o en un ambiente hogare\u00f1o dentro de su comunidad.<\/li>\n<li>Ser objeto de cuidados adecuados y recibir el apoyo necesario para mantener su independencia.<\/li>\n<li>Facilitar la opini\u00f3n personal sobre c\u00f3mo quieren vivir sus vidas y elegir los caminos a seguir para alcanzar dicha forma de vivir.<\/li>\n<\/ol>\n<p align=\"justify\">Como se ve, los riesgos de los adultos mayores, lleva impl\u00edcito la necesidad de comenzar a debatir un tema de real importancia para la tercera edad como son los derechos de los adultos mayores.<\/p>\n<p align=\"justify\">\n<hr \/>\n<p align=\"justify\"><img loading=\"lazy\" decoding=\"async\" class=\"alignnone wp-image-279 size-full\" title=\"Ing. N\u00e9stor E. Fern\u00e1ndez Presidente de OSMISS\" src=\"https:\/\/osmiss.org.ar\/news2\/wp-content\/uploads\/2018\/05\/fotopresidencia.jpg\" alt=\"Imagen del Ing. N\u00e9stor E. Fern\u00e1ndez\" width=\"150\" height=\"150\" srcset=\"https:\/\/osmiss.org.ar\/news2\/wp-content\/uploads\/2018\/05\/fotopresidencia.jpg 150w, https:\/\/osmiss.org.ar\/news2\/wp-content\/uploads\/2018\/05\/fotopresidencia-60x60.jpg 60w\" sizes=\"auto, (max-width: 150px) 100vw, 150px\" \/><\/p>\n<p class=\"web\" align=\"justify\"><em><strong>Ing. N\u00e9stor E. Fern\u00e1ndez<\/strong><\/em><br \/>\n<em><strong>Presidente<\/strong><\/em><\/p>\n","protected":false},"excerpt":{"rendered":"<p>Del crecimiento demogr\u00e1fico del pa\u00eds se observa que la participaci\u00f3n de las personas incluidas en la tercera edad en el total de la poblaci\u00f3n, va aumentando en una proporci\u00f3n ascendente debido, fundamentalmente, al crecimiento de &hellip; <\/p>\n","protected":false},"author":2,"featured_media":769,"comment_status":"closed","ping_status":"open","sticky":false,"template":"","format":"standard","meta":{"om_disable_all_campaigns":false,"_monsterinsights_skip_tracking":false,"_uf_show_specific_survey":0,"_uf_disable_surveys":false,"footnotes":""},"categories":[22],"tags":[],"class_list":["post-658","post","type-post","status-publish","format-standard","has-post-thumbnail","hentry","category-editoriales","grid-sizer"],"aioseo_notices":[],"_links":{"self":[{"href":"https:\/\/osmiss.org.ar\/news2\/wp-json\/wp\/v2\/posts\/658","targetHints":{"allow":["GET"]}}],"collection":[{"href":"https:\/\/osmiss.org.ar\/news2\/wp-json\/wp\/v2\/posts"}],"about":[{"href":"https:\/\/osmiss.org.ar\/news2\/wp-json\/wp\/v2\/types\/post"}],"author":[{"embeddable":true,"href":"https:\/\/osmiss.org.ar\/news2\/wp-json\/wp\/v2\/users\/2"}],"replies":[{"embeddable":true,"href":"https:\/\/osmiss.org.ar\/news2\/wp-json\/wp\/v2\/comments?post=658"}],"version-history":[{"count":2,"href":"https:\/\/osmiss.org.ar\/news2\/wp-json\/wp\/v2\/posts\/658\/revisions"}],"predecessor-version":[{"id":853,"href":"https:\/\/osmiss.org.ar\/news2\/wp-json\/wp\/v2\/posts\/658\/revisions\/853"}],"wp:featuredmedia":[{"embeddable":true,"href":"https:\/\/osmiss.org.ar\/news2\/wp-json\/wp\/v2\/media\/769"}],"wp:attachment":[{"href":"https:\/\/osmiss.org.ar\/news2\/wp-json\/wp\/v2\/media?parent=658"}],"wp:term":[{"taxonomy":"category","embeddable":true,"href":"https:\/\/osmiss.org.ar\/news2\/wp-json\/wp\/v2\/categories?post=658"},{"taxonomy":"post_tag","embeddable":true,"href":"https:\/\/osmiss.org.ar\/news2\/wp-json\/wp\/v2\/tags?post=658"}],"curies":[{"name":"wp","href":"https:\/\/api.w.org\/{rel}","templated":true}]}}