{"id":660,"date":"2018-01-02T17:33:49","date_gmt":"2018-01-02T20:33:49","guid":{"rendered":"http:\/\/www.osmiss.com.ar\/news\/?p=77"},"modified":"2022-03-31T15:22:47","modified_gmt":"2022-03-31T18:22:47","slug":"desarrollo-y-posibilidades-de-las-personas-mayores","status":"publish","type":"post","link":"https:\/\/osmiss.org.ar\/news2\/2018\/01\/02\/desarrollo-y-posibilidades-de-las-personas-mayores\/","title":{"rendered":"Desarrollo y posibilidades de las personas mayores"},"content":{"rendered":"<p>Las transformaciones producidas en las \u00faltimos 100 a\u00f1os contribuyeron a generar un importante incremento de la expectativa de vida de la poblaci\u00f3n, alcanzando en la actualidad para una persona nacida en esta fecha, hasta 110 a\u00f1os, relacionada \u00e9sta con el aumento de la calidad de vida que se experiment\u00f3 en este per\u00edodo. Son factores relevantes para alcanzar dicha expectativa de desarrollo humano; entre otras:<\/p>\n<ul>\n<li>El crecimiento econ\u00f3mico<\/li>\n<li>El desarrollo tecnol\u00f3gico<\/li>\n<li>La mejora educativa<\/li>\n<li>La prosperidad alcanzada<\/li>\n<li>La calidad de vida<\/li>\n<li>La cohesi\u00f3n social<\/li>\n<\/ul>\n<p>Una encuesta desarrollada por el Observatorio de la Deuda Social Argentina entre mayores de 60 a\u00f1os en conglomerados urbanos concluy\u00f3 que \u201cla sociabilidad es sumamente importante a la hora de medir la satisfacci\u00f3n con la propia vida, mucho m\u00e1s que las condiciones materiales\u201d.<\/p>\n<p>Vivir m\u00e1s supone una planificaci\u00f3n de las largas etapas que influyeron en la salud, la vivienda y la econom\u00eda dentro de un marco de transformaci\u00f3n del estilo de vida.<\/p>\n<p>Los correlativos cambios estructurales generan cuestiones tales como posibles modificaciones corporales, laborales, familiares y hasta existenciales; cambiando inclusive los mecanismos de reconocimiento y vivencia de los hechos que puedan vivirse.<\/p>\n<p>Las investigaciones realizadas han mostrado que tener creencias positivas en esta etapa de la vida no es un dato menor. Ello implica, que aun transitando un camino desconocido, es necesario generar transformaciones graduales en forma anticipada, construida y fortalecida con criterios cient\u00edficos y en el marco de la b\u00fasqueda del bienestar humano.<\/p>\n<p>La revoluci\u00f3n del envejecimiento poblacional es el hecho m\u00e1s importante de los \u00faltimos siglos, pero este hecho no fue acompa\u00f1ado por un cambio cultural que dimensione la importancia de los a\u00f1os de vida ganados.<\/p>\n<p>En este contexto, se hace necesario volver a pensar el significado del envejecimiento y construir un imaginario social positivo sobre las personas mayores. Es importante trabajar para desarticular mitos y prejuicios ya que la vejez no es algo que le pasa al otro sino algo latente en todos nosotros desde el momento que nacemos.<\/p>\n<p>Precisamente, OSMISS se puso a la vanguardia de este cambio de cultural e impulso la creaci\u00f3n del Foro Interdisciplinario para Personas Mayores (FIPeM), con la finalidad de crear un \u00e1mbito de participaci\u00f3n, reflexi\u00f3n y compromiso para generar pol\u00edticas p\u00fablicas destinadas a la instalaci\u00f3n de acciones sociales, productivas y culturales que posibiliten, la inclusi\u00f3n de las personas mayores en la vida comunitaria, cambiando la mirada sobre ellas y superando su marginaci\u00f3n, que empobrece claramente el entramado social.<\/p>\n<p>Es por ello que los integrantes de OSMISS y el FIPeM, convocan a resignificar la representaci\u00f3n social que se tiene de la vejez, enmarcado en un cambio de paradigma del proceso de envejecimiento, para vivir \u201ccon igual dignidad en todo el curso de la vida\u201d.<\/p>\n<hr \/>\n<p><img loading=\"lazy\" decoding=\"async\" class=\"alignnone wp-image-310 size-full\" title=\"Ing. N\u00e9stor E. Fern\u00e1ndez Presidente de OSMISS\" src=\"https:\/\/osmiss.org.ar\/news2\/wp-content\/uploads\/2018\/05\/fotopresidencia2.jpg\" alt=\"Imagen del Ing. N\u00e9stor E. Fern\u00e1ndez\" width=\"150\" height=\"150\" srcset=\"https:\/\/osmiss.org.ar\/news2\/wp-content\/uploads\/2018\/05\/fotopresidencia2.jpg 150w, https:\/\/osmiss.org.ar\/news2\/wp-content\/uploads\/2018\/05\/fotopresidencia2-60x60.jpg 60w\" sizes=\"auto, (max-width: 150px) 100vw, 150px\" \/><\/p>\n<p><em><strong>Ing. N\u00e9stor E. Fern\u00e1ndez<\/strong><\/em><br \/>\n<em><strong>Presidente de OSMISS<\/strong><\/em><\/p>\n<p>Versi\u00f3n impresa:\u00a0<a href=\"https:\/\/www.osmiss.com.ar\/news\/wp-content\/uploads\/2018\/05\/news38.pdf\">news38<\/a><\/p>\n","protected":false},"excerpt":{"rendered":"<p>Las transformaciones producidas en las \u00faltimos 100 a\u00f1os contribuyeron a generar un importante incremento de la expectativa de vida de la poblaci\u00f3n, alcanzando en la actualidad para una persona nacida en esta fecha, hasta 110 &hellip; <\/p>\n","protected":false},"author":2,"featured_media":765,"comment_status":"closed","ping_status":"open","sticky":false,"template":"","format":"standard","meta":{"om_disable_all_campaigns":false,"_monsterinsights_skip_tracking":false,"_uf_show_specific_survey":0,"_uf_disable_surveys":false,"footnotes":""},"categories":[22],"tags":[],"class_list":["post-660","post","type-post","status-publish","format-standard","has-post-thumbnail","hentry","category-editoriales","grid-sizer"],"aioseo_notices":[],"_links":{"self":[{"href":"https:\/\/osmiss.org.ar\/news2\/wp-json\/wp\/v2\/posts\/660","targetHints":{"allow":["GET"]}}],"collection":[{"href":"https:\/\/osmiss.org.ar\/news2\/wp-json\/wp\/v2\/posts"}],"about":[{"href":"https:\/\/osmiss.org.ar\/news2\/wp-json\/wp\/v2\/types\/post"}],"author":[{"embeddable":true,"href":"https:\/\/osmiss.org.ar\/news2\/wp-json\/wp\/v2\/users\/2"}],"replies":[{"embeddable":true,"href":"https:\/\/osmiss.org.ar\/news2\/wp-json\/wp\/v2\/comments?post=660"}],"version-history":[{"count":2,"href":"https:\/\/osmiss.org.ar\/news2\/wp-json\/wp\/v2\/posts\/660\/revisions"}],"predecessor-version":[{"id":880,"href":"https:\/\/osmiss.org.ar\/news2\/wp-json\/wp\/v2\/posts\/660\/revisions\/880"}],"wp:featuredmedia":[{"embeddable":true,"href":"https:\/\/osmiss.org.ar\/news2\/wp-json\/wp\/v2\/media\/765"}],"wp:attachment":[{"href":"https:\/\/osmiss.org.ar\/news2\/wp-json\/wp\/v2\/media?parent=660"}],"wp:term":[{"taxonomy":"category","embeddable":true,"href":"https:\/\/osmiss.org.ar\/news2\/wp-json\/wp\/v2\/categories?post=660"},{"taxonomy":"post_tag","embeddable":true,"href":"https:\/\/osmiss.org.ar\/news2\/wp-json\/wp\/v2\/tags?post=660"}],"curies":[{"name":"wp","href":"https:\/\/api.w.org\/{rel}","templated":true}]}}