{"id":663,"date":"2017-03-02T17:57:49","date_gmt":"2017-03-02T20:57:49","guid":{"rendered":"http:\/\/www.osmiss.com.ar\/news\/?p=86"},"modified":"2022-03-31T15:24:09","modified_gmt":"2022-03-31T18:24:09","slug":"consideraciones-sobre-los-adultos-mayores","status":"publish","type":"post","link":"https:\/\/osmiss.org.ar\/news2\/2017\/03\/02\/consideraciones-sobre-los-adultos-mayores\/","title":{"rendered":"Consideraciones sobre los adultos mayores"},"content":{"rendered":"<p>Del estudio del crecimiento demogr\u00e1fico del pa\u00eds, se observa que el \u00edndice de las personas imputables a los adultos mayores (mayores de 60 a\u00f1os) va aumentando en proporci\u00f3n ascendente debido, fundamentalmente, al crecimiento de la expectativa de vida y al decrecimiento relativo de la poblaci\u00f3n juvenil y adulta, gener\u00e1ndose una modificaci\u00f3n sustancial de la pir\u00e1mide demogr\u00e1fica.<\/p>\n<p>Lo anterior permite se\u00f1alar que el aumento de la expectativa de vida, planteada como posible en 60 a\u00f1os al inicio del siglo XX al final del mismo se duplica. Esto se justifica por la evoluci\u00f3n de las ciencias m\u00e9dicas, los avances tecnol\u00f3gicos, la mejora en la calidad de vida y otras coincidencias particulares exigibles para vivir.<\/p>\n<p>En este marco referencial de la vida de las personas mayores las hip\u00f3tesis de vida planteadas en la actualidad no alcanzan a satisfacer el potencial de vida asignable a las mismas considerando los a\u00f1os de expectativas de vida asignable en la actualidad a las mismas. Esto exige el cambio del paradigma planteado al inicio del siglo XX para alcanzar las pautas de vida asignables a los adultos mayores al comienzo del siglo XX.<\/p>\n<p>Este cambio de paradigma requiere una nueva interpretaci\u00f3n y replanteo del problema generando que nos lleve a considerar este lapso como \u201cun per\u00edodo de oportunidad de vida\u201d que si se sabe aprovechar y se est\u00e1 preparado para ello, puede ofrecer muchas satisfacciones que no se alcanzan en los otros per\u00edodos de vida ya transcurridos. Para que ello ocurra la sociedad debe abrir las puertas para que se facilite el camino de los adultos mayores hacia la posibilidad de generar un aporte vital positivo para la sociedad que las alberga, fundamentalmente, eliminando la marginaci\u00f3n y correlativa marginalidad a la que son sometidas.<\/p>\n<p>Hoy, en nuestra sociedad, llegados los 60 a\u00f1os, las personas, en general, pasan legalmente a la pasividad gener\u00e1ndose para la sociedad moderna una baja en la productividad, no siendo aprovechada su experiencia gener\u00e1ndose para las personas la marginaci\u00f3n anteriormente se\u00f1alada, plante\u00e1ndose para estas personas una evidente minusval\u00eda.<\/p>\n<p>Los fundamentos de esta marginaci\u00f3n est\u00e1n condicionados, en general, por tres factores fundamentales:<\/p>\n<ol>\n<li>Deterioro material del organismo.<\/li>\n<li>Enfermedades cr\u00f3nicas preexistenciales.<\/li>\n<li>Problemas psicol\u00f3gicos y sociales.<\/li>\n<\/ol>\n<p>Sobre estos factores, en relaci\u00f3n a los adultos mayores, no existe una explicaci\u00f3n un\u00e1nime. Solo podemos decir que est\u00e1n seleccionadas con la calidad de vida, dado por el nivel cultural y econ\u00f3mico de la sociedad en el que las personas se han desenvuelto. Los dos primeros factores fundamentales de la marginaci\u00f3n social se\u00f1alada para los adultos mayores quedan en el presente disminuidos en su paso relativo por la mejora del nivel de las ciencias m\u00e9dicas tanto en el pasado como en el futuro. En relaci\u00f3n a los problemas psicol\u00f3gicos y sociales los mismos se relacionan en la situaci\u00f3n actual fundamentalmente relacionada con su marginaci\u00f3n social donde se estima que puede afectar a m\u00e1s del 50 % de esta poblaci\u00f3n. El paso brusco de la actividad a la pasividad y el brusco distanciamiento del c\u00edrculo de convivencia laboral sin una concientizaci\u00f3n previa, trae de por s\u00ed un desequilibrio ps\u00edquico que va de una simple neurosis a los s\u00edndromes depresivos que se producen por la desvinculaci\u00f3n laboral, la desadaptaci\u00f3n social y los desequilibrios econ\u00f3micos.<\/p>\n<p>Tambi\u00e9n debe se\u00f1alarse en la situaci\u00f3n actual la existencia de grupos, cada vez m\u00e1s numerosos, de adultos mayores pasivos carentes de sost\u00e9n familiar, actuando en ellas un factor no despreciable como es \u201cla soledad\u201d. Esto lleva a distintos desv\u00edos llegando a veces al suicidio.<\/p>\n<p>La formulaci\u00f3n de pol\u00edticas para enfrentar la nueva situaci\u00f3n planteada por el aumento de la expectativa de vida registrada en el \u00faltimo siglo, exige la reformulaci\u00f3n del paradigma planteado en el inicio del siglo XX para posibilitar la integraci\u00f3n de los adultos mayores a la actual estructura econ\u00f3mica social.<\/p>\n<hr \/>\n<p><img loading=\"lazy\" decoding=\"async\" class=\"alignnone wp-image-310 size-full\" title=\"Ing. N\u00e9stor E. Fern\u00e1ndez Presidente de OSMISS\" src=\"https:\/\/osmiss.org.ar\/news2\/wp-content\/uploads\/2018\/05\/fotopresidencia2.jpg\" alt=\"Imagen del Ing. N\u00e9stor E. Fern\u00e1ndez\" width=\"150\" height=\"150\" srcset=\"https:\/\/osmiss.org.ar\/news2\/wp-content\/uploads\/2018\/05\/fotopresidencia2.jpg 150w, https:\/\/osmiss.org.ar\/news2\/wp-content\/uploads\/2018\/05\/fotopresidencia2-60x60.jpg 60w\" sizes=\"auto, (max-width: 150px) 100vw, 150px\" \/><\/p>\n<div id=\"page\" class=\"hfeed site\">\n<div id=\"main\" class=\"clearfix\">\n<div class=\"inner-wrap clearfix\">\n<div id=\"primary\">\n<div id=\"content\" class=\"clearfix\">\n<article id=\"post-82\" class=\"post-82 post type-post status-publish format-standard has-post-thumbnail hentry category-editoriales category-fipem\">\n<div class=\"article-content clearfix\">\n<div class=\"entry-content clearfix\">\n<p><em><strong>Ing. N\u00e9stor E. Fern\u00e1ndez<\/strong><\/em><br \/>\n<em><strong>Presidente de OSMISS<\/strong><\/em><\/p>\n<\/div>\n<\/div>\n<\/article>\n<\/div>\n<\/div>\n<\/div>\n<\/div>\n<\/div>\n","protected":false},"excerpt":{"rendered":"<p>Del estudio del crecimiento demogr\u00e1fico del pa\u00eds, se observa que el \u00edndice de las personas imputables a los adultos mayores (mayores de 60 a\u00f1os) va aumentando en proporci\u00f3n ascendente debido, fundamentalmente, al crecimiento de la &hellip; <\/p>\n","protected":false},"author":2,"featured_media":764,"comment_status":"closed","ping_status":"open","sticky":false,"template":"","format":"standard","meta":{"om_disable_all_campaigns":false,"_monsterinsights_skip_tracking":false,"_uf_show_specific_survey":0,"_uf_disable_surveys":false,"footnotes":""},"categories":[22],"tags":[],"class_list":["post-663","post","type-post","status-publish","format-standard","has-post-thumbnail","hentry","category-editoriales","grid-sizer"],"aioseo_notices":[],"_links":{"self":[{"href":"https:\/\/osmiss.org.ar\/news2\/wp-json\/wp\/v2\/posts\/663","targetHints":{"allow":["GET"]}}],"collection":[{"href":"https:\/\/osmiss.org.ar\/news2\/wp-json\/wp\/v2\/posts"}],"about":[{"href":"https:\/\/osmiss.org.ar\/news2\/wp-json\/wp\/v2\/types\/post"}],"author":[{"embeddable":true,"href":"https:\/\/osmiss.org.ar\/news2\/wp-json\/wp\/v2\/users\/2"}],"replies":[{"embeddable":true,"href":"https:\/\/osmiss.org.ar\/news2\/wp-json\/wp\/v2\/comments?post=663"}],"version-history":[{"count":2,"href":"https:\/\/osmiss.org.ar\/news2\/wp-json\/wp\/v2\/posts\/663\/revisions"}],"predecessor-version":[{"id":882,"href":"https:\/\/osmiss.org.ar\/news2\/wp-json\/wp\/v2\/posts\/663\/revisions\/882"}],"wp:featuredmedia":[{"embeddable":true,"href":"https:\/\/osmiss.org.ar\/news2\/wp-json\/wp\/v2\/media\/764"}],"wp:attachment":[{"href":"https:\/\/osmiss.org.ar\/news2\/wp-json\/wp\/v2\/media?parent=663"}],"wp:term":[{"taxonomy":"category","embeddable":true,"href":"https:\/\/osmiss.org.ar\/news2\/wp-json\/wp\/v2\/categories?post=663"},{"taxonomy":"post_tag","embeddable":true,"href":"https:\/\/osmiss.org.ar\/news2\/wp-json\/wp\/v2\/tags?post=663"}],"curies":[{"name":"wp","href":"https:\/\/api.w.org\/{rel}","templated":true}]}}