{"id":664,"date":"2016-12-02T18:01:22","date_gmt":"2016-12-02T21:01:22","guid":{"rendered":"http:\/\/www.osmiss.com.ar\/news\/?p=88"},"modified":"2022-03-31T14:59:31","modified_gmt":"2022-03-31T17:59:31","slug":"la-atencion-de-la-salud-de-los-adultos-mayores","status":"publish","type":"post","link":"https:\/\/osmiss.org.ar\/news2\/2016\/12\/02\/la-atencion-de-la-salud-de-los-adultos-mayores\/","title":{"rendered":"La atenci\u00f3n de la salud de los adultos mayores"},"content":{"rendered":"<p>La atenci\u00f3n m\u00e9dica para este grupo etario, que en nuestro pa\u00eds representa en la actualidad un 15% de la poblaci\u00f3n y que en el a\u00f1o 2050 puede alcanzar aproximadamente al 25%, resulta importante para dar contenido asistencial a esa franja de la poblaci\u00f3n, atento a que en la gerontolog\u00eda actual se impone una planificaci\u00f3n racional de la salud, determinando la formulaci\u00f3n de nuevas pautas y el establecimiento de programas para ese grupo etario, actualmente no cubierto adecuadamente dada la falta de un programa cient\u00edficamente estructurado.<\/p>\n<p>En primer lugar este tipo de programaci\u00f3n debe tomar en cuenta el criterio del autocuidado (self-responsability), ya que constituye el elemento primario de la programaci\u00f3n de la salud destinado a los adultos mayores.<\/p>\n<p>El autocuidado y los cuidados del grupo familiar constituyen la base de la atenci\u00f3n de los adultos mayores, el que se complementa con la asistencia social y la atenci\u00f3n m\u00e9dica.<\/p>\n<p>Corresponde al examen cl\u00ednico, instrumento privilegiado del diagn\u00f3stico, y a la periodicidad los controles, la detecci\u00f3n temprana de las enfermedades, ambos como elementos necesarios para la orientaci\u00f3n terap\u00e9utica y la rehabilitaci\u00f3n de las personas adultas y su familia.<\/p>\n<p>La promoci\u00f3n de la salud del adulto mayor debe tender as\u00ed a que la misma se desarrolle con la mayor autonom\u00eda psicof\u00edsica posible.<\/p>\n<p>En el referido marco conceptual es posible se\u00f1alar algunas acciones para tener en cuenta; tales como:<\/p>\n<ul>\n<li>El cuidado higi\u00e9nico de la persona y su educaci\u00f3n para el autocuidado.<\/li>\n<li>La educaci\u00f3n para la autoatenci\u00f3n preventiva de los deterioros psicof\u00edsicos, enfermedades y accidentes.<\/li>\n<li>La incentivaci\u00f3n de la participaci\u00f3n familiar y de su entorno en la preservaci\u00f3n de la estructura del hogar, mantenci\u00f3n de su presencia y lugar f\u00edsico y social.<\/li>\n<li>Seguimiento de la salud para prevenir la aparici\u00f3n de patolog\u00edas prevalentes con chequeos peri\u00f3dicos y control temprano de los mismos.<\/li>\n<\/ul>\n<p>Tales acciones de car\u00e1cter b\u00e1sicos deben ser \u00fatiles para obtener la transformaci\u00f3n de la atenci\u00f3n gerontol\u00f3gica, personalizando la relaci\u00f3n m\u00e9dico-paciente que adquiere as\u00ed una mejor calidad en funci\u00f3n de una programaci\u00f3n asistencial, lo que deber\u00eda permitir alcanzar los objetivos siguientes:<\/p>\n<ul>\n<li>La prevenci\u00f3n de la enfermedad.<\/li>\n<li>El mantenimiento del estado f\u00edsico de los adultos mayores en la mejor forma posible y su rehabilitaci\u00f3n si fuera necesario.<\/li>\n<li>El apoyo bio-psico-social orientado a conservar las autosuficiencias y la integraci\u00f3n familiar y social, evitando la marginaci\u00f3n.<\/li>\n<li>La integraci\u00f3n e institucionalizaci\u00f3n de aquellos adultos que superen negativamente los marcos de referencia anteriores.<\/li>\n<\/ul>\n<hr \/>\n<p><img loading=\"lazy\" decoding=\"async\" class=\"alignnone wp-image-310 size-full\" title=\"Ing. N\u00e9stor E. Fern\u00e1ndez Presidente de OSMISS\" src=\"https:\/\/osmiss.org.ar\/news2\/wp-content\/uploads\/2018\/05\/fotopresidencia2.jpg\" alt=\"Imagen del Ing. N\u00e9stor E. Fern\u00e1ndez\" width=\"150\" height=\"150\" srcset=\"https:\/\/osmiss.org.ar\/news2\/wp-content\/uploads\/2018\/05\/fotopresidencia2.jpg 150w, https:\/\/osmiss.org.ar\/news2\/wp-content\/uploads\/2018\/05\/fotopresidencia2-60x60.jpg 60w\" sizes=\"auto, (max-width: 150px) 100vw, 150px\" \/><\/p>\n<p><em><strong>Ing. N\u00e9stor E. Fern\u00e1ndez<\/strong><\/em><br \/>\n<em><strong>Presidente de OSMISS<\/strong><\/em><\/p>\n","protected":false},"excerpt":{"rendered":"<p>La atenci\u00f3n m\u00e9dica para este grupo etario, que en nuestro pa\u00eds representa en la actualidad un 15% de la poblaci\u00f3n y que en el a\u00f1o 2050 puede alcanzar aproximadamente al 25%, resulta importante para dar &hellip; <\/p>\n","protected":false},"author":2,"featured_media":779,"comment_status":"closed","ping_status":"open","sticky":false,"template":"","format":"standard","meta":{"om_disable_all_campaigns":false,"_monsterinsights_skip_tracking":false,"_uf_show_specific_survey":0,"_uf_disable_surveys":false,"footnotes":""},"categories":[22],"tags":[],"class_list":["post-664","post","type-post","status-publish","format-standard","has-post-thumbnail","hentry","category-editoriales","grid-sizer"],"aioseo_notices":[],"_links":{"self":[{"href":"https:\/\/osmiss.org.ar\/news2\/wp-json\/wp\/v2\/posts\/664","targetHints":{"allow":["GET"]}}],"collection":[{"href":"https:\/\/osmiss.org.ar\/news2\/wp-json\/wp\/v2\/posts"}],"about":[{"href":"https:\/\/osmiss.org.ar\/news2\/wp-json\/wp\/v2\/types\/post"}],"author":[{"embeddable":true,"href":"https:\/\/osmiss.org.ar\/news2\/wp-json\/wp\/v2\/users\/2"}],"replies":[{"embeddable":true,"href":"https:\/\/osmiss.org.ar\/news2\/wp-json\/wp\/v2\/comments?post=664"}],"version-history":[{"count":3,"href":"https:\/\/osmiss.org.ar\/news2\/wp-json\/wp\/v2\/posts\/664\/revisions"}],"predecessor-version":[{"id":854,"href":"https:\/\/osmiss.org.ar\/news2\/wp-json\/wp\/v2\/posts\/664\/revisions\/854"}],"wp:featuredmedia":[{"embeddable":true,"href":"https:\/\/osmiss.org.ar\/news2\/wp-json\/wp\/v2\/media\/779"}],"wp:attachment":[{"href":"https:\/\/osmiss.org.ar\/news2\/wp-json\/wp\/v2\/media?parent=664"}],"wp:term":[{"taxonomy":"category","embeddable":true,"href":"https:\/\/osmiss.org.ar\/news2\/wp-json\/wp\/v2\/categories?post=664"},{"taxonomy":"post_tag","embeddable":true,"href":"https:\/\/osmiss.org.ar\/news2\/wp-json\/wp\/v2\/tags?post=664"}],"curies":[{"name":"wp","href":"https:\/\/api.w.org\/{rel}","templated":true}]}}