{"id":667,"date":"2015-09-03T12:23:14","date_gmt":"2015-09-03T15:23:14","guid":{"rendered":"http:\/\/www.osmiss.com.ar\/news\/?p=103"},"modified":"2022-03-31T15:07:50","modified_gmt":"2022-03-31T18:07:50","slug":"celebramos-10-anos","status":"publish","type":"post","link":"https:\/\/osmiss.org.ar\/news2\/2015\/09\/03\/celebramos-10-anos\/","title":{"rendered":"Celebramos 10 a\u00f1os"},"content":{"rendered":"<p>El pasado mes de Agosto de 2015 se cumpli\u00f3 para nuestra instituci\u00f3n su decimo aniversario, per\u00edodo en el cual fue posible brindar los servicio m\u00e9dicos para la atenci\u00f3n integral de nuestros afiliados como tambi\u00e9n aportar acciones relacionadas con la promoci\u00f3n y prevenci\u00f3n de la salud. Todo ello sobre la base de la actividad desarrollada por el n\u00facleo b\u00e1sico del personal de nuestra obra social y los acuerdos logrados con la Mutual de Ministros, Secretarios y Subsecretarios. Es importante se\u00f1alar, en lo referente a la atenci\u00f3n integral de la salud a los operadores del sistema que dan solidez a los servicios como el Grupo Oro\u00f1o, Swiss M\u00e9dical, Galeno, Boreal y Roi S.A.<\/p>\n<p>La atenci\u00f3n de la salud, en esta d\u00e9cada, se ha nutrido en el conocimiento de que la persona en s\u00ed, es algo m\u00e1s de lo que podemos enunciar de ella en un momento dado. Se tiene una cabal conciencia que cuando se bucea cualquier situaci\u00f3n individual del ser humano el n\u00facleo de la cuesti\u00f3n en t\u00e9rminos de salud, est\u00e1 articulado en un todo de infinita riqueza.<\/p>\n<p>Es as\u00ed que hoy se reconoce que el estudio y pr\u00e1ctica de la medicina se encasilla en la b\u00fasqueda de la salud del cuerpo y de la psiquis. Esto nos conduce a intentar efectivizar una concepci\u00f3n unicista donde todo lo corporal tiene sentido ps\u00edquico y todo lo ps\u00edquico tiene un correlato corporal.<\/p>\n<p>OSMISS, con la particularidad en la atenci\u00f3n de las personas mayores y frente a esta concepci\u00f3n, ha propuesto la creaci\u00f3n del Foro Interdisciplinario para Adultos Mayores con la intenci\u00f3n de definir las pol\u00edticas p\u00fablicas para ellos en un marco diferenciado de los paradigmas existentes en nuestra sociedad.<\/p>\n<p>Las pautas estrat\u00e9gicas para la segunda d\u00e9cada de OSMISS involucran el sostenimiento de una atenci\u00f3n m\u00e9dica integrada con las nuevas pautas m\u00e9dicas y sociales asignable a la misma.<\/p>\n<blockquote><p>Ya en su tiempo Jos\u00e9 Ortega y Gasset se\u00f1al\u00f3:<br \/>\n\u2026\u201dla vida, en el sentido de vida humana y de fen\u00f3meno biol\u00f3gico, es un hecho radical que navega en el mar de las circunstancias. El mundo es, por lo pronto, un horizonte cuyo centro es el individuo. Este es la perspectiva b\u00e1sica de la vida\u201d\u2026<\/p><\/blockquote>\n<hr \/>\n<p><img loading=\"lazy\" decoding=\"async\" class=\"alignnone wp-image-279 size-full\" title=\"Ing. N\u00e9stor E. Fern\u00e1ndez Presidente de OSMISS\" src=\"https:\/\/osmiss.org.ar\/news2\/wp-content\/uploads\/2018\/05\/fotopresidencia.jpg\" alt=\"Imagen del Ing. N\u00e9stor E. Fern\u00e1ndez\" width=\"150\" height=\"150\" srcset=\"https:\/\/osmiss.org.ar\/news2\/wp-content\/uploads\/2018\/05\/fotopresidencia.jpg 150w, https:\/\/osmiss.org.ar\/news2\/wp-content\/uploads\/2018\/05\/fotopresidencia-60x60.jpg 60w\" sizes=\"auto, (max-width: 150px) 100vw, 150px\" \/><\/p>\n<p><em><strong>Ing. N\u00e9stor E. Fern\u00e1ndez<\/strong><\/em><br \/>\n<em><strong>Presidente de OSMISS<\/strong><\/em><\/p>\n","protected":false},"excerpt":{"rendered":"<p>El pasado mes de Agosto de 2015 se cumpli\u00f3 para nuestra instituci\u00f3n su decimo aniversario, per\u00edodo en el cual fue posible brindar los servicio m\u00e9dicos para la atenci\u00f3n integral de nuestros afiliados como tambi\u00e9n aportar &hellip; <\/p>\n","protected":false},"author":2,"featured_media":276,"comment_status":"closed","ping_status":"open","sticky":false,"template":"","format":"standard","meta":{"om_disable_all_campaigns":false,"_monsterinsights_skip_tracking":false,"_uf_show_specific_survey":0,"_uf_disable_surveys":false,"footnotes":""},"categories":[22,24],"tags":[],"class_list":["post-667","post","type-post","status-publish","format-standard","has-post-thumbnail","hentry","category-editoriales","category-fipem","grid-sizer"],"aioseo_notices":[],"_links":{"self":[{"href":"https:\/\/osmiss.org.ar\/news2\/wp-json\/wp\/v2\/posts\/667","targetHints":{"allow":["GET"]}}],"collection":[{"href":"https:\/\/osmiss.org.ar\/news2\/wp-json\/wp\/v2\/posts"}],"about":[{"href":"https:\/\/osmiss.org.ar\/news2\/wp-json\/wp\/v2\/types\/post"}],"author":[{"embeddable":true,"href":"https:\/\/osmiss.org.ar\/news2\/wp-json\/wp\/v2\/users\/2"}],"replies":[{"embeddable":true,"href":"https:\/\/osmiss.org.ar\/news2\/wp-json\/wp\/v2\/comments?post=667"}],"version-history":[{"count":1,"href":"https:\/\/osmiss.org.ar\/news2\/wp-json\/wp\/v2\/posts\/667\/revisions"}],"predecessor-version":[{"id":860,"href":"https:\/\/osmiss.org.ar\/news2\/wp-json\/wp\/v2\/posts\/667\/revisions\/860"}],"wp:featuredmedia":[{"embeddable":true,"href":"https:\/\/osmiss.org.ar\/news2\/wp-json\/wp\/v2\/media\/276"}],"wp:attachment":[{"href":"https:\/\/osmiss.org.ar\/news2\/wp-json\/wp\/v2\/media?parent=667"}],"wp:term":[{"taxonomy":"category","embeddable":true,"href":"https:\/\/osmiss.org.ar\/news2\/wp-json\/wp\/v2\/categories?post=667"},{"taxonomy":"post_tag","embeddable":true,"href":"https:\/\/osmiss.org.ar\/news2\/wp-json\/wp\/v2\/tags?post=667"}],"curies":[{"name":"wp","href":"https:\/\/api.w.org\/{rel}","templated":true}]}}